{"id":307955,"date":"2017-01-19T00:09:50","date_gmt":"2017-01-19T06:09:50","guid":{"rendered":"http:\/\/www.diarioimagen.net\/?p=307955"},"modified":"2017-01-19T00:40:47","modified_gmt":"2017-01-19T06:40:47","slug":"entrega-eu-al-ex-gobernador-mario-villanueva","status":"publish","type":"post","link":"https:\/\/www.diarioimagen.net\/?p=307955","title":{"rendered":"Entregan a Villanueva; es recluido en Morelos"},"content":{"rendered":"<ul>\n<li><strong><em>Al ex gobernador le esperan otros seis a\u00f1os de prisi\u00f3n<\/em><\/strong><\/li>\n<\/ul>\n<p>&nbsp;<\/p>\n<div id=\"attachment_307956\" style=\"width: 470px\" class=\"wp-caption aligncenter\"><a href=\"http:\/\/www.diarioimagen.net\/?attachment_id=307956\" rel=\"attachment wp-att-307956\"><img loading=\"lazy\" decoding=\"async\" aria-describedby=\"caption-attachment-307956\" class=\"wp-image-307956 size-large\" src=\"http:\/\/www.diarioimagen.net\/wp-content\/uploads\/2017\/01\/VILLANUEVA19-PORTAL-460x268.jpg\" width=\"460\" height=\"268\" srcset=\"https:\/\/www.diarioimagen.net\/wp-content\/uploads\/2017\/01\/VILLANUEVA19-PORTAL-460x268.jpg 460w, https:\/\/www.diarioimagen.net\/wp-content\/uploads\/2017\/01\/VILLANUEVA19-PORTAL-240x140.jpg 240w, https:\/\/www.diarioimagen.net\/wp-content\/uploads\/2017\/01\/VILLANUEVA19-PORTAL.jpg 480w\" sizes=\"auto, (max-width: 460px) 100vw, 460px\" \/><\/a><p id=\"caption-attachment-307956\" class=\"wp-caption-text\">Mario Villanueva Madrid lleva 16 a\u00f1os tras las rejas en M\u00e9xico y Estados Unidos.<\/p><\/div>\n<p>&nbsp;<\/p>\n<p>El ex gobernador de Quintana Roo, Mario Villanueva Madrid, fue entregado a nuestro pa\u00eds ayer mi\u00e9rcoles por autoridades de Estados Unidos en el Aeropuerto Internacional de la Ciudad de M\u00e9xico (AICM) para que cumpla el resto de su condena de 22 a\u00f1os de prisi\u00f3n por lavado de dinero y narcotr\u00e1fico.<\/p>\n<p>Villanueva Madrid lleg\u00f3 a las 11:43 horas en el vuelo comercial 632 de Aerom\u00e9xico, procedente de Los \u00c1ngeles; pas\u00f3 por migraci\u00f3n y se le practic\u00f3 un examen m\u00e9dico.<\/p>\n<p>La Agencia de Investigaci\u00f3n Criminal recibi\u00f3 a Villanueva Madrid a las 12:40 horas en el AICM y cumpliment\u00f3 la orden de reaprehensi\u00f3n, se\u00f1al\u00f3 la Procuradur\u00eda General de la Rep\u00fablica (PGR).<\/p>\n<p>Villanueva pas\u00f3 m\u00e1s de 6 a\u00f1os y siete meses en una prisi\u00f3n de EU por el delito de lavado de dinero.<\/p>\n<p>El quintanarroense fue sentenciado en 2008 a 36 a\u00f1os con 9 meses de c\u00e1rcel, pero continu\u00f3 litigando hasta lograr que su sentencia fuera fijada en 22 a\u00f1os 7 meses.<\/p>\n<p>Fue entregado en extradici\u00f3n el 8 de mayo de 2010 y, al haberse declarado culpable de los cargos imputados, una corte federal lo sentenci\u00f3 a 131 meses de prisi\u00f3n, acredit\u00e1ndosele el tiempo que ya hab\u00eda estado detenido en M\u00e9xico antes de ser extraditado.<\/p>\n<p>A la fecha, lleva 16 a\u00f1os tras las rejas en M\u00e9xico y Estados Unidos.<\/p>\n<p>Herr\u00e1n dijo que le restan s\u00f3lo 6 a\u00f1os de sentencia a Villanueva Madrid, aunque el c\u00f3mputo de su castigo deber\u00e1 establecerlo un juez de ejecuci\u00f3n de sentencia, el cual incluso valorar\u00e1 si le conceden alg\u00fan beneficio para salir antes de prisi\u00f3n.<\/p>\n<p>La defensa de Villanueva Madrid afirm\u00f3 que un juez federal le concedi\u00f3 ser trasladado a un hospital p\u00fablico para recibir el tratamiento necesario y atender diversos padecimientos m\u00e9dicos, entre ellos, los males respiratorios.<\/p>\n<p>Entrevistado en el hangar de la PGR, en el AICM, dijo que esos son los alcances que tiene la suspensi\u00f3n de plano que les otorg\u00f3 el martes el juez Victorino Hern\u00e1ndez Infante.<\/p>\n<p>\u201cEl Juzgado Primero de Distrito en Materia de Amparo y Juicios Federales de Toluca nos concedi\u00f3 ayer la suspensi\u00f3n de plano para que no sea llevado a una prisi\u00f3n y sea internado en un hospital p\u00fablico, donde pueda recibir todos sus tratamientos m\u00e9dicos. Si las autoridades no cumplen, estar\u00edan violando una suspensi\u00f3n\u201d, coment\u00f3 Mariano Herr\u00e1n.<\/p>\n<p style=\"text-align: center;\"><strong>Es trasladado al Ceferepsi en Morelos<\/strong><\/p>\n<p>La PGR traslad\u00f3 a Mario Villanueva Madrid del hangar del AICM al Centro Federal de Rehabilitaci\u00f3n Psicosocial (Ceferepsi) en Morelos.<\/p>\n<p>En punto de las 14:35 horas, el ex gobernador sali\u00f3 en un convoy conformado por agentes de la Polic\u00eda Federal Ministerial y peritos m\u00e9dicos.<\/p>\n<p>El traslado se llev\u00f3 a cabo luego que concluyera la certificaci\u00f3n m\u00e9dica por parte de peritos de la dependencia federal y especialistas del Instituto Nacional de Enfermedades Respiratorias.<\/p>\n<p>En el Ceferepsi se encuentra una unidad de servicios m\u00e9dicos con capacidad para atender diversas enfermedades que lo aquejan, como diabetes, hipertensi\u00f3n e insuficiencia respiratoria.<\/p>\n<p>El jefe de los peritos de la PGR detall\u00f3 que Villanueva fue sometido a una certificaci\u00f3n por parte de un neum\u00f3logo del Instituto Nacional de Enfermedades Respiratorias, quien constat\u00f3 que el deportado tiene padecimientos de esta naturaleza que son tratados con inhaladores y medicamentos que ya tiene administrados.<\/p>\n","protected":false},"excerpt":{"rendered":"<p>El ex gobernador de Quintana Roo, Mario Villanueva Madrid, fue entregado a nuestro pa\u00eds ayer mi\u00e9rcoles por autoridades de Estados Unidos en el Aeropuerto Internacional de la Ciudad de M\u00e9xico (AICM) para que cumpla el resto de su condena de 22 a\u00f1os de prisi\u00f3n por lavado de dinero y narcotr\u00e1fico.<\/p>\n","protected":false},"author":5,"featured_media":307956,"comment_status":"open","ping_status":"open","sticky":false,"template":"","format":"standard","meta":{"_monsterinsights_skip_tracking":false,"_monsterinsights_sitenote_active":false,"_monsterinsights_sitenote_note":"","_monsterinsights_sitenote_category":0,"footnotes":""},"categories":[7],"tags":[177,1932,2659,6750,836,43677],"class_list":["post-307955","post","type-post","status-publish","format-standard","has-post-thumbnail","hentry","category-seguridad","tag-estados-unidos","tag-los-angeles","tag-madrid","tag-mario-villanueva-madrid","tag-morelos","tag-seguridad"],"_links":{"self":[{"href":"https:\/\/www.diarioimagen.net\/index.php?rest_route=\/wp\/v2\/posts\/307955","targetHints":{"allow":["GET"]}}],"collection":[{"href":"https:\/\/www.diarioimagen.net\/index.php?rest_route=\/wp\/v2\/posts"}],"about":[{"href":"https:\/\/www.diarioimagen.net\/index.php?rest_route=\/wp\/v2\/types\/post"}],"author":[{"embeddable":true,"href":"https:\/\/www.diarioimagen.net\/index.php?rest_route=\/wp\/v2\/users\/5"}],"replies":[{"embeddable":true,"href":"https:\/\/www.diarioimagen.net\/index.php?rest_route=%2Fwp%2Fv2%2Fcomments&post=307955"}],"version-history":[{"count":0,"href":"https:\/\/www.diarioimagen.net\/index.php?rest_route=\/wp\/v2\/posts\/307955\/revisions"}],"wp:featuredmedia":[{"embeddable":true,"href":"https:\/\/www.diarioimagen.net\/index.php?rest_route=\/wp\/v2\/media\/307956"}],"wp:attachment":[{"href":"https:\/\/www.diarioimagen.net\/index.php?rest_route=%2Fwp%2Fv2%2Fmedia&parent=307955"}],"wp:term":[{"taxonomy":"category","embeddable":true,"href":"https:\/\/www.diarioimagen.net\/index.php?rest_route=%2Fwp%2Fv2%2Fcategories&post=307955"},{"taxonomy":"post_tag","embeddable":true,"href":"https:\/\/www.diarioimagen.net\/index.php?rest_route=%2Fwp%2Fv2%2Ftags&post=307955"}],"curies":[{"name":"wp","href":"https:\/\/api.w.org\/{rel}","templated":true}]}}