{"id":308022,"date":"2017-01-19T00:08:59","date_gmt":"2017-01-19T06:08:59","guid":{"rendered":"http:\/\/www.diarioimagen.net\/?p=308022"},"modified":"2017-01-20T02:18:03","modified_gmt":"2017-01-20T08:18:03","slug":"reves-de-la-scjn-a-el-chapo-guzman","status":"publish","type":"post","link":"https:\/\/www.diarioimagen.net\/?p=308022","title":{"rendered":"Rev\u00e9s de la SCJN a \u201cEl Chapo\u201d Guzm\u00e1n"},"content":{"rendered":"<ul>\n<li><em><strong>Niegan atraer sus dos casos contra extradici\u00f3n<\/strong><\/em><\/li>\n<\/ul>\n<h6>Jos\u00e9 Luis Monta\u00f1ez<\/h6>\n<p>&nbsp;<\/p>\n<p><a href=\"http:\/\/www.diarioimagen.net\/?attachment_id=308107\" rel=\"attachment wp-att-308107\"><img loading=\"lazy\" decoding=\"async\" class=\"aligncenter size-large wp-image-308107\" src=\"http:\/\/www.diarioimagen.net\/wp-content\/uploads\/2017\/01\/CHAPO-3039-460x259.jpg\" alt=\"\" width=\"460\" height=\"259\" srcset=\"https:\/\/www.diarioimagen.net\/wp-content\/uploads\/2017\/01\/CHAPO-3039-460x259.jpg 460w, https:\/\/www.diarioimagen.net\/wp-content\/uploads\/2017\/01\/CHAPO-3039-240x135.jpg 240w, https:\/\/www.diarioimagen.net\/wp-content\/uploads\/2017\/01\/CHAPO-3039-235x132.jpg 235w, https:\/\/www.diarioimagen.net\/wp-content\/uploads\/2017\/01\/CHAPO-3039-202x114.jpg 202w, https:\/\/www.diarioimagen.net\/wp-content\/uploads\/2017\/01\/CHAPO-3039-350x196.jpg 350w, https:\/\/www.diarioimagen.net\/wp-content\/uploads\/2017\/01\/CHAPO-3039-220x123.jpg 220w, https:\/\/www.diarioimagen.net\/wp-content\/uploads\/2017\/01\/CHAPO-3039-237x132.jpg 237w, https:\/\/www.diarioimagen.net\/wp-content\/uploads\/2017\/01\/CHAPO-3039.jpg 480w\" sizes=\"auto, (max-width: 460px) 100vw, 460px\" \/><\/a><\/p>\n<p>&nbsp;<\/p>\n<p>La Primera Sala de la Suprema Corte de Justicia de la Naci\u00f3n (SCJN) di\u00f3 un nuevo rev\u00e9s al capo Joaqu\u00edn \u201cEl Chapo\u201d Guzm\u00e1n, quien pretend\u00eda que fueran atra\u00eddos los dos amparos que interpuso contra su inminente extradici\u00f3n a Estado Unidos.<\/p>\n<p>Durante la sesi\u00f3n del mi\u00e9rcoles, ni uno de los ministros quiso hacer suya la petici\u00f3n del l\u00edder del c\u00e1rtel de Sinaloa, por lo que los expedientes regresar\u00e1n al Quinto Tribunal Colegiado en Materia Penal en la Ciudad de M\u00e9xico para que se siga desahogando el juicio.<\/p>\n<p>Funcionarios opinaron que la decisi\u00f3n de los ministros, de no atraer los juicios de garant\u00edas, se debi\u00f3 porque en dichos recursos no hay aspectos de constitucionalidad que revisar, adem\u00e1s de que ya existen jurisprudencias sobre los temas que la defensa de \u201cEl Chapo\u201d argument\u00f3.<\/p>\n<p>Guzm\u00e1n Loera buscaba que la sala se pronunciara sobre posibles vicios de constitucionalidad y violaciones a tratados internacionales.<\/p>\n<p>La Corte de Distrito de California requiri\u00f3 a \u201cEl Chapo\u201d por el delito de asociaci\u00f3n delictuosa, y por importar y poseer con intenci\u00f3n de distribuir coca\u00edna.<\/p>\n<p>La Corte Federal para el Distrito Oeste de Texas, por su parte, busca enjuiciar al capo por los delitos de asociaci\u00f3n delictuosa, delincuencia organizada, contra la salud, lavado de dinero, homicidio y posesi\u00f3n de armas de fuego. En Texas, se castiga con pena de muerte el delito de homicidio.<\/p>\n<p>El narcotraficante tambi\u00e9n enfrenta cargos en las Cortes de Distrito de Arizona y de Chicago, \u00e9sta \u00faltima donde hay acusaciones casi similares a la de Nueva York.<\/p>\n<p>La fiscal\u00eda de Nueva York pretende confiscar los bienes del capo valuados en 14 mil millones de d\u00f3lares y que derivan de la distribuci\u00f3n de casi medio mill\u00f3n de kilogramos de coca\u00edna entre 2002 y 2014, a trav\u00e9s de una red criminal en la que est\u00e1n involucrados polic\u00edas corruptos, seg\u00fan lo dio a conocer en febrero de este a\u00f1o el rotativo <em>New York Times<\/em>.<\/p>\n<p>Tambi\u00e9n se le acusa de que sicarios bajo su mando perpetraron asesinatos, secuestros y cometieron actos de tortura.<\/p>\n","protected":false},"excerpt":{"rendered":"<p><span style=\"color: #005497;\">Jos\u00e9 Luis Monta\u00f1ez<\/span><br \/>\n<br \/>\nLa Primera Sala de la Suprema Corte de Justicia de la Naci\u00f3n (SCJN) di\u00f3 un nuevo rev\u00e9s al capo Joaqu\u00edn \u201cEl Chapo\u201d Guzm\u00e1n, quien pretend\u00eda que fueran atra\u00eddos los dos amparos que interpuso contra su inminente extradici\u00f3n a Estado Unidos.<\/p>\n","protected":false},"author":3,"featured_media":308107,"comment_status":"open","ping_status":"open","sticky":false,"template":"","format":"standard","meta":{"_monsterinsights_skip_tracking":false,"_monsterinsights_sitenote_active":false,"_monsterinsights_sitenote_note":"","_monsterinsights_sitenote_category":0,"footnotes":""},"categories":[7],"tags":[177,6821,2765,43673,2852,43677],"class_list":["post-308022","post","type-post","status-publish","format-standard","has-post-thumbnail","hentry","category-seguridad","tag-estados-unidos","tag-extradicion","tag-joaquin-el-chapo-guzman-loera","tag-nacional","tag-scjn","tag-seguridad"],"_links":{"self":[{"href":"https:\/\/www.diarioimagen.net\/index.php?rest_route=\/wp\/v2\/posts\/308022","targetHints":{"allow":["GET"]}}],"collection":[{"href":"https:\/\/www.diarioimagen.net\/index.php?rest_route=\/wp\/v2\/posts"}],"about":[{"href":"https:\/\/www.diarioimagen.net\/index.php?rest_route=\/wp\/v2\/types\/post"}],"author":[{"embeddable":true,"href":"https:\/\/www.diarioimagen.net\/index.php?rest_route=\/wp\/v2\/users\/3"}],"replies":[{"embeddable":true,"href":"https:\/\/www.diarioimagen.net\/index.php?rest_route=%2Fwp%2Fv2%2Fcomments&post=308022"}],"version-history":[{"count":0,"href":"https:\/\/www.diarioimagen.net\/index.php?rest_route=\/wp\/v2\/posts\/308022\/revisions"}],"wp:featuredmedia":[{"embeddable":true,"href":"https:\/\/www.diarioimagen.net\/index.php?rest_route=\/wp\/v2\/media\/308107"}],"wp:attachment":[{"href":"https:\/\/www.diarioimagen.net\/index.php?rest_route=%2Fwp%2Fv2%2Fmedia&parent=308022"}],"wp:term":[{"taxonomy":"category","embeddable":true,"href":"https:\/\/www.diarioimagen.net\/index.php?rest_route=%2Fwp%2Fv2%2Fcategories&post=308022"},{"taxonomy":"post_tag","embeddable":true,"href":"https:\/\/www.diarioimagen.net\/index.php?rest_route=%2Fwp%2Fv2%2Ftags&post=308022"}],"curies":[{"name":"wp","href":"https:\/\/api.w.org\/{rel}","templated":true}]}}