{"id":308030,"date":"2017-01-19T00:09:49","date_gmt":"2017-01-19T06:09:49","guid":{"rendered":"http:\/\/www.diarioimagen.net\/?p=308030"},"modified":"2017-01-19T04:36:18","modified_gmt":"2017-01-19T10:36:18","slug":"micros-y-taxis-suben-las-tarifas-a-su-parecer","status":"publish","type":"post","link":"https:\/\/www.diarioimagen.net\/?p=308030","title":{"rendered":"\u201cMicros\u201d y taxis suben las tarifas a su parecer"},"content":{"rendered":"<ul>\n<li><strong><em>M\u00e1s abusos<\/em><\/strong><\/li>\n<\/ul>\n<p>&nbsp;<\/p>\n<p><a href=\"http:\/\/www.diarioimagen.net\/?attachment_id=308100\" rel=\"attachment wp-att-308100\"><img loading=\"lazy\" decoding=\"async\" class=\"aligncenter size-large wp-image-308100\" src=\"http:\/\/www.diarioimagen.net\/wp-content\/uploads\/2017\/01\/microbuses-3039-460x259.jpg\" alt=\"\" width=\"460\" height=\"259\" srcset=\"https:\/\/www.diarioimagen.net\/wp-content\/uploads\/2017\/01\/microbuses-3039-460x259.jpg 460w, https:\/\/www.diarioimagen.net\/wp-content\/uploads\/2017\/01\/microbuses-3039-240x135.jpg 240w, https:\/\/www.diarioimagen.net\/wp-content\/uploads\/2017\/01\/microbuses-3039-235x132.jpg 235w, https:\/\/www.diarioimagen.net\/wp-content\/uploads\/2017\/01\/microbuses-3039-202x114.jpg 202w, https:\/\/www.diarioimagen.net\/wp-content\/uploads\/2017\/01\/microbuses-3039-350x196.jpg 350w, https:\/\/www.diarioimagen.net\/wp-content\/uploads\/2017\/01\/microbuses-3039-220x123.jpg 220w, https:\/\/www.diarioimagen.net\/wp-content\/uploads\/2017\/01\/microbuses-3039-237x132.jpg 237w, https:\/\/www.diarioimagen.net\/wp-content\/uploads\/2017\/01\/microbuses-3039.jpg 480w\" sizes=\"auto, (max-width: 460px) 100vw, 460px\" \/><\/a><\/p>\n<p>&nbsp;<\/p>\n<p>Cientos de usuarios de transporte p\u00fablico de la Ciudad de M\u00e9xico han reportado que la mayor\u00eda de operadores de microbuses y taxis subieron la tarifa sin autorizaci\u00f3n.<\/p>\n<p>Denuncian que los choferes han comenzado a cobrar hasta dos pesos m\u00e1s en el caso de los microbuses, mientras que los taxistas han alterado el tax\u00edmetro para que cobre m\u00e1s de lo normal en algunos de los trayectos.\u00a0\u00a0 Algunos de los usuarios aseguran haberse defendido de los abusos cometidos por algunos operadores del transporte p\u00fablico.<\/p>\n<p>Taxistas reconocen que el fen\u00f3meno s\u00ed ha comenzado a presentar porque el alza en el precio de los combustibles los ha afectado mucho. Indicaron que algunos, principalmente los \u201cpiratas\u201d, alteran el tax\u00edmetro para que cobre de m\u00e1s.<\/p>\n<p>Por su parte, la Secretar\u00eda de Movilidad (Semovi) y el Instituto de Verificaci\u00f3n Administrativa (INVEA) informaron por separado que hasta el momento no tienen denuncias de usuarios al respecto, pero estar\u00e1n muy atentos, para que no se presenten abusos pues a\u00fan no se ha autorizado un alza en las tarifas del transporte concesionado.<\/p>\n<p>Pusieron, adem\u00e1s, a disposici\u00f3n de los usuarios sus cuentas de redes sociales o sus tel\u00e9fonos para que estos denuncien cualquiera de estas pr\u00e1cticas. Recomendaron proporcionar n\u00famero de placas de la unidad de transporte p\u00fablico y ruta o ramal, para facilitar a las autoridades la aplicaci\u00f3n de la sanci\u00f3n.<\/p>\n<p>Seis veh\u00edculos de la empresa Uber fueron ayer mi\u00e9rcoles remitidos al corral\u00f3n por el Instituto de Verificaci\u00f3n Adminsitrativa (Invea) debido a que hac\u00edan base prohibida en calles de la colonia Roma, en la delegaci\u00f3n Cuauht\u00e9moc.<\/p>\n<p>El instituto inform\u00f3 que vecinos de la avenida Veracruz reportaron que las unidades acostumbraban hacer base mientras esperaban servicio.<\/p>\n","protected":false},"excerpt":{"rendered":"<p>Cientos de usuarios de transporte p\u00fablico de la Ciudad de M\u00e9xico han reportado que la mayor\u00eda de operadores de microbuses y taxis subieron la tarifa sin autorizaci\u00f3n.<\/p>\n","protected":false},"author":3,"featured_media":308100,"comment_status":"open","ping_status":"open","sticky":false,"template":"","format":"standard","meta":{"_monsterinsights_skip_tracking":false,"_monsterinsights_sitenote_active":false,"_monsterinsights_sitenote_note":"","_monsterinsights_sitenote_category":0,"footnotes":""},"categories":[6],"tags":[50796,204,14864,13614],"class_list":["post-308030","post","type-post","status-publish","format-standard","has-post-thumbnail","hentry","category-cd-de-mexico","tag-abuso","tag-ciudad-de-mexico","tag-incremento","tag-tarifa"],"_links":{"self":[{"href":"https:\/\/www.diarioimagen.net\/index.php?rest_route=\/wp\/v2\/posts\/308030","targetHints":{"allow":["GET"]}}],"collection":[{"href":"https:\/\/www.diarioimagen.net\/index.php?rest_route=\/wp\/v2\/posts"}],"about":[{"href":"https:\/\/www.diarioimagen.net\/index.php?rest_route=\/wp\/v2\/types\/post"}],"author":[{"embeddable":true,"href":"https:\/\/www.diarioimagen.net\/index.php?rest_route=\/wp\/v2\/users\/3"}],"replies":[{"embeddable":true,"href":"https:\/\/www.diarioimagen.net\/index.php?rest_route=%2Fwp%2Fv2%2Fcomments&post=308030"}],"version-history":[{"count":0,"href":"https:\/\/www.diarioimagen.net\/index.php?rest_route=\/wp\/v2\/posts\/308030\/revisions"}],"wp:featuredmedia":[{"embeddable":true,"href":"https:\/\/www.diarioimagen.net\/index.php?rest_route=\/wp\/v2\/media\/308100"}],"wp:attachment":[{"href":"https:\/\/www.diarioimagen.net\/index.php?rest_route=%2Fwp%2Fv2%2Fmedia&parent=308030"}],"wp:term":[{"taxonomy":"category","embeddable":true,"href":"https:\/\/www.diarioimagen.net\/index.php?rest_route=%2Fwp%2Fv2%2Fcategories&post=308030"},{"taxonomy":"post_tag","embeddable":true,"href":"https:\/\/www.diarioimagen.net\/index.php?rest_route=%2Fwp%2Fv2%2Ftags&post=308030"}],"curies":[{"name":"wp","href":"https:\/\/api.w.org\/{rel}","templated":true}]}}