{"id":308039,"date":"2017-01-19T00:06:44","date_gmt":"2017-01-19T06:06:44","guid":{"rendered":"http:\/\/www.diarioimagen.net\/?p=308039"},"modified":"2017-01-20T02:17:51","modified_gmt":"2017-01-20T08:17:51","slug":"mexico-preparado-para-fortalecer-relacion-con-eu","status":"publish","type":"post","link":"https:\/\/www.diarioimagen.net\/?p=308039","title":{"rendered":"M\u00e9xico, preparado para fortalecer relaci\u00f3n con EU"},"content":{"rendered":"<ul>\n<li><strong><em>V\u00ednculos trascienden administraciones: Meade<\/em><\/strong><\/li>\n<\/ul>\n<p>&nbsp;<\/p>\n<div id=\"attachment_308115\" style=\"width: 470px\" class=\"wp-caption aligncenter\"><a href=\"http:\/\/www.diarioimagen.net\/?attachment_id=308115\" rel=\"attachment wp-att-308115\"><img loading=\"lazy\" decoding=\"async\" aria-describedby=\"caption-attachment-308115\" class=\"size-large wp-image-308115\" src=\"http:\/\/www.diarioimagen.net\/wp-content\/uploads\/2017\/01\/MEADE1-3039-460x259.jpg\" alt=\"\" width=\"460\" height=\"259\" srcset=\"https:\/\/www.diarioimagen.net\/wp-content\/uploads\/2017\/01\/MEADE1-3039-460x259.jpg 460w, https:\/\/www.diarioimagen.net\/wp-content\/uploads\/2017\/01\/MEADE1-3039-240x135.jpg 240w, https:\/\/www.diarioimagen.net\/wp-content\/uploads\/2017\/01\/MEADE1-3039-235x132.jpg 235w, https:\/\/www.diarioimagen.net\/wp-content\/uploads\/2017\/01\/MEADE1-3039-202x114.jpg 202w, https:\/\/www.diarioimagen.net\/wp-content\/uploads\/2017\/01\/MEADE1-3039-350x196.jpg 350w, https:\/\/www.diarioimagen.net\/wp-content\/uploads\/2017\/01\/MEADE1-3039-220x123.jpg 220w, https:\/\/www.diarioimagen.net\/wp-content\/uploads\/2017\/01\/MEADE1-3039-237x132.jpg 237w, https:\/\/www.diarioimagen.net\/wp-content\/uploads\/2017\/01\/MEADE1-3039.jpg 480w\" sizes=\"auto, (max-width: 460px) 100vw, 460px\" \/><\/a><p id=\"caption-attachment-308115\" class=\"wp-caption-text\">Jos\u00e9 Antonio Meade conf\u00eda en fortalecer la relaci\u00f3n econ\u00f3mica con el nuevo gobierno de Estados Unidos.<\/p><\/div>\n<p>&nbsp;<\/p>\n<p>M\u00e9xico est\u00e1 preparado para continuar y fortalecer la relaci\u00f3n econ\u00f3mica con el nuevo gobierno de Estados Unidos en todos sus \u00e1mbitos, asever\u00f3 el secretario de Hacienda, Jos\u00e9 Antonio Meade Kuribre\u00f1a.<\/p>\n<p>La relaci\u00f3n entre M\u00e9xico y Estados Unidos trasciende las administraciones, y con factores econ\u00f3micos, comerciales, financieros y demogr\u00e1ficos en paralelo. \u201cSi tomamos en cuenta los n\u00fameros y fundamentos de dicha relaci\u00f3n, nos damos cuenta que debemos seguir a trav\u00e9s del di\u00e1logo impulsando prosperidad en ambos lados de la frontera\u201d, se\u00f1al\u00f3.<\/p>\n<p>Al participar en la XXI Conferencia Latinoamericana organizada por el Grupo Financiero Santander, asegur\u00f3 que la econom\u00eda mexicana cuenta con fundamentos macroecon\u00f3micos s\u00f3lidos para enfrentar los retos inmediatos que derivan de un entorno complejo y vol\u00e1til a nivel mundial, caracterizado por un bajo crecimiento econ\u00f3mico y por diversos factores geopol\u00edticos.<\/p>\n<p>Ante empresarios e inversionistas, el encargado de las finanzas p\u00fablicas del pa\u00eds coment\u00f3 que los efectos de la incertidumbre sobre la pol\u00edtica monetaria de Estados Unidos en M\u00e9xico deber\u00e1n atenuarse a trav\u00e9s de la mejora esperada en la econom\u00eda estadounidense.<\/p>\n<p>Adem\u00e1s, dijo, hay una amplia contribuci\u00f3n de millones de mexicanos en el desarrollo econ\u00f3mico del pa\u00eds y, a la par, en Estados Unidos, donde los connacionales participan en todos los sectores econ\u00f3micos elevando la productividad de ambas regiones.<\/p>\n<p>Meade Kuribre\u00f1a resalt\u00f3 que M\u00e9xico es el primer o segundo socio comercial de 29 de los 50 estados de Estados Unidos, los mexicanos contribuyen con cerca del 8.0 por ciento del Producto Interno Bruto del pa\u00eds vecino, y todos los d\u00edas, un mill\u00f3n de personas y 370 mil veh\u00edculos cruzan la frontera legalmente.<\/p>\n<p>En un comunicado, la SHCP inform\u00f3 que durante el evento, los inversionistas extranjeros con presencia en la regi\u00f3n Latinoamericana escucharon por parte de Meade Kuribre\u00f1a los elementos de fortaleza que han acompa\u00f1ado a la econom\u00eda nacional y que le permiten seguir creciendo, como la pol\u00edtica fiscal, monetaria y un sistema de consolidaci\u00f3n fiscal.<\/p>\n<p>&nbsp;<\/p>\n","protected":false},"excerpt":{"rendered":"<p>M\u00e9xico est\u00e1 preparado para continuar y fortalecer la relaci\u00f3n econ\u00f3mica con el nuevo gobierno de Estados Unidos en todos sus \u00e1mbitos, asever\u00f3 el secretario de Hacienda, Jos\u00e9 Antonio Meade Kuribre\u00f1a.<\/p>\n","protected":false},"author":3,"featured_media":308115,"comment_status":"open","ping_status":"open","sticky":false,"template":"","format":"standard","meta":{"_monsterinsights_skip_tracking":false,"_monsterinsights_sitenote_active":false,"_monsterinsights_sitenote_note":"","_monsterinsights_sitenote_category":0,"footnotes":""},"categories":[8],"tags":[177,26429,33188,1101],"class_list":["post-308039","post","type-post","status-publish","format-standard","has-post-thumbnail","hentry","category-finanzas","tag-estados-unidos","tag-jose-antonio-meade-kuribrena","tag-relaciones","tag-secretaria-de-hacienda-y-credito-publico"],"_links":{"self":[{"href":"https:\/\/www.diarioimagen.net\/index.php?rest_route=\/wp\/v2\/posts\/308039","targetHints":{"allow":["GET"]}}],"collection":[{"href":"https:\/\/www.diarioimagen.net\/index.php?rest_route=\/wp\/v2\/posts"}],"about":[{"href":"https:\/\/www.diarioimagen.net\/index.php?rest_route=\/wp\/v2\/types\/post"}],"author":[{"embeddable":true,"href":"https:\/\/www.diarioimagen.net\/index.php?rest_route=\/wp\/v2\/users\/3"}],"replies":[{"embeddable":true,"href":"https:\/\/www.diarioimagen.net\/index.php?rest_route=%2Fwp%2Fv2%2Fcomments&post=308039"}],"version-history":[{"count":0,"href":"https:\/\/www.diarioimagen.net\/index.php?rest_route=\/wp\/v2\/posts\/308039\/revisions"}],"wp:featuredmedia":[{"embeddable":true,"href":"https:\/\/www.diarioimagen.net\/index.php?rest_route=\/wp\/v2\/media\/308115"}],"wp:attachment":[{"href":"https:\/\/www.diarioimagen.net\/index.php?rest_route=%2Fwp%2Fv2%2Fmedia&parent=308039"}],"wp:term":[{"taxonomy":"category","embeddable":true,"href":"https:\/\/www.diarioimagen.net\/index.php?rest_route=%2Fwp%2Fv2%2Fcategories&post=308039"},{"taxonomy":"post_tag","embeddable":true,"href":"https:\/\/www.diarioimagen.net\/index.php?rest_route=%2Fwp%2Fv2%2Ftags&post=308039"}],"curies":[{"name":"wp","href":"https:\/\/api.w.org\/{rel}","templated":true}]}}