{"id":308053,"date":"2017-01-19T00:04:50","date_gmt":"2017-01-19T06:04:50","guid":{"rendered":"http:\/\/www.diarioimagen.net\/?p=308053"},"modified":"2017-01-19T04:59:10","modified_gmt":"2017-01-19T10:59:10","slug":"implementa-metepec-campana-permanente-de-acopio-de-unicel","status":"publish","type":"post","link":"https:\/\/www.diarioimagen.net\/?p=308053","title":{"rendered":"Implementa Metepec campa\u00f1a permanente de acopio de unicel"},"content":{"rendered":"<p><a href=\"http:\/\/www.diarioimagen.net\/?attachment_id=308132\" rel=\"attachment wp-att-308132\"><img loading=\"lazy\" decoding=\"async\" class=\"aligncenter size-large wp-image-308132\" src=\"http:\/\/www.diarioimagen.net\/wp-content\/uploads\/2017\/01\/METEPEC-3039-460x259.jpg\" alt=\"\" width=\"460\" height=\"259\" srcset=\"https:\/\/www.diarioimagen.net\/wp-content\/uploads\/2017\/01\/METEPEC-3039-460x259.jpg 460w, https:\/\/www.diarioimagen.net\/wp-content\/uploads\/2017\/01\/METEPEC-3039-240x135.jpg 240w, https:\/\/www.diarioimagen.net\/wp-content\/uploads\/2017\/01\/METEPEC-3039-235x132.jpg 235w, https:\/\/www.diarioimagen.net\/wp-content\/uploads\/2017\/01\/METEPEC-3039-202x114.jpg 202w, https:\/\/www.diarioimagen.net\/wp-content\/uploads\/2017\/01\/METEPEC-3039-350x196.jpg 350w, https:\/\/www.diarioimagen.net\/wp-content\/uploads\/2017\/01\/METEPEC-3039-220x123.jpg 220w, https:\/\/www.diarioimagen.net\/wp-content\/uploads\/2017\/01\/METEPEC-3039-237x132.jpg 237w, https:\/\/www.diarioimagen.net\/wp-content\/uploads\/2017\/01\/METEPEC-3039.jpg 480w\" sizes=\"auto, (max-width: 460px) 100vw, 460px\" \/><\/a><\/p>\n<p>&nbsp;<\/p>\n<p><strong>Metepec, Estado de M\u00e9xico.-\u00a0<\/strong>Como parte de las acciones sustentables que lleva a cabo el gobierno de Metepec para prevenir da\u00f1os a la salud y mitigar la contaminaci\u00f3n ambiental, estren\u00f3 la campa\u00f1a permanente de acopio de unicel, permitiendo con ello, darle un destino \u00fatil y evitar que sea un desecho.<\/p>\n<p>El director de Medio Ambiente, H\u00e9ctor Agust\u00edn Orell\u00e1n Tavera, inform\u00f3 que la administraci\u00f3n municipal cre\u00f3 una alianza estrat\u00e9gica con dos empresas de la entidad, especializadas en el tratamiento de dicho material, para elaborar resinas y fabricar\u00a0blocks de construcci\u00f3n que se realizan a base de piedra extrusiva, poliestireno expandido (mezcla de polivinilos), cemento y agua tratada.<\/p>\n","protected":false},"excerpt":{"rendered":"<p>Como parte de las acciones sustentables que lleva a cabo el gobierno de Metepec para prevenir da\u00f1os a la salud y mitigar la contaminaci\u00f3n ambiental, estren\u00f3 la campa\u00f1a permanente de acopio de unicel, permitiendo con ello, darle un destino \u00fatil y evitar que sea un desecho.<\/p>\n","protected":false},"author":3,"featured_media":308132,"comment_status":"open","ping_status":"open","sticky":false,"template":"","format":"standard","meta":{"_monsterinsights_skip_tracking":false,"_monsterinsights_sitenote_active":false,"_monsterinsights_sitenote_note":"","_monsterinsights_sitenote_category":0,"footnotes":""},"categories":[35155],"tags":[55855,43675,876],"class_list":["post-308053","post","type-post","status-publish","format-standard","has-post-thumbnail","hentry","category-estado-de-mexico-estado-de-mexico","tag-acopio","tag-estado-de-mexico","tag-metepec"],"_links":{"self":[{"href":"https:\/\/www.diarioimagen.net\/index.php?rest_route=\/wp\/v2\/posts\/308053","targetHints":{"allow":["GET"]}}],"collection":[{"href":"https:\/\/www.diarioimagen.net\/index.php?rest_route=\/wp\/v2\/posts"}],"about":[{"href":"https:\/\/www.diarioimagen.net\/index.php?rest_route=\/wp\/v2\/types\/post"}],"author":[{"embeddable":true,"href":"https:\/\/www.diarioimagen.net\/index.php?rest_route=\/wp\/v2\/users\/3"}],"replies":[{"embeddable":true,"href":"https:\/\/www.diarioimagen.net\/index.php?rest_route=%2Fwp%2Fv2%2Fcomments&post=308053"}],"version-history":[{"count":0,"href":"https:\/\/www.diarioimagen.net\/index.php?rest_route=\/wp\/v2\/posts\/308053\/revisions"}],"wp:featuredmedia":[{"embeddable":true,"href":"https:\/\/www.diarioimagen.net\/index.php?rest_route=\/wp\/v2\/media\/308132"}],"wp:attachment":[{"href":"https:\/\/www.diarioimagen.net\/index.php?rest_route=%2Fwp%2Fv2%2Fmedia&parent=308053"}],"wp:term":[{"taxonomy":"category","embeddable":true,"href":"https:\/\/www.diarioimagen.net\/index.php?rest_route=%2Fwp%2Fv2%2Fcategories&post=308053"},{"taxonomy":"post_tag","embeddable":true,"href":"https:\/\/www.diarioimagen.net\/index.php?rest_route=%2Fwp%2Fv2%2Ftags&post=308053"}],"curies":[{"name":"wp","href":"https:\/\/api.w.org\/{rel}","templated":true}]}}