{"id":308055,"date":"2017-01-19T00:03:06","date_gmt":"2017-01-19T06:03:06","guid":{"rendered":"http:\/\/www.diarioimagen.net\/?p=308055"},"modified":"2017-01-19T05:00:54","modified_gmt":"2017-01-19T11:00:54","slug":"invita-cruz-roa-a-aprovechar-descuentos-fiscales-de-este-ano","status":"publish","type":"post","link":"https:\/\/www.diarioimagen.net\/?p=308055","title":{"rendered":"Invita Cruz Roa a aprovechar descuentos fiscales de este a\u00f1o"},"content":{"rendered":"<ul>\n<li><strong><em>Para integrantes de grupos vulnerables<\/em><\/strong><\/li>\n<\/ul>\n<p>&nbsp;<\/p>\n<div id=\"attachment_308135\" style=\"width: 259px\" class=\"wp-caption alignleft\"><a href=\"http:\/\/www.diarioimagen.net\/?attachment_id=308135\" rel=\"attachment wp-att-308135\"><img loading=\"lazy\" decoding=\"async\" aria-describedby=\"caption-attachment-308135\" class=\" wp-image-308135\" src=\"http:\/\/www.diarioimagen.net\/wp-content\/uploads\/2017\/01\/LEGISLATURA-3039-409x460.jpg\" alt=\"\" width=\"249\" height=\"280\" srcset=\"https:\/\/www.diarioimagen.net\/wp-content\/uploads\/2017\/01\/LEGISLATURA-3039-409x460.jpg 409w, https:\/\/www.diarioimagen.net\/wp-content\/uploads\/2017\/01\/LEGISLATURA-3039-213x240.jpg 213w, https:\/\/www.diarioimagen.net\/wp-content\/uploads\/2017\/01\/LEGISLATURA-3039.jpg 700w\" sizes=\"auto, (max-width: 249px) 100vw, 249px\" \/><\/a><p id=\"caption-attachment-308135\" class=\"wp-caption-text\">El presidente de la Junta de Coordinaci\u00f3n Pol\u00edtica, Cruz Roa S\u00e1nchez, invit\u00f3 a aprovechar los descuentos y bonificaciones en el pago del predial y agua potable para grupos vulnerables.<\/p><\/div>\n<p>El diputado Cruz Roa S\u00e1nchez, presidente de la Junta de Coordinaci\u00f3n Pol\u00edtica, invit\u00f3 a aprovechar los descuentos y bonificaciones en el pago del predial y agua potable para integrantes de grupos vulnerables, por pago anticipado y por ser contribuyentes cumplidos, as\u00ed como en la regularizaci\u00f3n de adeudos, establecidos en el Paquete Fiscal de la entidad aprobado por la 59 Legislatura mexiquense para este a\u00f1o.<\/p>\n<p>Explic\u00f3 que los diputados locales mexiquenses aprobaron en diciembre pasado que los pensionados, jubilados, hu\u00e9rfanos menores de 18 a\u00f1os, personas con discapacidad, adultos mayores, viudas o viudos, madres solteras sin ingresos fijos y aquellas personas cuya percepci\u00f3n diaria no rebase tres salarios m\u00ednimos podr\u00e1n recibir una bonificaci\u00f3n de hasta 34 por ciento en el pago del Impuesto Predial y de hasta 38 por ciento en el pago de los derechos por el suministro de agua potable, drenaje, alcantarillado y recepci\u00f3n de los caudales de aguas residuales.<\/p>\n<p>Asimismo, que los contribuyentes que realicen el pago anticipado del impuesto predial reciban durante este mes, febrero y marzo una bonificaci\u00f3n de 8, 6 y 4 por ciento, respectivamente, adem\u00e1s de un est\u00edmulo por cumplimiento en el pago de los dos \u00faltimos a\u00f1os, cuando se efect\u00fae de manera puntual, quedando los porcentajes de bonificaci\u00f3n adicional de 8, 6 y 2 aplicables para los meses de enero, febrero y marzo, respectivamente.<\/p>\n<p>El tambi\u00e9n coordinador del grupo parlamentario del PRI destac\u00f3 que, de acuerdo con la propuesta del gobernador Eruviel \u00c1vila Villegas, tambi\u00e9n fueron aprobadas bonificaciones de hasta 50 por ciento en el monto del Impuesto Predial por los ejercicios fiscales 2015 y anteriores a los propietarios o poseedores de inmuebles destinados a casa habitaci\u00f3n, cuando se presenten a regularizar sus adeudos.<\/p>\n<p>Respecto a los derechos de agua potable, drenaje y alcantarillado, quienes realicen su pago de manera anticipada y en una sola exhibici\u00f3n durante los meses de enero, febrero y marzo ser\u00e1n beneficiarios de una bonificaci\u00f3n de 8, 6 y 4 por ciento, respectivamente, mientras que aquellos que hayan cubierto sus obligaciones fiscales en los \u00faltimos dos a\u00f1os dentro de los plazos establecidos gozar\u00e1n de un est\u00edmulo adicional por cumplimiento, de 4 por ciento en enero y 2 por ciento en febrero.<\/p>\n<p>&nbsp;<\/p>\n","protected":false},"excerpt":{"rendered":"<p>El diputado Cruz Roa S\u00e1nchez, presidente de la Junta de Coordinaci\u00f3n Pol\u00edtica, invit\u00f3 a aprovechar los descuentos y bonificaciones en el pago del predial y agua potable para integrantes de grupos vulnerables, por pago anticipado y por ser contribuyentes cumplidos, as\u00ed como en la regularizaci\u00f3n de adeudos, establecidos en el Paquete Fiscal de la entidad aprobado por la 59 Legislatura mexiquense para este a\u00f1o.<\/p>\n","protected":false},"author":3,"featured_media":308135,"comment_status":"open","ping_status":"open","sticky":false,"template":"","format":"standard","meta":{"_monsterinsights_skip_tracking":false,"_monsterinsights_sitenote_active":false,"_monsterinsights_sitenote_note":"","_monsterinsights_sitenote_category":0,"footnotes":""},"categories":[35155],"tags":[919],"class_list":["post-308055","post","type-post","status-publish","format-standard","has-post-thumbnail","hentry","category-estado-de-mexico-estado-de-mexico","tag-cruz-roja"],"_links":{"self":[{"href":"https:\/\/www.diarioimagen.net\/index.php?rest_route=\/wp\/v2\/posts\/308055","targetHints":{"allow":["GET"]}}],"collection":[{"href":"https:\/\/www.diarioimagen.net\/index.php?rest_route=\/wp\/v2\/posts"}],"about":[{"href":"https:\/\/www.diarioimagen.net\/index.php?rest_route=\/wp\/v2\/types\/post"}],"author":[{"embeddable":true,"href":"https:\/\/www.diarioimagen.net\/index.php?rest_route=\/wp\/v2\/users\/3"}],"replies":[{"embeddable":true,"href":"https:\/\/www.diarioimagen.net\/index.php?rest_route=%2Fwp%2Fv2%2Fcomments&post=308055"}],"version-history":[{"count":0,"href":"https:\/\/www.diarioimagen.net\/index.php?rest_route=\/wp\/v2\/posts\/308055\/revisions"}],"wp:featuredmedia":[{"embeddable":true,"href":"https:\/\/www.diarioimagen.net\/index.php?rest_route=\/wp\/v2\/media\/308135"}],"wp:attachment":[{"href":"https:\/\/www.diarioimagen.net\/index.php?rest_route=%2Fwp%2Fv2%2Fmedia&parent=308055"}],"wp:term":[{"taxonomy":"category","embeddable":true,"href":"https:\/\/www.diarioimagen.net\/index.php?rest_route=%2Fwp%2Fv2%2Fcategories&post=308055"},{"taxonomy":"post_tag","embeddable":true,"href":"https:\/\/www.diarioimagen.net\/index.php?rest_route=%2Fwp%2Fv2%2Ftags&post=308055"}],"curies":[{"name":"wp","href":"https:\/\/api.w.org\/{rel}","templated":true}]}}