{"id":308080,"date":"2017-01-19T00:09:59","date_gmt":"2017-01-19T06:09:59","guid":{"rendered":"http:\/\/www.diarioimagen.net\/?p=308080"},"modified":"2017-01-19T06:04:09","modified_gmt":"2017-01-19T12:04:09","slug":"no-resuelven-ni-la-tabla-del-uno","status":"publish","type":"post","link":"https:\/\/www.diarioimagen.net\/?p=308080","title":{"rendered":"No resuelven \u00a1ni la tabla del uno!"},"content":{"rendered":"<h2>\u00cdndice pol\u00edtico<\/h2>\n<h5>Francisco Rodr\u00edguez<\/h5>\n<p>&nbsp;<\/p>\n<div id=\"attachment_308167\" style=\"width: 470px\" class=\"wp-caption aligncenter\"><a href=\"http:\/\/www.diarioimagen.net\/?attachment_id=308167\" rel=\"attachment wp-att-308167\"><img loading=\"lazy\" decoding=\"async\" aria-describedby=\"caption-attachment-308167\" class=\"size-large wp-image-308167\" src=\"http:\/\/www.diarioimagen.net\/wp-content\/uploads\/2017\/01\/guero-agradecido-LUIS-XAVIER-3039-460x355.jpg\" alt=\"\" width=\"460\" height=\"355\" srcset=\"https:\/\/www.diarioimagen.net\/wp-content\/uploads\/2017\/01\/guero-agradecido-LUIS-XAVIER-3039-460x355.jpg 460w, https:\/\/www.diarioimagen.net\/wp-content\/uploads\/2017\/01\/guero-agradecido-LUIS-XAVIER-3039-240x185.jpg 240w, https:\/\/www.diarioimagen.net\/wp-content\/uploads\/2017\/01\/guero-agradecido-LUIS-XAVIER-3039-768x593.jpg 768w, https:\/\/www.diarioimagen.net\/wp-content\/uploads\/2017\/01\/guero-agradecido-LUIS-XAVIER-3039.jpg 1200w\" sizes=\"auto, (max-width: 460px) 100vw, 460px\" \/><\/a><p id=\"caption-attachment-308167\" class=\"wp-caption-text\">G\u00fcero agradecido&#8230; | Luis Xavier<\/p><\/div>\n<p>&nbsp;<\/p>\n<p>M\u00e9xico est\u00e1 enfrentado a resolver un c\u00edrculo cuadrado. Un rompecabezas que ha sido complicado en grado extremo por las actitudes, modos y decisiones de los llegados al poder. Los gasolinazos asestados en plenas vacaciones, precipitaron un angustioso cuadro de estanflaci\u00f3n galopante, recesi\u00f3n, devaluaci\u00f3n y crispaci\u00f3n social sin antecedente hist\u00f3rico. Nunca se hab\u00edan presentado juntos todos los indicadores macabros.<\/p>\n<p>Y es cierto. Hemos llegado al l\u00edmite de un Estado incapaz, la expresi\u00f3n m\u00e1s acabada de un gobierno fallido en todas las l\u00edneas. Negado para cumplir sus obligaciones con los m\u00ednimos de empleo, salario, educaci\u00f3n, salud, vivienda, infraestructura y producci\u00f3n de alimentos, una cosa as\u00ed no puede sostener el contenido de ninguna forma de mando, ni debe ser llamado gobierno, ni en teor\u00eda ni pr\u00e1cticamente.<\/p>\n<p>Si a lo anterior agregamos \u200ela devaluaci\u00f3n de la moneda en m\u00e1s del 60% de su valor apenas hace cuatro a\u00f1os, la extinci\u00f3n de los ingresos reales, la incapacidad para traer inversi\u00f3n, para hacer una pol\u00edtica de productividad, la imposibilidad de crecer econ\u00f3micamente m\u00e1s arriba de un mediocre 2% anual del PIB, y la p\u00e9rdida del di\u00e1logo con todos los sectores sociales y los grupos de inter\u00e9s y de presi\u00f3n, esto m\u00e1s que una tragedia, es una verg\u00fcenza.<\/p>\n<p style=\"text-align: center;\"><strong>Cada d\u00eda descendemos un pelda\u00f1o m\u00e1s hacia la barbarie<\/strong><\/p>\n<p>Si usted seguramente le a\u00f1ade a lo anterior que los mexicanos cotidianamente sufrimos una dosis letal de pol\u00edticas p\u00fablicas insulsas que han secado la planta industrial del pa\u00eds y el circulante monetario est\u00e1 reducido a cero, mientras la emigraci\u00f3n contin\u00faa aumentando, coincidir\u00e1 en que estamos atrapados en el peor mundo posible.<\/p>\n<p>Cada d\u00eda que pasa descendemos un pelda\u00f1o m\u00e1s hacia la barbarie. Los mexicanos jam\u00e1s hemos padecido un gobierno as\u00ed, que potencializa la corrupci\u00f3n en todos sus niveles y sectores de la administraci\u00f3n, se muestra imp\u00e1vido para hacer algo en los indicadores b\u00e1sicos de la subsistencia de la poblaci\u00f3n.<\/p>\n<p>Lleg\u00f3 para quedarse entre nosotros el fantasma que amenaza a todas las econom\u00edas del mundo, y del que todos se quieren deshacer de inmediato, tomando providencias urgentes y necesarias: la pavorosa\u00a0 estanflaci\u00f3n, una mezcla de lo peor que combina estancamiento, inflaci\u00f3n, devaluaci\u00f3n y retroceso econ\u00f3mico en todos los \u00edndices cuantificables.<\/p>\n<p style=\"text-align: center;\"><strong>La imbecilidad total\u2026 y abordamos \u201cLa Nave de los Locos\u201d<\/strong><\/p>\n<p>Aqu\u00ed en el rancho grande parece que la esperaban, porque conviven con \u00e9l sin prestarle atenci\u00f3n o sin saber de qu\u00e9 se trata. O las dos cosas juntas. Las medidas que han tomado por presiones y mandatos\u00a0 de los mismos a los que entregaron las industrias Pemex y CFE, como condici\u00f3n para seguirnos explotando con mayor fiereza. Aunque muchos te\u00f3ricos le han llamado a este cuadro de desorganizaci\u00f3n econ\u00f3mica total \u201csubirse a la nave de los locos\u201d, temo que en nuestro caso esto sea m\u00e1s grave, porque no s\u00f3lo se ha afectado irreversiblemente la estructura econ\u00f3mica, sino la social y pol\u00edtica, han incendiado la nave de los enajenados, a base de creer que le est\u00e1n echando agua\u2026 \u00a1y es gasolina!<\/p>\n<p>No hay un solo indicador de la convivencia de la sociedad que no est\u00e9 afectado por la insensatez de los gasolinazos. Tampoco hay un solo indicador que est\u00e9 en las manos del gobierno resolver. Se ha entregado todo, hasta el modito de andar. No tiene un solo instrumento de compensaci\u00f3n ni de correcci\u00f3n, menos de ajuste. Peor, imposible.<\/p>\n<p style=\"text-align: center;\"><strong>Por ellos, la convivencia nacional est\u00e1 pervertida de cuajo<\/strong><\/p>\n<p>Todos los esfuerzos \u2014de alguna manera hay que llamarlos\u2014 para controlar los niveles de inflaci\u00f3n se han salido de madre. Las recetas que dictaba la ortodoxia del monetarismo y de los indicadores macroecon\u00f3micos rigurosamente observables para gobiernos obedientes del FMI y del neoliberalismo, fracasan estrepitosamente.<\/p>\n<p>La falta de crecimiento y la explosi\u00f3n desmesurada de precios de todos los productos b\u00e1sicos de bienes y servicios atrapan a la sociedad, de por s\u00ed castigada por la falta de ingresos y de empleo, m\u00e1s la represi\u00f3n a las garant\u00edas individuales y la falta de justicia, tambi\u00e9n sometida al mercado clientelar de la oferta y la demanda. Vea lo que ha sucedido apenas en Quintana Roo, y entender\u00e1 claramente.<\/p>\n<p>Los precios de los productos, la justicia en tribunales y juzgados y las garant\u00edas individuales son potestad exclusiva, ya no de la autoridad complicitada, sino de los due\u00f1os del dinero y de la compra de conciencias. No s\u00f3lo las relaciones obrero-patronales y las relaciones v\u00edctima-victimario, sino la convivencia nacional est\u00e1 pervertida, desde sus ra\u00edces, y ya no hay para d\u00f3nde hacerse.<\/p>\n<p style=\"text-align: center;\"><strong>Aqu\u00ed no funcionar\u00eda la receta: robar menos y ponerse a trabajar<\/strong><\/p>\n<p>Asistimos a la redondez perfecta de un mercado de compradores, como el que se desarrolla en cualquier transacci\u00f3n o negocio de productos tangibles. El gobernado no tiene un solo asidero para guarecerse, o siquiera ponerse al socaire de la devastaci\u00f3n moral que encabezan los mentecatos. No hay inversi\u00f3n p\u00fablica ni gasto social elemental. Ni confianza en el gobierno para invertir de parte de los convocados y surtidos empresarios trasnacionales: desconf\u00edan de su palabra, esquivan sus ambiciosas pretensiones de quedarse con todo lo que est\u00e9 mal acomodado. Lo han demostrado palmariamente. Su codicia no tiene l\u00edmites.<\/p>\n<p>Si para cualquier gobierno en el mundo la soluci\u00f3n para abordar este problema de estanflaci\u00f3n galopante con crisis pol\u00edtica y social, ser\u00eda objetivamente robar menos y ponerse a trabajar, de antemano aqu\u00ed fracasar\u00eda el remedio y el trapito. Si la soluci\u00f3n fuera aplicar la ley para castigar a los desalmados e indolentes, esta f\u00f3rmula no puede aplicarse, porque no habr\u00eda quien cerrara la bartolina.<\/p>\n<p style=\"text-align: center;\"><strong>Y peor, el gabinete no funciona<\/strong><\/p>\n<p>El gobierno anda perdido. No sin antes enjaretarnos discursos Pe\u00f1a Nieto dice que ya tiene pensada la soluci\u00f3n a nuestros males.<\/p>\n<p>Manda a decir desde que ver\u00e1 la posibilidad de hacer unos cambios en el gabinete para afrontar la llegada al poder de Donald Trump. Trata de engancharse a modo. Y \u00a1nombra a Videgaray canciller! \u00bfSabr\u00e1 lo que hizo?<\/p>\n<p>Porque, si eso fuera verdad, no s\u00f3lo han fallado los secretarios de Hacienda, Econom\u00eda, Trabajo. Ha fallado todo el equipo, no hay qui\u00e9n se salve. Nadie ha podido hacer una obra, generar una idea, crear un empleo, hacer una casa, excepto las suyas en Lomas y Malinalco, dise\u00f1ar un programa de trabajo, esbozar una intenci\u00f3n\u2026 absolutamente nada.<\/p>\n<p>Entonces, \u00bfa qui\u00e9n va a remover de su puesto, si nadie sirve, y cero m\u00e1s cero seguir\u00e1 dando cero? Nunca ha habido, dentro del cuadro desastroso de los de Zacazonapan un solo individuo o estrella provinciana que pueda enfrentar m\u00e1s dificultad que la tabla del uno. Y arriesgamos mucho, es demasiado pedirles.<\/p>\n<p style=\"text-align: center;\"><strong>No supieron por d\u00f3nde empezar, menos qu\u00e9 corregir ahora<\/strong><\/p>\n<p>La situaci\u00f3n del pa\u00eds es demasiado desesperada para poder ser enfrentada por aqu\u00e9llos que la prohijaron con demenciales actitudes principescas, con soluciones que no alcanzan ni para sacar un perro a mear. Es m\u00e1s, nunca han sabido por d\u00f3nde empezar, mucho menos van a saber qu\u00e9 es lo que se debe de rectificar. As\u00ed de sencillo. Tan cerca y tan lejos.<\/p>\n<p>El gobierno y sus modelos ha destrozado miserablemente al pa\u00eds. Ya es un ejemplo continental de la incapacidad y un \u00edcono de los mayores logros de corrupci\u00f3n p\u00fablica.<\/p>\n<p>No deben buscar a los culpables: son todos ellos.<\/p>\n<p>\u00bfNo cree usted?<\/p>\n<p><strong><em>\u00cdndice Flam\u00edgero<\/em><\/strong><em>: <\/em>Aclaraci\u00f3n pertinente: El sinaloense David L\u00f3pez Guti\u00e9rrez, ex vocero de EPN en el gobierno mexiquense y la mitad del sexenio en Los Pinos, no es informador del <strong>\u00cdndice Pol\u00edtico<\/strong>. No pasa tips ni, menos, sugiere temas a tratar. Sus cr\u00edticas a Pe\u00f1a Nieto son feroces y hacen palidecer a las que en este espacio se publican. Vale insistir: el escribidor se desliga de este personaje, hipercr\u00edtico del Presidente de la Rep\u00fablica. + + + Ahora que \u00e9ste ha anunciado ventajas fiscales para quienes regresen al pa\u00eds sus capitales golondrinos, cabe pregunta si su favorito Juan Armando Hinojosa (Grupo Higa), retornar\u00e1 a territorio nacional los 100 millones de d\u00f3lares que expatri\u00f3 cuando estall\u00f3 el esc\u00e1ndalo de la Casa Blanca de las Lomas. Recu\u00e9rdese que esta <em>lanota <\/em>y su ruta hacia para\u00edsos fiscales apareci\u00f3 en los <em>Panama Papers<\/em>. \u00bfVienen de vuelta, Juan Armando? \u00bfO se los sigues guardando a aqu\u00e9l? + + + Me llena de orgullo ser amigo del pol\u00edtico, ex legislador y escritor Manuel Solares Mendiola, quien ayer me envi\u00f3 esta misiva: \u201cEste a\u00f1o el mundo se averg\u00fcenza porque debe recordar, casi a \u201cweeeeebooo\u201d, el quincuag\u00e9simo aniversario de la lamentable \u2014para los latinoamericanos\u2014 muerte del gran comandante de nuestros pueblos, <em>El Che<\/em> Guevara, un personaje que todav\u00eda no acabo de entender, como alguna vez me dijo Silvio (Rodr\u00edguez), de qu\u00e9 galaxia ven\u00eda. Acompa\u00f1ando a mi amigo a un concierto que dio en el 2011 en el Estadio Nacional de Santiago \u2014donde, como recuerdas, masacraron a los chilenos de nuestra generaci\u00f3n\u2014 \u00e9l dec\u00eda \u2018conque Cuba s\u00ed, yanquis no. Pronto, espero que digamos Cuba s\u00ed, yankis, tambi\u00e9n\u2019. Hoy lo recuerdo, tarareando la canci\u00f3n que le dio a Carlos Puebla, t\u00fa estoy seguro que tambi\u00e9n lo har\u00edas. Una vez le dije a Nicol\u00e1s Guill\u00e9n en su bodega de Ron Matusalem, en Varadero, frente a mi Raquel Balmori (la que te platiqu\u00e9 que se enrol\u00f3 y muri\u00f3 en la defensa de Angola) que s\u00ed, que en nuestros pueblos se quedaba la clara, la entra\u00f1able transparencia de esa querida presencia.\u200e De ese argentino que la prensa de la Guerra Fr\u00eda vituperaba porque no era cubano. Porque los latinoamericanos no tenemos que buscar mucho para encontrarnos con los angustiados gritos de la libertad, de la que eres un gran estandarte en M\u00e9xico, quieras aceptarlo o no. \u00bfQui\u00e9nes somos para no saber que tenemos y debemos recibir en la cara el aire fresco de la libertad y de la felicidad, junto a nuestro pueblo? Ernesto Guevara y su recuerdo permanente me han hecho recordar que todos tenemos un compromiso ineludible con lo que deseamos sea el futuro, apoyado en las experiencias del periodismo combativo de la segunda mitad del siglo XIX. \u200eSin caer en los errores de Fidel. Tenemos que recordar siempre a las figuras m\u00e1s valiosas de nuestra generaci\u00f3n.\u201d Gracias, Manuel, por tus conceptos sobre mi trabajo. Gracias, tambi\u00e9n, por avisar que pronto estar\u00e1 con nosotros el gran Silvio Rodr\u00edguez.<\/p>\n<p><em><a href=\"http:\/\/www.indicepolitico.com\/\" target=\"_blank\">www.indicepolitico.com<\/a><\/em><br \/>\n<em><a href=\"mailto:pacorodriguez@journalist.com\" target=\"_blank\">pacorodriguez@journalist.com<\/a><\/em><br \/>\n<em> <a href=\"https:\/\/twitter.com\/pacorodriguez\" target=\"_blank\">@pacorodriguez<\/a><\/em><\/p>\n","protected":false},"excerpt":{"rendered":"<p><span style=\"color: #005497;\"><strong>Francisco Rodr\u00edguez<\/strong><\/span><br \/>\n<br \/>\nM\u00e9xico est\u00e1 enfrentado a resolver un c\u00edrculo cuadrado. Un rompecabezas que ha sido complicado en grado extremo por las actitudes, modos y decisiones de los llegados al poder.<\/p>\n","protected":false},"author":3,"featured_media":308167,"comment_status":"open","ping_status":"open","sticky":false,"template":"","format":"standard","meta":{"_monsterinsights_skip_tracking":false,"_monsterinsights_sitenote_active":false,"_monsterinsights_sitenote_note":"","_monsterinsights_sitenote_category":0,"footnotes":""},"categories":[549],"tags":[43689,550,43674],"class_list":["post-308080","post","type-post","status-publish","format-standard","has-post-thumbnail","hentry","category-francisco-rodriguez","tag-francisco-rodriguez","tag-indice-politico","tag-opinion"],"_links":{"self":[{"href":"https:\/\/www.diarioimagen.net\/index.php?rest_route=\/wp\/v2\/posts\/308080","targetHints":{"allow":["GET"]}}],"collection":[{"href":"https:\/\/www.diarioimagen.net\/index.php?rest_route=\/wp\/v2\/posts"}],"about":[{"href":"https:\/\/www.diarioimagen.net\/index.php?rest_route=\/wp\/v2\/types\/post"}],"author":[{"embeddable":true,"href":"https:\/\/www.diarioimagen.net\/index.php?rest_route=\/wp\/v2\/users\/3"}],"replies":[{"embeddable":true,"href":"https:\/\/www.diarioimagen.net\/index.php?rest_route=%2Fwp%2Fv2%2Fcomments&post=308080"}],"version-history":[{"count":0,"href":"https:\/\/www.diarioimagen.net\/index.php?rest_route=\/wp\/v2\/posts\/308080\/revisions"}],"wp:featuredmedia":[{"embeddable":true,"href":"https:\/\/www.diarioimagen.net\/index.php?rest_route=\/wp\/v2\/media\/308167"}],"wp:attachment":[{"href":"https:\/\/www.diarioimagen.net\/index.php?rest_route=%2Fwp%2Fv2%2Fmedia&parent=308080"}],"wp:term":[{"taxonomy":"category","embeddable":true,"href":"https:\/\/www.diarioimagen.net\/index.php?rest_route=%2Fwp%2Fv2%2Fcategories&post=308080"},{"taxonomy":"post_tag","embeddable":true,"href":"https:\/\/www.diarioimagen.net\/index.php?rest_route=%2Fwp%2Fv2%2Ftags&post=308080"}],"curies":[{"name":"wp","href":"https:\/\/api.w.org\/{rel}","templated":true}]}}