{"id":308086,"date":"2017-01-19T00:07:08","date_gmt":"2017-01-19T06:07:08","guid":{"rendered":"http:\/\/www.diarioimagen.net\/?p=308086"},"modified":"2017-01-19T06:01:00","modified_gmt":"2017-01-19T12:01:00","slug":"resistencia-de-migrantes","status":"publish","type":"post","link":"https:\/\/www.diarioimagen.net\/?p=308086","title":{"rendered":"Resistencia de migrantes"},"content":{"rendered":"<h2>Punto por punto<\/h2>\n<h5>Augusto Corro<\/h5>\n<p>&nbsp;<\/p>\n<div id=\"attachment_308160\" style=\"width: 470px\" class=\"wp-caption aligncenter\"><a href=\"http:\/\/www.diarioimagen.net\/?attachment_id=308160\" rel=\"attachment wp-att-308160\"><img loading=\"lazy\" decoding=\"async\" aria-describedby=\"caption-attachment-308160\" class=\"size-large wp-image-308160\" src=\"http:\/\/www.diarioimagen.net\/wp-content\/uploads\/2017\/01\/violencia-y-mas-violencia-MARAL-3039-460x287.jpg\" alt=\"\" width=\"460\" height=\"287\" srcset=\"https:\/\/www.diarioimagen.net\/wp-content\/uploads\/2017\/01\/violencia-y-mas-violencia-MARAL-3039-460x287.jpg 460w, https:\/\/www.diarioimagen.net\/wp-content\/uploads\/2017\/01\/violencia-y-mas-violencia-MARAL-3039-240x150.jpg 240w, https:\/\/www.diarioimagen.net\/wp-content\/uploads\/2017\/01\/violencia-y-mas-violencia-MARAL-3039-768x479.jpg 768w, https:\/\/www.diarioimagen.net\/wp-content\/uploads\/2017\/01\/violencia-y-mas-violencia-MARAL-3039.jpg 1200w\" sizes=\"auto, (max-width: 460px) 100vw, 460px\" \/><\/a><p id=\"caption-attachment-308160\" class=\"wp-caption-text\">Violencia y m\u00e1s violencia&#8230; Maral<\/p><\/div>\n<p>&nbsp;<\/p>\n<p>El problema de los migrantes es mundial y amenaza con agudizarse, pues se deriva de la pobreza, la inseguridad y las guerras.<\/p>\n<p>A lo anterior debe sumarse la insensibilidad de los gobiernos racistas, xen\u00f3fobos, en general discriminatorios que nada quieren saber de los extranjeros que buscan trabajo, asilo y refugio.<\/p>\n<p>Cada una de esas personas que abandonan sus pa\u00edses de origen sufren dramas diferentes. Algunos en su calidad de indocumentados los espera la c\u00e1rcel o la deportaci\u00f3n inmediata.<\/p>\n<p>En much\u00edsimos casos pagan con sus vidas durante el \u00e9xodo. As\u00ed por ejemplo, el Mar Mediterr\u00e1neo ya es un cementerio acu\u00e1tico que recibi\u00f3 los cuerpos de los ilegales que mueren en los naufragios de las naves que no soportan el peso de la carga que llevan.<\/p>\n<p>Esas tragedias mar\u00edtimas tambi\u00e9n alcanzan a los ni\u00f1os que viajan con la familia. Por donde se vea esta problem\u00e1tica social arroja una cadena de injusticias sin soluci\u00f3n.<\/p>\n<p>Uno de esos conflictos tiene visos de agravarse en Estados Unidos, donde el pr\u00f3ximo presidente, Donald Trump, se convirti\u00f3 en el terror de los inmigrantes de diferentes partes del mundo que no tienen una estancia legal, pues amenaz\u00f3 con deportarlos apenas asuma el poder.<\/p>\n<p>Entre los indocumentados que odia el empresario multimillonario metido a pol\u00edtico se encuentran los mexicanos a quienes calific\u00f3 de violadores y delincuentes, desde el inicio de su campa\u00f1a rumbo a la Casa Blanca.<\/p>\n<p>Una vez\u00a0 que conoci\u00f3 su triunfo Donald recalc\u00f3 que para empezar tres millones de indocumentados ser\u00e1n encarcelados o expulsados de EU, entre estos los criminales y quienes tengan antecedentes delincuenciales.<\/p>\n<p>Tras la deportaci\u00f3n, el mandatario dijo que su gobierno decidir\u00e1 qu\u00e9 hacer con el resto de los ilegales. Sin duda, la deportaci\u00f3n masiva se incrementar\u00e1 en los pa\u00edses de Am\u00e9rica Latina, con un sinn\u00famero de conflictos sociales como son los siguientes: desempleo, violencia, inseguridad, pobreza, etc.<\/p>\n<p>Si los migrantes abandonaron sus hogares en busca de mejores condiciones de vida, alejarse de la pobreza, regresar a lo mismo no ser\u00e1 f\u00e1cil; y aquellos que huyeron hacia otro pa\u00eds por temor a la delincuencia organizada, tampoco desear\u00e1n retornar a vivir con la angustia de las balaceras, secuestros y extorsiones.<\/p>\n<p>Para M\u00e9xico, el problema es may\u00fasculo, porque no solo tiene que resolver la situaci\u00f3n de los connacionales que una vez deportados tendr\u00e1n que conseguir empleo.<\/p>\n<p>Nuestro pa\u00eds no est\u00e1 en condiciones de ofrecer fuentes de empleo. \u00bfY la ola de migrantes de los pa\u00edses centroamericanos que llegan a M\u00e9xico que les espera? \u00bfQu\u00e9 ocurrir\u00e1 con los hacinamientos de miles de extranjeros que esperan la oportunidad de cruzar la frontera?<\/p>\n<p>Y se vive en toda su intensidad el drama de los haitianos y de los chinos que habitan en condiciones infrahumanas.<\/p>\n<p>Miles de migrantes centroamericanos cruzan por nuestro territorio rumbo a EU. Esa actividad que realizan los extranjeros desde hace muchos a\u00f1os ahora es m\u00e1s constante y desafortunadamente participan miles de ni\u00f1os que viajan solos y tienen como destino encontrar a sus familiares en el vecino pa\u00eds del norte, sin importarles los peligros que tienen que enfrentar.<\/p>\n<p>A grandes rasgos es lo que ocurre en diferentes partes del mundo con el fen\u00f3meno migratorio. No es nada nuevo, pero si amenaza con crecer, pues a los gobiernos de los diferentes pa\u00edses involucrados en el conflicto migratorio poco o nada les interesa resolverlo.<\/p>\n<p>Se ignora cu\u00e1l ser\u00e1 la pol\u00edtica para aprovechar la mano de obra que llegar\u00e1 con las deportaciones. Nada har\u00e1 que Trump cambie su pol\u00edtica de expulsar a los extranjeros, aunque no ser\u00e1 tan f\u00e1cil como lo supone.<\/p>\n<p>En EU, con motivo del D\u00eda Internacional del Migrante, que se celebra el 18 de diciembre, miles de personas en ciudades del vecino pa\u00eds, como Los Angeles y Nueva York, se reunieron para demostrar su \u201cresistencia al gobierno de Trump\u201d.<\/p>\n<p>El hecho se interpret\u00f3 como una advertencia al empresario para que reflexione sobre lo que piensa hacer con sus planes antiinmigrantes.<\/p>\n<p>A las manifestaciones asistieron funcionarios p\u00fablicos de California, donde la poblaci\u00f3n es mayoritariamente mexicana, decidieron defender a los inmigrantes. En Latinoam\u00e9rica tambi\u00e9n tendr\u00edan que desarrollarse programas para enfrentar la amenaza que representa Trump, pero no parece que esto pudiera ocurrir. Prefieren que los migrantes huyan de sus pa\u00edses porque no tuvieron la oportunidad de conseguir empleos, seguridad, y en general una mejor calidad de vida.<\/p>\n<p>Con un presidente estadounidense racista, xen\u00f3fobo, como Trump, el futuro de los inmigrantes ya es incierto.\u00a0 Ojal\u00e1 y est\u00e9 equivocado.<\/p>\n<p><em><a href=\"mailto:aco2742@hotmail.com\" target=\"_blank\">aco2742@hotmail.com<\/a><\/em><\/p>\n","protected":false},"excerpt":{"rendered":"<p><span style=\"color: #005497;\"><strong>Augusto Corro<\/strong><\/span><br \/>\n<br \/>\nEl problema de los migrantes es mundial y amenaza con agudizarse, pues se deriva de la pobreza, la inseguridad y las guerras.<\/p>\n","protected":false},"author":3,"featured_media":308160,"comment_status":"open","ping_status":"open","sticky":false,"template":"","format":"standard","meta":{"_monsterinsights_skip_tracking":false,"_monsterinsights_sitenote_active":false,"_monsterinsights_sitenote_note":"","_monsterinsights_sitenote_category":0,"footnotes":""},"categories":[157],"tags":[43686,43674,11515],"class_list":["post-308086","post","type-post","status-publish","format-standard","has-post-thumbnail","hentry","category-augusto-corro","tag-augusto-corro","tag-opinion","tag-punto-por-punto"],"_links":{"self":[{"href":"https:\/\/www.diarioimagen.net\/index.php?rest_route=\/wp\/v2\/posts\/308086","targetHints":{"allow":["GET"]}}],"collection":[{"href":"https:\/\/www.diarioimagen.net\/index.php?rest_route=\/wp\/v2\/posts"}],"about":[{"href":"https:\/\/www.diarioimagen.net\/index.php?rest_route=\/wp\/v2\/types\/post"}],"author":[{"embeddable":true,"href":"https:\/\/www.diarioimagen.net\/index.php?rest_route=\/wp\/v2\/users\/3"}],"replies":[{"embeddable":true,"href":"https:\/\/www.diarioimagen.net\/index.php?rest_route=%2Fwp%2Fv2%2Fcomments&post=308086"}],"version-history":[{"count":0,"href":"https:\/\/www.diarioimagen.net\/index.php?rest_route=\/wp\/v2\/posts\/308086\/revisions"}],"wp:featuredmedia":[{"embeddable":true,"href":"https:\/\/www.diarioimagen.net\/index.php?rest_route=\/wp\/v2\/media\/308160"}],"wp:attachment":[{"href":"https:\/\/www.diarioimagen.net\/index.php?rest_route=%2Fwp%2Fv2%2Fmedia&parent=308086"}],"wp:term":[{"taxonomy":"category","embeddable":true,"href":"https:\/\/www.diarioimagen.net\/index.php?rest_route=%2Fwp%2Fv2%2Fcategories&post=308086"},{"taxonomy":"post_tag","embeddable":true,"href":"https:\/\/www.diarioimagen.net\/index.php?rest_route=%2Fwp%2Fv2%2Ftags&post=308086"}],"curies":[{"name":"wp","href":"https:\/\/api.w.org\/{rel}","templated":true}]}}