{"id":308091,"date":"2017-01-19T00:05:21","date_gmt":"2017-01-19T06:05:21","guid":{"rendered":"http:\/\/www.diarioimagen.net\/?p=308091"},"modified":"2017-01-19T04:32:52","modified_gmt":"2017-01-19T10:32:52","slug":"otro-chantaje-de-yunes","status":"publish","type":"post","link":"https:\/\/www.diarioimagen.net\/?p=308091","title":{"rendered":"\u00bfOtro chantaje de Yunes?"},"content":{"rendered":"<h2>Poder y dinero<\/h2>\n<h5>V\u00edctor S\u00e1nchez Ba\u00f1os<\/h5>\n<p>&nbsp;<\/p>\n<p style=\"text-align: right;\"><em><strong>No juzgues cada d\u00eda por la cosecha que recoges, sino por las semillas que plantas.<\/strong><br \/>\nRobert Louis Stevenson (1850-1894) Escritor brit\u00e1nico.<\/em><\/p>\n<p>&nbsp;<\/p>\n<p>El gobernador de Veracruz, el panista Miguel \u00c1ngel Yunes, denunci\u00f3 que en la administraci\u00f3n de su antecesor, Javier Duarte de Ochoa, criminalmente se inyect\u00f3 agua destilada en lugar de quimioterapias a cientos de ni\u00f1os con c\u00e1ncer. Una denuncia vieja, pero no es menos importante por la gravedad delos hechos.<\/p>\n<p>Se tiene conocimiento en expedientes que datan del 2010, que la empresa que le vendi\u00f3 estos medicamentos, que generalmente son muy caros, fue Especialidades M\u00e9dicas del Sureste Xalapa, una empresa que ten\u00eda la responsabilidad de distribuirle a los hospitales del gobierno veracruzano medicamentos para el tratamiento de enfermedades de alto impacto, como c\u00e1ncer o VIH. Esta, con lazos con pol\u00edticos locales.<\/p>\n<p>Al amparo del poder pol\u00edtico, distribuyeron en el sector salud veracruzano una falsificaci\u00f3n del medicamento Avastin, especializado para quimioterapias desde el gobierno de Fidel Herrera Beltr\u00e1n y, presuntamente, al amparo y protecci\u00f3n de su secretario de Finanzas y despu\u00e9s gobernador, Javier Duarte. Fue as\u00ed que en julio del 2010, m\u00e9dicos detectaron impurezas en uno de los frascos con la soluci\u00f3n inyectable.<\/p>\n<p>Precisamente un mes despu\u00e9s de las elecciones que gan\u00f3 Duarte, se inform\u00f3 de las anomal\u00edas y pidieron la intervenci\u00f3n de los laboratorios fabricantes, en este caso la francesa Roche Syntex de M\u00e9xico, para el an\u00e1lisis. El resultado fue sorpresivo; la ampolleta con supuestamente Avastin, no conten\u00eda quimioterapia, agua y quiz\u00e1 \u201ctalco\u201d. De inmediato, se dio aviso a la Secretar\u00eda de Salud, donde se cambiaba de mando entre Jos\u00e9 C\u00f3rdova y Salom\u00f3n Chertorivski, y nada avanz\u00f3. Todo ello en el gobierno de Felipe Calder\u00f3n.<\/p>\n<p>En aquellos d\u00edas, se ocult\u00f3 la informaci\u00f3n y cientos de ni\u00f1os con c\u00e1ncer no recibieron tratamiento y posiblemente murieron a consecuencia de ello o no tuvieron una calidad de vida mejor. \u00bfCu\u00e1ntos medicamentos de falsificadores se venden en farmacias o se distribuyen en el sector salud? \u00bfD\u00f3nde est\u00e1n los sistemas de control del gobierno federal?<\/p>\n<p>Estos actos criminales no deben quedar impunes, ni el gobernador Yunes debe ocultar para su beneficio pol\u00edtico los nombres de los responsables. Si, en algunos casos, posiblemente este crimen haya prescrito, los pol\u00edticos deben cumplir con la responsabilidad de se\u00f1alar a los criminales y nunca, pero nunca m\u00e1s comprar sus productos. \u00a1Ya basta!<\/p>\n<p><strong>PODEROSOS CABALLEROS<\/strong>.- Los pri\u00edstas revivieron en la Comisi\u00f3n Permanente un viejo proyecto de disminuci\u00f3n de los legisladores plurinominales, los \u201cnacidos para ganar\u201d. Carlos Ram\u00edrez Mar\u00edn, a nombre de legisladores tricolores y en aras de \u201capoyar los ahorros\u201d presupuestales, pidieron se analice que desaparezcan 100 diputados y 32 senadores plurinominales, luego de que cumpli\u00f3 su funci\u00f3n de \u201cescuchar\u201d a las minor\u00edas. La verdad es que muchos pluris y de mayor\u00eda, s\u00f3lo son en grupo legislativo que no son \u00fatiles para el pa\u00eds. Pero, ni modo, as\u00ed es la democracia mexicana. *** Quienes filtraron la grabaci\u00f3n de la pl\u00e1tica entre el ex vocero de Enrique Pe\u00f1a Nieto, David L\u00f3pez, y el ex gobernador mexiquense Alfredo del Mazo, ten\u00edan un solo objetivo: sacar de la candidatura a la gubernatura del Edomex, a Alfredo del Mazo Jr. Buscan influir en el primer c\u00edrculo pol\u00edtico de Pe\u00f1a que tomar\u00eda la decisi\u00f3n sobre qui\u00e9n ser\u00eda \u00e9l o la aspirante a la silla que hoy ocupa Eruviel \u00c1vila en el gobierno del Estado de M\u00e9xico. En realidad, lo dicho por David L\u00f3pez y Del Mazo, es una verdad que circula por todos lados donde se hable de econom\u00eda y pol\u00edtica. *** Triste lo ocurrido en el Colegio Americano del Noreste de Monterrey. Un joven armado dispara contra una maestra y alumnos.<\/p>\n<p><strong>AL FINAL DE CUENTAS<\/strong>: El municipio de Chalco, Estado de M\u00e9xico, mantiene un perfil \u201cadecuado\u201d en el manejo de su deuda, de acuerdo a la calificadora Fitch Ratings. Registr\u00f3 ingresos totales por 1,078.4 millones de pesos, lo que representa un crecimiento anual de 28.6%, de los cuales 36.2% correspondieron a ingresos propios. Este indicador es superior a lo observado en la mediana del Grupo de Municipios calificados por Fitch de 27.1%. Sin embargo, los niveles de pobreza son lacerantes y la optimizaci\u00f3n en la distribuci\u00f3n de servicios p\u00fablicos en el gobierno de alcalde Juan Manuel Carvajal, es deplorable a decir de sus gobernados.<\/p>\n<p><strong>RESPONSABILIDAD SOCIAL CORPORATIVA<\/strong>.- Recientemente, m\u00e1s de 300 voluntarios del municipio de Tec\u00e1mac, Estado de M\u00e9xico, as\u00ed como de Grupo Pe\u00f1afiel y la asociaci\u00f3n sin fines de lucro KaBoom!, construyeron un parque recreativo infantil en el deportivo Sierra Hermosa, que beneficiar\u00e1 en promedio a mil ni\u00f1os al a\u00f1o, que ya empezaron disfrutar de estas instalaciones seguras. \u201cEl parque es el n\u00famero 2 mil 888 que construimos e inauguramos desde la fundaci\u00f3n de KaBoom! En 1996\u201d, explic\u00f3 Gabriela Mena, miembro de esa organizaci\u00f3n estadounidense sin fines de lucro.<\/p>\n<p><a href=\"mailto:vsanchezb@gmail.com\" target=\"_blank\"><em>vsanchezb@gmail.com<br \/>\n<\/em><\/a><em><strong>Twitter:<\/strong><a href=\"https:\/\/twitter.com\/vsanchezbanos\" target=\"_blank\">@vsanchezbano<br \/>\n<\/a><\/em><em><strong>Facebook:\u00a0<\/strong><a href=\"https:\/\/www.facebook.com\/vsanchezbanos?fref=ts\" target=\"_blank\">vsanchezbano<\/a><\/em><\/p>\n","protected":false},"excerpt":{"rendered":"<p><span style=\"color: #005497;\"><strong>V\u00edctor S\u00e1nchez Ba\u00f1os<\/strong><\/span><\/p>\n","protected":false},"author":3,"featured_media":0,"comment_status":"open","ping_status":"open","sticky":false,"template":"","format":"standard","meta":{"_monsterinsights_skip_tracking":false,"_monsterinsights_sitenote_active":false,"_monsterinsights_sitenote_note":"","_monsterinsights_sitenote_category":0,"footnotes":""},"categories":[38844],"tags":[43674,38847,38848],"class_list":["post-308091","post","type-post","status-publish","format-standard","hentry","category-victor-sanchez-banos","tag-opinion","tag-poder-y-dinero","tag-victor-sanchez-banos"],"_links":{"self":[{"href":"https:\/\/www.diarioimagen.net\/index.php?rest_route=\/wp\/v2\/posts\/308091","targetHints":{"allow":["GET"]}}],"collection":[{"href":"https:\/\/www.diarioimagen.net\/index.php?rest_route=\/wp\/v2\/posts"}],"about":[{"href":"https:\/\/www.diarioimagen.net\/index.php?rest_route=\/wp\/v2\/types\/post"}],"author":[{"embeddable":true,"href":"https:\/\/www.diarioimagen.net\/index.php?rest_route=\/wp\/v2\/users\/3"}],"replies":[{"embeddable":true,"href":"https:\/\/www.diarioimagen.net\/index.php?rest_route=%2Fwp%2Fv2%2Fcomments&post=308091"}],"version-history":[{"count":0,"href":"https:\/\/www.diarioimagen.net\/index.php?rest_route=\/wp\/v2\/posts\/308091\/revisions"}],"wp:attachment":[{"href":"https:\/\/www.diarioimagen.net\/index.php?rest_route=%2Fwp%2Fv2%2Fmedia&parent=308091"}],"wp:term":[{"taxonomy":"category","embeddable":true,"href":"https:\/\/www.diarioimagen.net\/index.php?rest_route=%2Fwp%2Fv2%2Fcategories&post=308091"},{"taxonomy":"post_tag","embeddable":true,"href":"https:\/\/www.diarioimagen.net\/index.php?rest_route=%2Fwp%2Fv2%2Ftags&post=308091"}],"curies":[{"name":"wp","href":"https:\/\/api.w.org\/{rel}","templated":true}]}}