{"id":308112,"date":"2017-01-19T00:01:41","date_gmt":"2017-01-19T06:01:41","guid":{"rendered":"http:\/\/www.diarioimagen.net\/?p=308112"},"modified":"2017-01-19T04:44:41","modified_gmt":"2017-01-19T10:44:41","slug":"chiquitolina-a-la-democracia","status":"publish","type":"post","link":"https:\/\/www.diarioimagen.net\/?p=308112","title":{"rendered":"\u201cChiquitolina\u201d a la democracia"},"content":{"rendered":"<h2>De pe a pa<\/h2>\n<h5>Alberto Vieyra G.<\/h5>\n<p>&nbsp;<\/p>\n<p>\u00bf\u201cChiquitolina\u201d a la democracia m\u00e1s cara del mundo? \u00a1Estupendo!<\/p>\n<p>Pero qu\u00e9 es eso de la \u201cchiquitolina\u201d. Se trata de unas\u00a0 imaginarias pastillas que tomaba el personaje del <em>Chapul\u00edn Colorado <\/em>para hacerse chiquito.<\/p>\n<p>Ser\u00eda Roberto G\u00f3mez Bola\u00f1os el creador de ese vocablo, que hoy le queda como anillo al dedo a la democracia totonaca que est\u00e1 a punto de tomar \u201cchiquitolina\u201d para reducir a 400 diputados la C\u00e1mara baja y 96 senadores la C\u00e1mara alta.<\/p>\n<p>\u00bfC\u00f3mo fue que los mexicanos llegamos a mantener a tanto z\u00e1ngano en las curules y los esca\u00f1os? Veamos.<\/p>\n<p>En septiembre de 1979, y en momentos en que M\u00e9xico nadaba en petr\u00f3leo, el entonces presidente, Jos\u00e9 L\u00f3pez Portillo, autorizar\u00eda el inicio de la construcci\u00f3n del actual Palacio Legislativo de San L\u00e1zaro en el lugar que se conoci\u00f3 como la Estaci\u00f3n de Ferrocarriles de San L\u00e1zaro.<\/p>\n<p>La nueva sede legislativa albergar\u00eda no s\u00f3lo a la C\u00e1mara Federal de Diputados sino tambi\u00e9n al Senado de la Rep\u00fablica, es decir, ser\u00eda la sede del Congreso Nacional, pero finalmente los senadores resultaron rezongones aduciendo que \u201ccomo en pol\u00edtica, hay niveles\u201d, la C\u00e1mara alta seguir\u00eda en su vieja sede de Xicot\u00e9ncatl #9, en el Centro Hist\u00f3rico de la Ciudad de M\u00e9xico.<\/p>\n<p>La LI Legislatura Federal se estrenar\u00eda el 1 de septiembre de 1981 con 400 diputados federales, en el quinto informe de Jos\u00e9 L\u00f3pez Portillo. La LII y LIII Legislatura de la C\u00e1mara de diputados tendr\u00edan la misma conformaci\u00f3n que la LI: 400 legisladores en total, 300 de mayor\u00eda relativa y 100 de representaci\u00f3n proporcional.<\/p>\n<p>La LIV Legislatura se estrenar\u00eda con 500 diputados federales gracias a la reforma pol\u00edtico-electoral, promovida por Miguel de la Madrid, en 1986, que inclu\u00eda que un senador, por cada estado del pa\u00eds, ser\u00eda electo por tres a\u00f1os y el segundo por seis a\u00f1os.<\/p>\n<p>\u00bfPor qu\u00e9 hago historia?<\/p>\n<p>Los diputados pri\u00edstas se acordaron que tienen presidente de la Rep\u00fablica y se llama Enrique Pe\u00f1a Nieto, quien hace cuatro a\u00f1os envi\u00f3 una iniciativa de ley al Congreso para reducir la C\u00e1mara baja a 400 diputados y el Senado a 96 esca\u00f1os.<\/p>\n<p>S\u00ed, el pri\u00edsmo saca de la congeladora la \u201cchiquitolina\u201d para d\u00e1rsela a la democracia en las elecciones federales del 2018, y por si fuera poco tambi\u00e9n se pretende reducir al 50 por ciento el presupuesto que a\u00f1o con a\u00f1o destinamos los mexicanos a la ponzo\u00f1osa partidocracia para que no hagan pol\u00edtica con saliva y para que nos crucifiquen cuando ya est\u00e9n en el poder.<\/p>\n<p>La iniciativa pe\u00f1ista es rescatada en momentos en que cunde por todo el pa\u00eds la irritaci\u00f3n social por el gasolinazo, es decir que Pe\u00f1a Nieto nos dio una pu\u00f1alada trapera por la espalda, que hoy busca curar con una sobadita d\u00e1ndole \u201cchiquitolina\u201d a la democracia mexicana que es la m\u00e1s cara del mundo. 100 diputados y 32 senadores menos.<\/p>\n<p><a href=\"mailto:%20%20info@agenciamn.com\" target=\"_blank\"><em>info@agenciamn.com<\/em><\/a><\/p>\n","protected":false},"excerpt":{"rendered":"<p><span><span style=\"color: #005497;\"><strong>Alberto Vieyra G.<\/strong><\/span><\/span><\/p>\n","protected":false},"author":3,"featured_media":0,"comment_status":"open","ping_status":"open","sticky":false,"template":"","format":"standard","meta":{"_monsterinsights_skip_tracking":false,"_monsterinsights_sitenote_active":false,"_monsterinsights_sitenote_note":"","_monsterinsights_sitenote_category":0,"footnotes":""},"categories":[4596],"tags":[43697,4597,43674],"class_list":["post-308112","post","type-post","status-publish","format-standard","hentry","category-alberto-vieyra-g","tag-alberto-vieyra-g","tag-de-pe-a-pa","tag-opinion"],"_links":{"self":[{"href":"https:\/\/www.diarioimagen.net\/index.php?rest_route=\/wp\/v2\/posts\/308112","targetHints":{"allow":["GET"]}}],"collection":[{"href":"https:\/\/www.diarioimagen.net\/index.php?rest_route=\/wp\/v2\/posts"}],"about":[{"href":"https:\/\/www.diarioimagen.net\/index.php?rest_route=\/wp\/v2\/types\/post"}],"author":[{"embeddable":true,"href":"https:\/\/www.diarioimagen.net\/index.php?rest_route=\/wp\/v2\/users\/3"}],"replies":[{"embeddable":true,"href":"https:\/\/www.diarioimagen.net\/index.php?rest_route=%2Fwp%2Fv2%2Fcomments&post=308112"}],"version-history":[{"count":0,"href":"https:\/\/www.diarioimagen.net\/index.php?rest_route=\/wp\/v2\/posts\/308112\/revisions"}],"wp:attachment":[{"href":"https:\/\/www.diarioimagen.net\/index.php?rest_route=%2Fwp%2Fv2%2Fmedia&parent=308112"}],"wp:term":[{"taxonomy":"category","embeddable":true,"href":"https:\/\/www.diarioimagen.net\/index.php?rest_route=%2Fwp%2Fv2%2Fcategories&post=308112"},{"taxonomy":"post_tag","embeddable":true,"href":"https:\/\/www.diarioimagen.net\/index.php?rest_route=%2Fwp%2Fv2%2Ftags&post=308112"}],"curies":[{"name":"wp","href":"https:\/\/api.w.org\/{rel}","templated":true}]}}