{"id":308300,"date":"2017-01-20T00:06:26","date_gmt":"2017-01-20T06:06:26","guid":{"rendered":"http:\/\/www.diarioimagen.net\/?p=308300"},"modified":"2017-01-20T02:31:09","modified_gmt":"2017-01-20T08:31:09","slug":"renueva-el-suteym-a-delegados-en-areas-de-gobierno-de-naucalpan","status":"publish","type":"post","link":"https:\/\/www.diarioimagen.net\/?p=308300","title":{"rendered":"Renueva el SUTEyM a delegados en \u00e1reas de gobierno de Naucalpan"},"content":{"rendered":"<ul>\n<li><strong><em>Ambiente democr\u00e1tico y transparente<\/em><\/strong><\/li>\n<\/ul>\n<p>&nbsp;<\/p>\n<div id=\"attachment_308352\" style=\"width: 470px\" class=\"wp-caption aligncenter\"><a href=\"http:\/\/www.diarioimagen.net\/?attachment_id=308352\" rel=\"attachment wp-att-308352\"><img loading=\"lazy\" decoding=\"async\" aria-describedby=\"caption-attachment-308352\" class=\"size-large wp-image-308352\" src=\"http:\/\/www.diarioimagen.net\/wp-content\/uploads\/2017\/01\/NAUCALPAN-3040-460x259.jpg\" alt=\"\" width=\"460\" height=\"259\" srcset=\"https:\/\/www.diarioimagen.net\/wp-content\/uploads\/2017\/01\/NAUCALPAN-3040-460x259.jpg 460w, https:\/\/www.diarioimagen.net\/wp-content\/uploads\/2017\/01\/NAUCALPAN-3040-240x135.jpg 240w, https:\/\/www.diarioimagen.net\/wp-content\/uploads\/2017\/01\/NAUCALPAN-3040-235x132.jpg 235w, https:\/\/www.diarioimagen.net\/wp-content\/uploads\/2017\/01\/NAUCALPAN-3040-202x114.jpg 202w, https:\/\/www.diarioimagen.net\/wp-content\/uploads\/2017\/01\/NAUCALPAN-3040-350x196.jpg 350w, https:\/\/www.diarioimagen.net\/wp-content\/uploads\/2017\/01\/NAUCALPAN-3040-220x123.jpg 220w, https:\/\/www.diarioimagen.net\/wp-content\/uploads\/2017\/01\/NAUCALPAN-3040-237x132.jpg 237w, https:\/\/www.diarioimagen.net\/wp-content\/uploads\/2017\/01\/NAUCALPAN-3040.jpg 480w\" sizes=\"auto, (max-width: 460px) 100vw, 460px\" \/><\/a><p id=\"caption-attachment-308352\" class=\"wp-caption-text\">Tom\u00e1s Palomares Parra refrend\u00f3 su compromiso de respetar la voluntad de la \u201cfamilia suteymista\u201d para \u00a0renovar a sus representantes.<\/p><\/div>\n<p>&nbsp;<\/p>\n<p><strong>Naucalpan, Estado de M\u00e9xico<\/strong>.-\u00a0 En un ambiente democr\u00e1tico y transparente se han \u00a0ido realizando la renovaci\u00f3n de delegados del Sindicato \u00danico de Trabajadores del Estado y sus Municipios (SUTEyM) secci\u00f3n Naucalpan en las diferentes \u00e1reas que conforman el gobierno municipal.<\/p>\n<p>As\u00ed lo asegur\u00f3 en entrevista el l\u00edder sindical, Tom\u00e1s Palomares Parra, quien refrend\u00f3 su compromiso de respetar la voluntad de la \u201cfamilia suteymista\u201d para \u00a0renovar a sus representantes (delegados) y \u00e9sta se ha realizado siempre \u00a0respetando la voluntad de los sindicalizados.<\/p>\n<p>Y es que, efectivamente, el dirigente sindical a estado acompa\u00f1ando a los trabajadores sindicalizados de \u00e1reas como son, Desarrollo Urbano y Obras P\u00fablicas, el Organismo de Agua Potable y Alcantarillado, Servicios P\u00fablicos, entre otras, para avalar la renovaci\u00f3n o ratificaci\u00f3n de los delegados del SUTEyM.<\/p>\n<p>\u201cDesde luego que el ser representante de trabajadores ante el SUTEyM no es una tarea f\u00e1cil, pues muchas de las veces los delegados no tienen vida propia ni familiar por su gran responsabilidad, es por ello que yo los exhorto a seguir dando lo mejor de s\u00ed en beneficio de sus compa\u00f1eros\u201d, expres\u00f3.<\/p>\n<p>Tom\u00e1s Palomares agradeci\u00f3 el apoyo que siempre le han \u00a0brindado a la clase trabajadora , \u00a0el secretario general del SUTEyM en el estado de M\u00e9xico, Herminio Cahue Calder\u00f3n y el del presidente del Comit\u00e9 de Vigilancia e Investigaci\u00f3n, Ren\u00e9 Palomares Parra a quienes \u00a0agradeci\u00f3 en nombre de los agremiados todas y cada una de las conquistas laborales.<\/p>\n<p>El joven dirigente sindical, afirm\u00f3 en entrevista que \u201ccomo siempre lo ha demostrado el SUTEyM, sus procesos internos siempre se han desarrollado de la manera transparente y democr\u00e1tica y \u00e9sta no es ni ser\u00e1 la excepci\u00f3n.<\/p>\n","protected":false},"excerpt":{"rendered":"<p>En un ambiente democr\u00e1tico y transparente se han  ido realizando la renovaci\u00f3n de delegados del Sindicato \u00danico de Trabajadores del Estado y sus Municipios (SUTEyM) secci\u00f3n Naucalpan en las diferentes \u00e1reas que conforman el gobierno municipal.<\/p>\n","protected":false},"author":3,"featured_media":308352,"comment_status":"open","ping_status":"open","sticky":false,"template":"","format":"standard","meta":{"_monsterinsights_skip_tracking":false,"_monsterinsights_sitenote_active":false,"_monsterinsights_sitenote_note":"","_monsterinsights_sitenote_category":0,"footnotes":""},"categories":[35155],"tags":[24892,43675,970,2572],"class_list":["post-308300","post","type-post","status-publish","format-standard","has-post-thumbnail","hentry","category-estado-de-mexico-estado-de-mexico","tag-delegados","tag-estado-de-mexico","tag-naucalpan","tag-suteym"],"_links":{"self":[{"href":"https:\/\/www.diarioimagen.net\/index.php?rest_route=\/wp\/v2\/posts\/308300","targetHints":{"allow":["GET"]}}],"collection":[{"href":"https:\/\/www.diarioimagen.net\/index.php?rest_route=\/wp\/v2\/posts"}],"about":[{"href":"https:\/\/www.diarioimagen.net\/index.php?rest_route=\/wp\/v2\/types\/post"}],"author":[{"embeddable":true,"href":"https:\/\/www.diarioimagen.net\/index.php?rest_route=\/wp\/v2\/users\/3"}],"replies":[{"embeddable":true,"href":"https:\/\/www.diarioimagen.net\/index.php?rest_route=%2Fwp%2Fv2%2Fcomments&post=308300"}],"version-history":[{"count":0,"href":"https:\/\/www.diarioimagen.net\/index.php?rest_route=\/wp\/v2\/posts\/308300\/revisions"}],"wp:featuredmedia":[{"embeddable":true,"href":"https:\/\/www.diarioimagen.net\/index.php?rest_route=\/wp\/v2\/media\/308352"}],"wp:attachment":[{"href":"https:\/\/www.diarioimagen.net\/index.php?rest_route=%2Fwp%2Fv2%2Fmedia&parent=308300"}],"wp:term":[{"taxonomy":"category","embeddable":true,"href":"https:\/\/www.diarioimagen.net\/index.php?rest_route=%2Fwp%2Fv2%2Fcategories&post=308300"},{"taxonomy":"post_tag","embeddable":true,"href":"https:\/\/www.diarioimagen.net\/index.php?rest_route=%2Fwp%2Fv2%2Ftags&post=308300"}],"curies":[{"name":"wp","href":"https:\/\/api.w.org\/{rel}","templated":true}]}}