{"id":308319,"date":"2017-01-20T00:03:34","date_gmt":"2017-01-20T06:03:34","guid":{"rendered":"http:\/\/www.diarioimagen.net\/?p=308319"},"modified":"2017-01-20T02:50:03","modified_gmt":"2017-01-20T08:50:03","slug":"coordinacion-de-esfuerzos-en-materia-de-salud-en-tultepec","status":"publish","type":"post","link":"https:\/\/www.diarioimagen.net\/?p=308319","title":{"rendered":"Coordinaci\u00f3n de esfuerzos en materia de salud en Tultepec"},"content":{"rendered":"<ul>\n<li><strong><em>Rinde protesta Comit\u00e9 Municipal<\/em><\/strong><\/li>\n<\/ul>\n<p>&nbsp;<\/p>\n<div id=\"attachment_308373\" style=\"width: 470px\" class=\"wp-caption aligncenter\"><a href=\"http:\/\/www.diarioimagen.net\/?attachment_id=308373\" rel=\"attachment wp-att-308373\"><img loading=\"lazy\" decoding=\"async\" aria-describedby=\"caption-attachment-308373\" class=\"size-large wp-image-308373\" src=\"http:\/\/www.diarioimagen.net\/wp-content\/uploads\/2017\/01\/TULTEPEC-3040-460x259.jpg\" alt=\"\" width=\"460\" height=\"259\" srcset=\"https:\/\/www.diarioimagen.net\/wp-content\/uploads\/2017\/01\/TULTEPEC-3040-460x259.jpg 460w, https:\/\/www.diarioimagen.net\/wp-content\/uploads\/2017\/01\/TULTEPEC-3040-240x135.jpg 240w, https:\/\/www.diarioimagen.net\/wp-content\/uploads\/2017\/01\/TULTEPEC-3040-235x132.jpg 235w, https:\/\/www.diarioimagen.net\/wp-content\/uploads\/2017\/01\/TULTEPEC-3040-202x114.jpg 202w, https:\/\/www.diarioimagen.net\/wp-content\/uploads\/2017\/01\/TULTEPEC-3040-350x196.jpg 350w, https:\/\/www.diarioimagen.net\/wp-content\/uploads\/2017\/01\/TULTEPEC-3040-220x123.jpg 220w, https:\/\/www.diarioimagen.net\/wp-content\/uploads\/2017\/01\/TULTEPEC-3040-237x132.jpg 237w, https:\/\/www.diarioimagen.net\/wp-content\/uploads\/2017\/01\/TULTEPEC-3040.jpg 480w\" sizes=\"auto, (max-width: 460px) 100vw, 460px\" \/><\/a><p id=\"caption-attachment-308373\" class=\"wp-caption-text\">Rindi\u00f3 protesta el Comit\u00e9 Municipal de Salud, que encabeza el alcalde Armando Portuguez Fuentes.<\/p><\/div>\n<p>&nbsp;<\/p>\n<p><strong>Tultepec, Estado de M\u00e9xico.<\/strong>&#8211; Con el objetivo de mejorar la coordinaci\u00f3n de esfuerzos entre dependencias municipales y estatales en materia de salud, rindi\u00f3 protesta el Comit\u00e9 Municipal de Salud, que encabeza el alcalde Armando Portuguez Fuentes.<\/p>\n<p>Al dar la bienvenida a Roberto Cervantes, coordinador t\u00e9cnico del Instituto de Salud del Estado de M\u00e9xico (ISEM), representante personal del secretario de Salud, C\u00e9sar G\u00f3mez Monge, el presidente municipal afirm\u00f3 que \u201cla salud no distingue colores ni credos partidistas, por lo que es la obligaci\u00f3n de cualquier autoridad velar por el bienestar de la ciudadan\u00eda\u201d.<\/p>\n<p>En la exposici\u00f3n de motivos, Mary Nancy Escobar Figueroa, jefa de la Jurisdicci\u00f3n Sanitaria de Cuautitl\u00e1n, se\u00f1al\u00f3 que el Comit\u00e9 Municipal de Salud, se encargar\u00e1 de emprender las acciones necesarias encaminadas para prevenir y mejorar el bienestar de los tultepequenses.<\/p>\n<p>\u201cA trav\u00e9s de esta representaci\u00f3n se busca fortalecer las conductas saludables que beneficien a la poblaci\u00f3n, promoviendo pol\u00edticas p\u00fablicas que fomenten la creaci\u00f3n de entornos favorables a la salud con la participaci\u00f3n activa de las autoridades municipales y de la poblaci\u00f3n\u201d.<\/p>\n<p>Precis\u00f3 que como objetivos principales, se impulsar\u00e1n y fortalecer\u00e1n en los municipios promotores de salud para generar pol\u00edticas p\u00fablicas saludables, desarrollando proyectos municipales que fomenten la responsabilidad compartida.<\/p>\n<p>Se buscar\u00e1 adem\u00e1s que este comit\u00e9, sea una plataforma para el desarrollo de intervenciones preventivas de los programas prioritarios de salud p\u00fablica, fortaleciendo y desarrollando las competencias en salud del personal que participa en el programa de entornos y comunidades saludables, en los \u00e1mbitos estatal, jurisdiccional y comunitario, mediante una capacitaci\u00f3n integral.<\/p>\n<p>&nbsp;<\/p>\n","protected":false},"excerpt":{"rendered":"<p>Con el objetivo de mejorar la coordinaci\u00f3n de esfuerzos entre dependencias municipales y estatales en materia de salud, rindi\u00f3 protesta el Comit\u00e9 Municipal de Salud, que encabeza el alcalde Armando Portuguez Fuentes.<\/p>\n","protected":false},"author":3,"featured_media":308373,"comment_status":"open","ping_status":"open","sticky":false,"template":"","format":"standard","meta":{"_monsterinsights_skip_tracking":false,"_monsterinsights_sitenote_active":false,"_monsterinsights_sitenote_note":"","_monsterinsights_sitenote_category":0,"footnotes":""},"categories":[35155],"tags":[43675,15693,43692,3802],"class_list":["post-308319","post","type-post","status-publish","format-standard","has-post-thumbnail","hentry","category-estado-de-mexico-estado-de-mexico","tag-estado-de-mexico","tag-materia","tag-salud","tag-tultepec"],"_links":{"self":[{"href":"https:\/\/www.diarioimagen.net\/index.php?rest_route=\/wp\/v2\/posts\/308319","targetHints":{"allow":["GET"]}}],"collection":[{"href":"https:\/\/www.diarioimagen.net\/index.php?rest_route=\/wp\/v2\/posts"}],"about":[{"href":"https:\/\/www.diarioimagen.net\/index.php?rest_route=\/wp\/v2\/types\/post"}],"author":[{"embeddable":true,"href":"https:\/\/www.diarioimagen.net\/index.php?rest_route=\/wp\/v2\/users\/3"}],"replies":[{"embeddable":true,"href":"https:\/\/www.diarioimagen.net\/index.php?rest_route=%2Fwp%2Fv2%2Fcomments&post=308319"}],"version-history":[{"count":0,"href":"https:\/\/www.diarioimagen.net\/index.php?rest_route=\/wp\/v2\/posts\/308319\/revisions"}],"wp:featuredmedia":[{"embeddable":true,"href":"https:\/\/www.diarioimagen.net\/index.php?rest_route=\/wp\/v2\/media\/308373"}],"wp:attachment":[{"href":"https:\/\/www.diarioimagen.net\/index.php?rest_route=%2Fwp%2Fv2%2Fmedia&parent=308319"}],"wp:term":[{"taxonomy":"category","embeddable":true,"href":"https:\/\/www.diarioimagen.net\/index.php?rest_route=%2Fwp%2Fv2%2Fcategories&post=308319"},{"taxonomy":"post_tag","embeddable":true,"href":"https:\/\/www.diarioimagen.net\/index.php?rest_route=%2Fwp%2Fv2%2Ftags&post=308319"}],"curies":[{"name":"wp","href":"https:\/\/api.w.org\/{rel}","templated":true}]}}