{"id":308415,"date":"2017-01-20T00:06:30","date_gmt":"2017-01-20T06:06:30","guid":{"rendered":"http:\/\/www.diarioimagen.net\/?p=308415"},"modified":"2017-01-20T03:18:47","modified_gmt":"2017-01-20T09:18:47","slug":"violencia-calienta-a-quintana-roo","status":"publish","type":"post","link":"https:\/\/www.diarioimagen.net\/?p=308415","title":{"rendered":"Violencia calienta a Quintana Roo"},"content":{"rendered":"<h2>Consensos y disensos<\/h2>\n<h5>Mario San Mart\u00ed<\/h5>\n<p>&nbsp;<\/p>\n<ul>\n<li><strong><em>Carlos Joaqu\u00edn, frente a un reto mayor que ganar en las urnas<\/em><\/strong><\/li>\n<li><strong><em>Narcotr\u00e1fico y prostituci\u00f3n hacen presa de la vida nocturna de Canc\u00fan<\/em><\/strong><\/li>\n<\/ul>\n<p>&nbsp;<\/p>\n<p>No pasaron ni dos d\u00edas, cuando el estado de Quintana Roo volvi\u00f3 a ser noticia y no precisamente por lo que representa tur\u00edsticamente hablando, van dos d\u00edas que la nota roja pone en alerta a habitantes y paseantes del lugar.<\/p>\n<p>El lunes por la madrugada una balacera en el bar Blue Parrot de Playa del Carmen y el martes un ataque armado contra las instalaciones de la Fiscal\u00eda Estatal y del C4 en Canc\u00fan.<\/p>\n<p>Los principales diarios nacionales registraron el acontecimiento en sus primeras planas: P\u00e1nico en Canc\u00fan; \u00a0Balacera deja cuatro muertos; D\u00eda Violento y de p\u00e1nico en Canc\u00fan; Crece Violencia en Quintana Roo; C\u00e1rteles se disputan joya del caribe de 6.2 millones de turistas al a\u00f1o; Siete bandas criminales se disputan el control de la Rivera Maya; Viven Tarde de Terror en Canc\u00fan, son algunos de los encabezados con los que la prensa resumi\u00f3 el segundo d\u00eda de violencia, y sin embargo las autoridades locales hablan de que la entidad se encuentra \u201cen calma\u201d y la vida de los habitantes y turistas es \u201cnormal\u201d.<\/p>\n<p>La balacera que se suscit\u00f3 en la madrugada del lunes en un Bar de Quintana Roo, el Blue Parrot, en Playa del Carmen, dej\u00f3 un saldo de cinco personas muertas y quince m\u00e1s hospitalizadas.<\/p>\n<p>El incidente violento se dio en el marco de la clausura de un festival el BPM de m\u00fasica electr\u00f3nica. Las primeras indagatorias judiciales se\u00f1alan que un hombre entr\u00f3 al lugar por la puerta principal y realiz\u00f3 un ataque dirigido contra una persona. Reportan que, entre las v\u00edctimas mortales, hay dos canadienses, un italiano y un estadounidense, la otra v\u00edctima mortal es una mujer que presuntamente se golpe\u00f3 en la cabeza durante el tumulto.<\/p>\n<p>El martes la Riviera Maya volvi\u00f3 a ser escenario de una acci\u00f3n criminal, por la tarde un grupo armado atac\u00f3 a balazos las instalaciones de la Fiscal\u00eda Estatal y del C4 en Canc\u00fan; el saldo negativo fue de cuatro muertos, entre ellos, un polic\u00eda ministerial y tres presuntos delincuentes; este ataque moviliz\u00f3 a fuerzas federales, estatales y municipales<\/p>\n<p>Las hip\u00f3tesis judiciales o l\u00edneas de investigaci\u00f3n que hasta ahora tienen las autoridades en la materia apuntan a rencillas entre grupos de la delincuencia organizada que pelean el territorio para la distribuci\u00f3n de droga y otras actividades il\u00edcitas como la trata de personas, que se ha apoderado de la vida nocturna de Canc\u00fan.<\/p>\n<p>Sobre los tiroteos registrados en el Bar Blue Parrot y el ataque a la Fiscal\u00eda de Quintana Roo, la ma\u00f1ana del mi\u00e9rcoles, en entrevista para el noticiario de televisi\u00f3n Despierta, que conduce el periodista Carlos Loret de Mola, el secretario de Gobierno de\u00a0Quintana\u00a0Roo, Francisco L\u00f3pez Mena, dijo que hab\u00eda claridad en el sentido de que la violencia fue generada por el crimen organizado, \u201cse trata de querer dominar la plaza o rencillas\u201d y agreg\u00f3 que en la segunda acci\u00f3n exist\u00eda la probabilidad de que fuera una respuesta a las decisiones de este gobierno de echar para atr\u00e1s el paquete de impunidad, de hacer denuncias contra ex funcionarios.<\/p>\n<p>Ante una alerta que la embajada de EU hizo a trav\u00e9s de un tuit, en el sentido de que los turistas estadounidenses que se encontraban en la entidad ten\u00edan que consultar a las autoridades de sus hoteles para poder salir, el funcionario respondi\u00f3 que hab\u00eda hablado personalmente con el C\u00f3nsul y que la alerta no era m\u00e1s que una advertencia para que el turismo tuviera una comunicaci\u00f3n con las autoridades. Y agreg\u00f3 que \u201cLa vida de los turistas es normal en Canc\u00fan\u201d<\/p>\n<p>Lo extra\u00f1o es que, despu\u00e9s de dos d\u00edas de violencia, las autoridades dicen que la vida del turismo en Canc\u00fan es normal y otras se\u00f1alan que hay completa calma en la entidad quintanarroense, cuando lo cierto es que estos condenables hechos han quitado la tranquilidad de los habitantes del lugar y el turismo ha puesto una alerta a la hora de elegir sus destinos, porque las balaceras del bar Blue Parrot, en Playa del Carmen, \u00a0y \u00a0las de la Fiscal\u00eda Estatal y del C4, en Canc\u00fan, no son acontecimientos que hablen de \u201cuna primera vez\u201d, al contrario detr\u00e1s de ellas hay historias y leyendas de impunidad, crimen y complicidad.<\/p>\n<p>Los habitantes del lugar dicen que la violencia no es de ahora ni tampoco los rumores de enfrentamientos entre bandas criminales, por tanto no se puede hablar de \u201ccalma\u201d, aunque tal vez si de \u201cnormalidad\u201d. No hay duda, el clima de Quintana Roo hoy es m\u00e1s caliente que nunca, y no precisamente por el caluroso sol, eso dicen y sienten por all\u00e1.<\/p>\n<p>En fin, no ha concluido ni siquiera el primer semestre de su mandato al frente\u00a0de Quintana Roo y Carlos\u00a0Joaqu\u00edn Gonz\u00e1lez ya tiene frente a s\u00ed un reto mucho mayor que haber enfrentado a su partido el PRI y ganarle la apuesta en las urnas, toca ahora demostrar para qu\u00e9 quer\u00eda llegar a la silla del gobierno estatal, para dejar que las cosas sigan igual o para poner orden en la ola de violencia que crece y tiende a convertirse en una epidemia en la entidad. Ojal\u00e1 que no tengamos que esperar seis a\u00f1os para conocer la respuesta, porque los habitantes de Quintana Roo, y su turismo, ya no aguantan.<\/p>\n<p><em><a href=\"mailto:mariosanmarti@yahoo.com.mx\" target=\"_blank\">mariosanmarti@yahoo.com.mx<\/a><\/em><\/p>\n","protected":false},"excerpt":{"rendered":"<p><span style=\"color: #005497;\"><strong>Mario San Mart\u00ed<\/strong><\/span><\/p>\n","protected":false},"author":3,"featured_media":0,"comment_status":"open","ping_status":"open","sticky":false,"template":"","format":"standard","meta":{"_monsterinsights_skip_tracking":false,"_monsterinsights_sitenote_active":false,"_monsterinsights_sitenote_note":"","_monsterinsights_sitenote_category":0,"footnotes":""},"categories":[44689],"tags":[45091,45092,43674],"class_list":["post-308415","post","type-post","status-publish","format-standard","hentry","category-mario-san-marti","tag-consensos-y-disensos","tag-mario-san-marti","tag-opinion"],"_links":{"self":[{"href":"https:\/\/www.diarioimagen.net\/index.php?rest_route=\/wp\/v2\/posts\/308415","targetHints":{"allow":["GET"]}}],"collection":[{"href":"https:\/\/www.diarioimagen.net\/index.php?rest_route=\/wp\/v2\/posts"}],"about":[{"href":"https:\/\/www.diarioimagen.net\/index.php?rest_route=\/wp\/v2\/types\/post"}],"author":[{"embeddable":true,"href":"https:\/\/www.diarioimagen.net\/index.php?rest_route=\/wp\/v2\/users\/3"}],"replies":[{"embeddable":true,"href":"https:\/\/www.diarioimagen.net\/index.php?rest_route=%2Fwp%2Fv2%2Fcomments&post=308415"}],"version-history":[{"count":0,"href":"https:\/\/www.diarioimagen.net\/index.php?rest_route=\/wp\/v2\/posts\/308415\/revisions"}],"wp:attachment":[{"href":"https:\/\/www.diarioimagen.net\/index.php?rest_route=%2Fwp%2Fv2%2Fmedia&parent=308415"}],"wp:term":[{"taxonomy":"category","embeddable":true,"href":"https:\/\/www.diarioimagen.net\/index.php?rest_route=%2Fwp%2Fv2%2Fcategories&post=308415"},{"taxonomy":"post_tag","embeddable":true,"href":"https:\/\/www.diarioimagen.net\/index.php?rest_route=%2Fwp%2Fv2%2Ftags&post=308415"}],"curies":[{"name":"wp","href":"https:\/\/api.w.org\/{rel}","templated":true}]}}