{"id":308442,"date":"2017-01-23T00:09:56","date_gmt":"2017-01-23T06:09:56","guid":{"rendered":"http:\/\/www.diarioimagen.net\/?p=308442"},"modified":"2017-01-22T22:39:04","modified_gmt":"2017-01-23T04:39:04","slug":"abren-sistema-de-preinscripcion-a-educacion-basica-en-edomex","status":"publish","type":"post","link":"https:\/\/www.diarioimagen.net\/?p=308442","title":{"rendered":"Abren sistema de preinscripci\u00f3n a educaci\u00f3n b\u00e1sica"},"content":{"rendered":"<ul>\n<li><strong><em>Para el ciclo escolar 2017-2018<\/em><\/strong><\/li>\n<\/ul>\n<p>&nbsp;<\/p>\n<div id=\"attachment_308443\" style=\"width: 470px\" class=\"wp-caption aligncenter\"><a href=\"http:\/\/www.diarioimagen.net\/?attachment_id=308443\" rel=\"attachment wp-att-308443\"><img loading=\"lazy\" decoding=\"async\" aria-describedby=\"caption-attachment-308443\" class=\"size-large wp-image-308443\" src=\"http:\/\/www.diarioimagen.net\/wp-content\/uploads\/2017\/01\/INSCRIPCIONES23-portal-460x268.jpg\" alt=\"\" width=\"460\" height=\"268\" srcset=\"https:\/\/www.diarioimagen.net\/wp-content\/uploads\/2017\/01\/INSCRIPCIONES23-portal-460x268.jpg 460w, https:\/\/www.diarioimagen.net\/wp-content\/uploads\/2017\/01\/INSCRIPCIONES23-portal-240x140.jpg 240w, https:\/\/www.diarioimagen.net\/wp-content\/uploads\/2017\/01\/INSCRIPCIONES23-portal.jpg 480w\" sizes=\"auto, (max-width: 460px) 100vw, 460px\" \/><\/a><p id=\"caption-attachment-308443\" class=\"wp-caption-text\">Se abren las preinscripciones para los alumnos de nuevo ingreso a preescolar y a los primeros grados de primaria y secundaria.<\/p><\/div>\n<p>&nbsp;<\/p>\n<p><strong>Toluca, Estado de M\u00e9xico<\/strong>.- Este lunes 23 de enero se habilitar\u00e1 el Sistema Anticipado de Inscripci\u00f3n y Distribuci\u00f3n (SAID) para el Ciclo Escolar 2017-2018, dirigido a alumnos de nuevo ingreso a preescolar y a los primeros grados de primaria y secundaria.<\/p>\n<p>El Gobierno del Estado de M\u00e9xico, a trav\u00e9s de la Secretar\u00eda de Educaci\u00f3n, informa a los padres de familia que dicho sistema de preinscripciones \u2013disponible en 39 municipios y 10 cabeceras municipales-, se realizar\u00e1 en l\u00ednea ingresando a www.edomex.gob.mx, para descargar el registro correspondiente, de acuerdo con la letra del primer apellido de la alumna o alumno.<\/p>\n<p>Las preinscripciones a segundo grado de preescolar podr\u00e1n realizarse si los alumnos cuentan con 4 a\u00f1os cumplidos al 31 de diciembre; quienes se preinscriban a tercero deber\u00e1n tener 5 a\u00f1os cumplidos a la misma fecha; y quienes busquen preinscribir a sus hijos en el primer grado, deber\u00e1n acudir directamente a la escuela que ofrezca este servicio.<\/p>\n<p>Para primer grado de primaria, las madres y padres de familia deber\u00e1n realizar el tr\u00e1mite para los alumnos con seis a\u00f1os cumplidos al 31 de diciembre de este a\u00f1o; para secundaria general o t\u00e9cnica, se preinscribir\u00e1n los aspirantes que al inicio del ciclo escolar sean menores de 15 a\u00f1os, y en telesecundaria, menores de 16 a\u00f1os.<\/p>\n<p>En este pre-registro, que estar\u00e1 disponible hasta el viernes 3 de marzo, los interesados podr\u00e1n elegir hasta cinco escuelas \u2013del cat\u00e1logo de instituciones participantes- y los documentos necesarios para realizar el tr\u00e1mite en cualquier modalidad son: Clave \u00danica de Registro de Poblaci\u00f3n (CURP) de cada aspirante y su acta de nacimiento, adem\u00e1s de una direcci\u00f3n de correo electr\u00f3nico.<\/p>\n<p>Los resultados ser\u00e1n publicados el viernes 4 de agosto de 2017 en el portal del Gobierno del Estado de M\u00e9xico y en las escuelas participantes. Para aquellos centros escolares que no forman parte del SAID, los padres de familia deber\u00e1n acudir a la escuela de su preferencia para consultar los requisitos de preinscripci\u00f3n.<\/p>\n<p>Para mayor informaci\u00f3n, se pone a consideraci\u00f3n el n\u00famero del Centro de Atenci\u00f3n Telef\u00f3nica del gobierno estatal: 01 800 696 9696 y el correo electr\u00f3nico <a href=\"mailto:said.preinscripcion@edomex.gob.mx\">said.preinscripcion@edomex.gob.mx<\/a>.<\/p>\n<p>&nbsp;<\/p>\n<p>&nbsp;<\/p>\n<p>&nbsp;<\/p>\n<p>&nbsp;<\/p>\n<p>&nbsp;<\/p>\n<p>&nbsp;<\/p>\n<p>&nbsp;<\/p>\n<p>Toluca, M\u00e9x.- Este lunes 23 de enero se habilitar\u00e1 el Sistema Anticipado de Inscripci\u00f3n y Distribuci\u00f3n (SAID) para el Ciclo Escolar 2017-2018, dirigido a alumnos de nuevo ingreso a preescolar y a los primeros grados de primaria y secundaria.<\/p>\n<p>El gobierno del Estado de M\u00e9xico, a trav\u00e9s de la Secretar\u00eda de Educaci\u00f3n, informa a los padres de familia que dicho sistema de preinscripciones \u2013disponible en 39 municipios y 10 cabeceras\u00a0 municipales- se realizar\u00e1 en l\u00ednea ingresando a www.edomex.gob.mx, para descargar el registro correspondiente, de acuerdo con la letra del primer apellido de la alumna o alumno.<\/p>\n<p>Las preinscripciones a segundo grado de preescolar podr\u00e1n realizarse si los alumnos cuentan con 4 a\u00f1os cumplidos al 31 de diciembre; quienes se preinscriban a tercero deber\u00e1n tener 5 a\u00f1os cumplidos a la misma fecha y quienes busquen preinscribir a sus hijos en el primer grado, deber\u00e1n acudir directamente a la escuela que ofrezca este servicio.<\/p>\n<p>Para primer grado de primaria, las madres y padres de familia deber\u00e1n realizar el tr\u00e1mite para los alumnos con seis a\u00f1os cumplidos al 31 de diciembre de este a\u00f1o; para secundaria general o t\u00e9cnica, se preinscribir\u00e1n los aspirantes que al inicio del ciclo escolar sean menores de 15 a\u00f1os, y en telesecundaria, menores de 16 a\u00f1os.<\/p>\n<p>En este pre-registro, que estar\u00e1 disponible hasta el viernes 3 de marzo, los interesados podr\u00e1n elegir hasta cinco escuelas \u2013del cat\u00e1logo de instituciones participantes- y los documentos necesarios para realizar el tr\u00e1mite en cualquier modalidad son: Clave \u00danica de Registro de Poblaci\u00f3n (CURP) de cada aspirante y su acta de nacimiento, adem\u00e1s de una direcci\u00f3n de correo electr\u00f3nico.<\/p>\n<p>&nbsp;<\/p>\n","protected":false},"excerpt":{"rendered":"<p>Este lunes 23 de enero se habilitar\u00e1 el Sistema Anticipado de Inscripci\u00f3n y Distribuci\u00f3n (SAID) para el Ciclo Escolar 2017-2018, dirigido a alumnos de nuevo ingreso a preescolar y a los primeros grados de primaria y secundaria.<\/p>\n","protected":false},"author":5,"featured_media":308443,"comment_status":"open","ping_status":"open","sticky":false,"template":"","format":"standard","meta":{"_monsterinsights_skip_tracking":false,"_monsterinsights_sitenote_active":false,"_monsterinsights_sitenote_note":"","_monsterinsights_sitenote_category":0,"footnotes":""},"categories":[5],"tags":[68,6817,43675,452],"class_list":["post-308442","post","type-post","status-publish","format-standard","has-post-thumbnail","hentry","category-estado-de-mexico","tag-edomex","tag-educacion-basica","tag-estado-de-mexico","tag-toluca"],"_links":{"self":[{"href":"https:\/\/www.diarioimagen.net\/index.php?rest_route=\/wp\/v2\/posts\/308442","targetHints":{"allow":["GET"]}}],"collection":[{"href":"https:\/\/www.diarioimagen.net\/index.php?rest_route=\/wp\/v2\/posts"}],"about":[{"href":"https:\/\/www.diarioimagen.net\/index.php?rest_route=\/wp\/v2\/types\/post"}],"author":[{"embeddable":true,"href":"https:\/\/www.diarioimagen.net\/index.php?rest_route=\/wp\/v2\/users\/5"}],"replies":[{"embeddable":true,"href":"https:\/\/www.diarioimagen.net\/index.php?rest_route=%2Fwp%2Fv2%2Fcomments&post=308442"}],"version-history":[{"count":0,"href":"https:\/\/www.diarioimagen.net\/index.php?rest_route=\/wp\/v2\/posts\/308442\/revisions"}],"wp:featuredmedia":[{"embeddable":true,"href":"https:\/\/www.diarioimagen.net\/index.php?rest_route=\/wp\/v2\/media\/308443"}],"wp:attachment":[{"href":"https:\/\/www.diarioimagen.net\/index.php?rest_route=%2Fwp%2Fv2%2Fmedia&parent=308442"}],"wp:term":[{"taxonomy":"category","embeddable":true,"href":"https:\/\/www.diarioimagen.net\/index.php?rest_route=%2Fwp%2Fv2%2Fcategories&post=308442"},{"taxonomy":"post_tag","embeddable":true,"href":"https:\/\/www.diarioimagen.net\/index.php?rest_route=%2Fwp%2Fv2%2Ftags&post=308442"}],"curies":[{"name":"wp","href":"https:\/\/api.w.org\/{rel}","templated":true}]}}