{"id":308611,"date":"2017-01-23T00:03:42","date_gmt":"2017-01-23T06:03:42","guid":{"rendered":"http:\/\/www.diarioimagen.net\/?p=308611"},"modified":"2017-01-23T03:32:34","modified_gmt":"2017-01-23T09:32:34","slug":"el-chicharito-sigue-sin-anotar-en-bundesliga","status":"publish","type":"post","link":"https:\/\/www.diarioimagen.net\/?p=308611","title":{"rendered":"El \u201cChicharito\u201d sigue sin anotar en Bundesliga"},"content":{"rendered":"<ul>\n<li><strong><em>Ganan las \u201caspirinas\u201d, pero&#8230;<\/em><\/strong><\/li>\n<\/ul>\n<p>&nbsp;<\/p>\n<div id=\"attachment_308647\" style=\"width: 470px\" class=\"wp-caption aligncenter\"><a href=\"http:\/\/www.diarioimagen.net\/?attachment_id=308647\" rel=\"attachment wp-att-308647\"><img loading=\"lazy\" decoding=\"async\" aria-describedby=\"caption-attachment-308647\" class=\"size-large wp-image-308647\" src=\"http:\/\/www.diarioimagen.net\/wp-content\/uploads\/2017\/01\/deportes-3041-460x259.jpg\" alt=\"\" width=\"460\" height=\"259\" srcset=\"https:\/\/www.diarioimagen.net\/wp-content\/uploads\/2017\/01\/deportes-3041-460x259.jpg 460w, https:\/\/www.diarioimagen.net\/wp-content\/uploads\/2017\/01\/deportes-3041-240x135.jpg 240w, https:\/\/www.diarioimagen.net\/wp-content\/uploads\/2017\/01\/deportes-3041-235x132.jpg 235w, https:\/\/www.diarioimagen.net\/wp-content\/uploads\/2017\/01\/deportes-3041-202x114.jpg 202w, https:\/\/www.diarioimagen.net\/wp-content\/uploads\/2017\/01\/deportes-3041-350x196.jpg 350w, https:\/\/www.diarioimagen.net\/wp-content\/uploads\/2017\/01\/deportes-3041-220x123.jpg 220w, https:\/\/www.diarioimagen.net\/wp-content\/uploads\/2017\/01\/deportes-3041-237x132.jpg 237w, https:\/\/www.diarioimagen.net\/wp-content\/uploads\/2017\/01\/deportes-3041.jpg 480w\" sizes=\"auto, (max-width: 460px) 100vw, 460px\" \/><\/a><p id=\"caption-attachment-308647\" class=\"wp-caption-text\">Javier Hern\u00e1ndez estuvo muy cerca de anotar en dos ocasiones al Hertha Berl\u00edn.<\/p><\/div>\n<p>&nbsp;<\/p>\n<p>Con un Javier Hern\u00e1ndez bastante participativo los 90 minutos, pero todav\u00eda sin poder anotar en juegos oficiales, el Bayer Leverkusen retom\u00f3 la senda del triunfo en la Bundesliga tras la pausa invernal.<\/p>\n<p>Las \u201caspirinas\u201d se pusieron en ventaja a los 11 minutos gracias a un gol de Omer Toprak en el que colabor\u00f3 Javier Hern\u00e1ndez.<\/p>\n<p>Tras un tiro libre cobrado por Calhanoglu, que deriv\u00f3 en una serie de rebotes en el \u00e1rea, el bal\u00f3n peg\u00f3 en Javier Hern\u00e1ndez, quien ya se dispon\u00eda a rematar a gol cuando se adelant\u00f3 Toprak para anotar el 1-0 parcial.<\/p>\n<p>Bayer ampli\u00f3 el marcador mediante una pena m\u00e1xima al 34\u2019 luego de un centro de Brandt que peg\u00f3 en la mano del defensa Marvin Plattenhardt.<\/p>\n<p>El \u00e1rbitro Tobias Stieler decret\u00f3 la falta y Calhanoglu fue el encargado de ejecutar la pena m\u00e1xima con un tiro pegado al poste derecho para el 2-0 parcial.<\/p>\n<p>Antes de finalizar el primer tiempo, Valentin Stocker descont\u00f3 al 45 tras aprovechar un rechace del arquero Leno tras un remate de Anthony Brooks.<\/p>\n<p>Javier Hern\u00e1ndez estuvo muy cerca de anotar al Hertha Berl\u00edn en dos ocasiones, la primera al 46 de acci\u00f3n cuando su remate se fue por un costado del poste derecho de Jarstein.<\/p>\n<p>Diez minutos despu\u00e9s, \u201cChicharito\u201d remat\u00f3 con la cabeza pero un zaguero rechaz\u00f3 el bal\u00f3n casi sobre la l\u00ednea de gol. Cuando faltaban dos minutos para que terminara el partido, Jonathan Tah desbord\u00f3 por la banda derecha y mand\u00f3 un centro que Calhanoglu remat\u00f3 de primera intenci\u00f3n para el 3-1 final.<\/p>\n<p>Con este resultado, Bayer Leverkusen sum\u00f3 su s\u00e9ptimo triunfo de la temporada y lleg\u00f3 a 24 puntos, mientras que el Hertha se qued\u00f3 con 30 unidades.<\/p>\n<p>&nbsp;<\/p>\n","protected":false},"excerpt":{"rendered":"<p>Con un Javier Hern\u00e1ndez bastante participativo los 90 minutos, pero todav\u00eda sin poder anotar en juegos oficiales, el Bayer Leverkusen retom\u00f3 la senda del triunfo en la Bundesliga tras la pausa invernal.<\/p>\n","protected":false},"author":3,"featured_media":308647,"comment_status":"open","ping_status":"open","sticky":false,"template":"","format":"standard","meta":{"_monsterinsights_skip_tracking":false,"_monsterinsights_sitenote_active":false,"_monsterinsights_sitenote_note":"","_monsterinsights_sitenote_category":0,"footnotes":""},"categories":[10],"tags":[43680,37023,5849],"class_list":["post-308611","post","type-post","status-publish","format-standard","has-post-thumbnail","hentry","category-deportes","tag-deportes","tag-gol","tag-javier-chicharito-hernandez"],"_links":{"self":[{"href":"https:\/\/www.diarioimagen.net\/index.php?rest_route=\/wp\/v2\/posts\/308611","targetHints":{"allow":["GET"]}}],"collection":[{"href":"https:\/\/www.diarioimagen.net\/index.php?rest_route=\/wp\/v2\/posts"}],"about":[{"href":"https:\/\/www.diarioimagen.net\/index.php?rest_route=\/wp\/v2\/types\/post"}],"author":[{"embeddable":true,"href":"https:\/\/www.diarioimagen.net\/index.php?rest_route=\/wp\/v2\/users\/3"}],"replies":[{"embeddable":true,"href":"https:\/\/www.diarioimagen.net\/index.php?rest_route=%2Fwp%2Fv2%2Fcomments&post=308611"}],"version-history":[{"count":0,"href":"https:\/\/www.diarioimagen.net\/index.php?rest_route=\/wp\/v2\/posts\/308611\/revisions"}],"wp:featuredmedia":[{"embeddable":true,"href":"https:\/\/www.diarioimagen.net\/index.php?rest_route=\/wp\/v2\/media\/308647"}],"wp:attachment":[{"href":"https:\/\/www.diarioimagen.net\/index.php?rest_route=%2Fwp%2Fv2%2Fmedia&parent=308611"}],"wp:term":[{"taxonomy":"category","embeddable":true,"href":"https:\/\/www.diarioimagen.net\/index.php?rest_route=%2Fwp%2Fv2%2Fcategories&post=308611"},{"taxonomy":"post_tag","embeddable":true,"href":"https:\/\/www.diarioimagen.net\/index.php?rest_route=%2Fwp%2Fv2%2Ftags&post=308611"}],"curies":[{"name":"wp","href":"https:\/\/api.w.org\/{rel}","templated":true}]}}