{"id":308910,"date":"2017-01-25T00:08:40","date_gmt":"2017-01-25T06:08:40","guid":{"rendered":"http:\/\/www.diarioimagen.net\/?p=308910"},"modified":"2017-01-25T00:20:01","modified_gmt":"2017-01-25T06:20:01","slug":"para-meade-el-alza-en-los-precios-de-basicos-sera-temporal","status":"publish","type":"post","link":"https:\/\/www.diarioimagen.net\/?p=308910","title":{"rendered":"Para Meade escalada en precios s\u00f3lo es temporal"},"content":{"rendered":"<ul>\n<li><strong><em>Suben b\u00e1sicos<\/em><\/strong><\/li>\n<\/ul>\n<p>&nbsp;<\/p>\n<div id=\"attachment_308911\" style=\"width: 470px\" class=\"wp-caption aligncenter\"><a href=\"http:\/\/www.diarioimagen.net\/?attachment_id=308911\" rel=\"attachment wp-att-308911\"><img loading=\"lazy\" decoding=\"async\" aria-describedby=\"caption-attachment-308911\" class=\"size-large wp-image-308911\" src=\"http:\/\/www.diarioimagen.net\/wp-content\/uploads\/2017\/01\/MEADE25-PORTAL-460x268.jpg\" alt=\"\" width=\"460\" height=\"268\" srcset=\"https:\/\/www.diarioimagen.net\/wp-content\/uploads\/2017\/01\/MEADE25-PORTAL-460x268.jpg 460w, https:\/\/www.diarioimagen.net\/wp-content\/uploads\/2017\/01\/MEADE25-PORTAL-240x140.jpg 240w, https:\/\/www.diarioimagen.net\/wp-content\/uploads\/2017\/01\/MEADE25-PORTAL.jpg 480w\" sizes=\"auto, (max-width: 460px) 100vw, 460px\" \/><\/a><p id=\"caption-attachment-308911\" class=\"wp-caption-text\">Jos\u00e9 Antonio Meade Kuribre\u00f1a reconoci\u00f3 que hay un impacto financiero por el gasolinazo, pero ser\u00e1 temporal y se diluir\u00e1 en el tiempo.<\/p><\/div>\n<p>&nbsp;<\/p>\n<p>El impacto financiero producto del alza a las gasolinas ser\u00e1 temporal y se diluir\u00e1 con el tiempo, prev\u00e9 el secretario de Hacienda, Jos\u00e9 Antonio Meade Kuribre\u00f1a.<\/p>\n<p>\u201cHabr\u00e1 impacto financiero, naturalmente. Pero ser\u00e1 temporal y se diluir\u00e1 en el tiempo\u201d, explic\u00f3 el funcionario en reuni\u00f3n con los grupos parlamentarios del Partido Verde Ecologista.<\/p>\n<p>El secretario abord\u00f3 el tema inflacionario horas despu\u00e9s de que oficialmente se diera a conocer que el aumento en el precio de los combustibles repercuti\u00f3 en el indicador de precios al consumidor, que en la primera quincena de enero observ\u00f3 un registro de 1.51 por ciento, la mayor alza para un mismo periodo desde 1999.<\/p>\n<p>A una semana de que el presidente Enrique Pe\u00f1a Nieto desahogue su primera visita con Donald Trump en la Casa Blanca, Meade Kuribre\u00f1a estim\u00f3 que si el gobierno logra \u201canclar\u201d la relaci\u00f3n con Estados Unidos ayudar\u00e1 a acotar la incertidumbre que prevalece y que se refleja, observ\u00f3, en la gran volatilidad que afecta a los mercados.<\/p>\n<p>El titular de Hacienda sostuvo que M\u00e9xico vive momentos definitorios en su relaci\u00f3n con Estados Unidos y en su interacci\u00f3n con Am\u00e9rica del Norte y, por ello, m\u00e1s que nunca se requiere del consenso y la unidad de todos para enfrentar los retos que vienen del exterior.<\/p>\n<p>Dijo que m\u00e1s all\u00e1 de diferencias pol\u00edticas o de visiones de pa\u00eds, se requiere mostrar a los socios internacionales que estamos unidos, fortalecidos, y preparados para enfrentar las negociaciones que est\u00e1n en puerta en la agenda del gobierno de la Rep\u00fablica.<\/p>\n<p>Meade Kuribre\u00f1a expuso que M\u00e9xico tiene una larga experiencia en materia de negociaciones comerciales internacionales, que es un pa\u00eds vanguardista en el \u00e1mbito de comercio exterior y \u201cque tres d\u00e9cadas negociando, modernizando y adecuando acuerdos de libre comercio.<\/p>\n<p>Nos han convertido en una voz autorizada y conocedora en este tema\u201d, apunt\u00f3. \u201cFrente a este reto, frente a este di\u00e1logo, M\u00e9xico debe mostrar a sus socios y a sus interlocutores que estamos unidos, que estamos fortalecidos y que estamos preparados para enfrentar las negociaciones que est\u00e1n en puerta, para ello tenemos una larga experiencia en materia de negociaciones internacionales\u201d, expres\u00f3 el secretario de Hacienda.<\/p>\n<p>En la reuni\u00f3n plenaria del PVEM indic\u00f3 que la opini\u00f3n de M\u00e9xico en materia de comercio exterior tiene peso, prestigio y autoridad, y que de nada servir\u00e1 esta experiencia si se llega a una negociaci\u00f3n divididos y confrontados.<\/p>\n<p>\u201cPor eso ahora es importante que lleguemos a esta negociaci\u00f3n unidos y con unidad de prop\u00f3sito, que dejemos de lado cualquier diferencia, reconociendo que en lo que ahora tenemos por delante se juega parte del presente y mucho del futuro que tendr\u00e1 el pa\u00eds por delante\u201d, afirm\u00f3.<\/p>\n<p>En este marco, enfatiz\u00f3 que la econom\u00eda mexicana ha mantenido un ritmo de crecimiento estable, pese al entorno adverso del exterior y que su sector financiero est\u00e1 trabajando de manera s\u00f3lida y sana.<\/p>\n<p>Meade Kuribre\u00f1a hizo un recuento de los factores que motivaron la flexibilizaci\u00f3n del mercado de gasolinas y destac\u00f3 como los m\u00e1s importantes el aumento en los costos internacionales del petr\u00f3leo y la log\u00edstica de distribuci\u00f3n.<\/p>\n<p>Explic\u00f3 que este a\u00f1o toca enfrentar y trabajar juntos en redefinir la relaci\u00f3n con Estados Unidos, destacando las ventajas de una integraci\u00f3n regional, y continuar con sensibilidad, cuidado y responsabilidad el proceso de liberalizaci\u00f3n de precios de combustibles.<\/p>\n<p>&nbsp;<\/p>\n<p>PATA<\/p>\n<p>&nbsp;<\/p>\n<p>Jos\u00e9 Antonio Meade Kuribre\u00f1a reconoci\u00f3 que hay un impacto financiero por el gasolinazo,\u00a0 pero ser\u00e1 temporal y se diluir\u00e1 en el tiempo.<\/p>\n<p>&nbsp;<\/p>\n<p>&nbsp;<\/p>\n<p>&nbsp;<\/p>\n<p>&nbsp;<\/p>\n","protected":false},"excerpt":{"rendered":"<p>El impacto financiero producto del alza a las gasolinas ser\u00e1 temporal y se diluir\u00e1 con el tiempo, prev\u00e9 el secretario de Hacienda, Jos\u00e9 Antonio Meade Kuribre\u00f1a. \u201cHabr\u00e1 impacto financiero, naturalmente. Pero ser\u00e1 temporal y se diluir\u00e1 en el tiempo\u201d, explic\u00f3 el funcionario en reuni\u00f3n con los grupos parlamentarios del Partido Verde Ecologista.<\/p>\n","protected":false},"author":5,"featured_media":308911,"comment_status":"open","ping_status":"open","sticky":false,"template":"","format":"standard","meta":{"_monsterinsights_skip_tracking":false,"_monsterinsights_sitenote_active":false,"_monsterinsights_sitenote_note":"","_monsterinsights_sitenote_category":0,"footnotes":""},"categories":[8],"tags":[52112,43678,654,26429],"class_list":["post-308910","post","type-post","status-publish","format-standard","has-post-thumbnail","hentry","category-finanzas","tag-alzas","tag-finanzas","tag-gasolinas","tag-jose-antonio-meade-kuribrena"],"_links":{"self":[{"href":"https:\/\/www.diarioimagen.net\/index.php?rest_route=\/wp\/v2\/posts\/308910","targetHints":{"allow":["GET"]}}],"collection":[{"href":"https:\/\/www.diarioimagen.net\/index.php?rest_route=\/wp\/v2\/posts"}],"about":[{"href":"https:\/\/www.diarioimagen.net\/index.php?rest_route=\/wp\/v2\/types\/post"}],"author":[{"embeddable":true,"href":"https:\/\/www.diarioimagen.net\/index.php?rest_route=\/wp\/v2\/users\/5"}],"replies":[{"embeddable":true,"href":"https:\/\/www.diarioimagen.net\/index.php?rest_route=%2Fwp%2Fv2%2Fcomments&post=308910"}],"version-history":[{"count":0,"href":"https:\/\/www.diarioimagen.net\/index.php?rest_route=\/wp\/v2\/posts\/308910\/revisions"}],"wp:featuredmedia":[{"embeddable":true,"href":"https:\/\/www.diarioimagen.net\/index.php?rest_route=\/wp\/v2\/media\/308911"}],"wp:attachment":[{"href":"https:\/\/www.diarioimagen.net\/index.php?rest_route=%2Fwp%2Fv2%2Fmedia&parent=308910"}],"wp:term":[{"taxonomy":"category","embeddable":true,"href":"https:\/\/www.diarioimagen.net\/index.php?rest_route=%2Fwp%2Fv2%2Fcategories&post=308910"},{"taxonomy":"post_tag","embeddable":true,"href":"https:\/\/www.diarioimagen.net\/index.php?rest_route=%2Fwp%2Fv2%2Ftags&post=308910"}],"curies":[{"name":"wp","href":"https:\/\/api.w.org\/{rel}","templated":true}]}}