{"id":308918,"date":"2017-01-25T00:09:32","date_gmt":"2017-01-25T06:09:32","guid":{"rendered":"http:\/\/www.diarioimagen.net\/?p=308918"},"modified":"2017-01-26T01:53:19","modified_gmt":"2017-01-26T07:53:19","slug":"se-contempla-la-opcion-de-salir-del-tlc-videgaray","status":"publish","type":"post","link":"https:\/\/www.diarioimagen.net\/?p=308918","title":{"rendered":"Se contempla la opci\u00f3n de salir del TLC: Videgaray"},"content":{"rendered":"<ul>\n<li><strong><em>\u201cEn cualquier renegociaci\u00f3n hay l\u00edmites\u201d<\/em><\/strong><\/li>\n<\/ul>\n<h6>Jos\u00e9 Luis Monta\u00f1ez<\/h6>\n<p>&nbsp;<\/p>\n<div id=\"attachment_308919\" style=\"width: 470px\" class=\"wp-caption aligncenter\"><a href=\"http:\/\/www.diarioimagen.net\/?attachment_id=308919\" rel=\"attachment wp-att-308919\"><img loading=\"lazy\" decoding=\"async\" aria-describedby=\"caption-attachment-308919\" class=\"wp-image-308919 size-large\" src=\"http:\/\/www.diarioimagen.net\/wp-content\/uploads\/2017\/01\/VIDEGRAY25-portal-460x268.jpg\" width=\"460\" height=\"268\" srcset=\"https:\/\/www.diarioimagen.net\/wp-content\/uploads\/2017\/01\/VIDEGRAY25-portal-460x268.jpg 460w, https:\/\/www.diarioimagen.net\/wp-content\/uploads\/2017\/01\/VIDEGRAY25-portal-240x140.jpg 240w, https:\/\/www.diarioimagen.net\/wp-content\/uploads\/2017\/01\/VIDEGRAY25-portal.jpg 480w\" sizes=\"auto, (max-width: 460px) 100vw, 460px\" \/><\/a><p id=\"caption-attachment-308919\" class=\"wp-caption-text\">El canciller Luis Videgaray afirma que existe la posibilidad de abandonar el TLC, en caso de que la renegociaci\u00f3n sea desfavorable para M\u00e9xico.<\/p><\/div>\n<p>&nbsp;<\/p>\n<p>El secretario de Relaciones Exteriores, Luis Videgaray, afirm\u00f3 que si se modifica el Tratado de Libre Comercio para Am\u00e9rica del Norte (TLCAN) debe ser bajo el principio de ganar-ganar para los pa\u00edses que integran el acuerdo, por lo que no se aceptar\u00e1 algo desfavorable para M\u00e9xico.<\/p>\n<p>Luego de reunirse con la Junta de Coordinaci\u00f3n Pol\u00edtica del Senado de la Rep\u00fablica para acordar la ruta para la construcci\u00f3n de una pol\u00edtica exterior de Estado, indic\u00f3 que la renegociaci\u00f3n no debe afectar el comercio de M\u00e9xico.<\/p>\n<p>El canciller mencion\u00f3 que tambi\u00e9n est\u00e1 la posibilidad de abandonar el Tratado, en caso de que la renegociaci\u00f3n que plantear\u00e1 el gobierno estadunidense sea desfavorable para M\u00e9xico, aunque dej\u00f3 claro que esa no es la premisa, ni la preferencia del gobierno federal en las negociaciones que iniciar\u00e1n esta semana.<\/p>\n<p>Videgaray Caso insisti\u00f3 en que M\u00e9xico no aceptar\u00e1 cualquier renegociaci\u00f3n de dicho acuerdo, ya que si es desfavorable \u201csiempre hay l\u00edmites\u201d y descart\u00f3 que el gobierno de Estados Unidos vaya a imponer agenda y tiempos de una renegociaci\u00f3n. \u201cLos tiempos de M\u00e9xico los determina M\u00e9xico\u201d.<\/p>\n<p>En caso de que se d\u00e9 ese escenario, M\u00e9xico se atendr\u00e1 a las reglas de la Organizaci\u00f3n Mundial de Comercio (OMC) para su relaci\u00f3n comercial con Estados Unidos, y seguir\u00e1 buscando la esencia del libre comercio que es el intercambio de productos libres de cuotas y aranceles.<\/p>\n<p>El funcionario federal tambi\u00e9n se refiri\u00f3 a la salida de Estados Unidos del Acuerdo Transpac\u00edfico de Cooperaci\u00f3n Econ\u00f3mica (TPP, por sus siglas en ingl\u00e9s) y dijo que M\u00e9xico, por instrucciones del presidente Enrique Pe\u00f1a, ya analiza concretar acuerdos comerciales bilaterales con naciones que integran el tratado como Jap\u00f3n y Chile.<\/p>\n<p>Luis Videgaray agradeci\u00f3 el apoyo del Senado de la Rep\u00fablica por fortalecer la red consular mexicana en Estados Unidos y destac\u00f3 la importancia de avanzar en la ruta cr\u00edtica para construir junto con esa instancia legislativa una pol\u00edtica exterior, no de gobierno, ni personal, sino de Estado.<\/p>\n<p>Consider\u00f3 que los actuales son momentos de nuevos retos ante el nuevo gobierno estadunidense, por lo que se requiere la unidad nacional.<\/p>\n<p>Para una protecci\u00f3n consular m\u00e1s eficaz en aqu\u00e9l pa\u00eds, indic\u00f3 que el Senado definir\u00e1 grupos de trabajo, mientras que la canciller\u00eda mexicana habr\u00e1 de trabajar de manera inmediata y conjunta con los legisladores.<\/p>\n","protected":false},"excerpt":{"rendered":"<p><span style=\"color: #005497;\">Jos\u00e9 Luis Monta\u00f1ez<\/span><br \/>\n<br \/>\nEl secretario de Relaciones Exteriores, Luis Videgaray, afirm\u00f3 que si se modifica el Tratado de Libre Comercio para Am\u00e9rica del Norte (TLCAN) debe ser bajo el principio de ganar-ganar para los pa\u00edses que integran el acuerdo, por lo que no se aceptar\u00e1 algo desfavorable para M\u00e9xico.<\/p>\n","protected":false},"author":5,"featured_media":308919,"comment_status":"open","ping_status":"open","sticky":false,"template":"","format":"standard","meta":{"_monsterinsights_skip_tracking":false,"_monsterinsights_sitenote_active":false,"_monsterinsights_sitenote_note":"","_monsterinsights_sitenote_category":0,"footnotes":""},"categories":[3],"tags":[43678,7517,43673,51137,116,7300],"class_list":["post-308918","post","type-post","status-publish","format-standard","has-post-thumbnail","hentry","category-nacional","tag-finanzas","tag-luis-videgaray-caso","tag-nacional","tag-salida","tag-senado-de-la-republica","tag-tlc"],"_links":{"self":[{"href":"https:\/\/www.diarioimagen.net\/index.php?rest_route=\/wp\/v2\/posts\/308918","targetHints":{"allow":["GET"]}}],"collection":[{"href":"https:\/\/www.diarioimagen.net\/index.php?rest_route=\/wp\/v2\/posts"}],"about":[{"href":"https:\/\/www.diarioimagen.net\/index.php?rest_route=\/wp\/v2\/types\/post"}],"author":[{"embeddable":true,"href":"https:\/\/www.diarioimagen.net\/index.php?rest_route=\/wp\/v2\/users\/5"}],"replies":[{"embeddable":true,"href":"https:\/\/www.diarioimagen.net\/index.php?rest_route=%2Fwp%2Fv2%2Fcomments&post=308918"}],"version-history":[{"count":0,"href":"https:\/\/www.diarioimagen.net\/index.php?rest_route=\/wp\/v2\/posts\/308918\/revisions"}],"wp:featuredmedia":[{"embeddable":true,"href":"https:\/\/www.diarioimagen.net\/index.php?rest_route=\/wp\/v2\/media\/308919"}],"wp:attachment":[{"href":"https:\/\/www.diarioimagen.net\/index.php?rest_route=%2Fwp%2Fv2%2Fmedia&parent=308918"}],"wp:term":[{"taxonomy":"category","embeddable":true,"href":"https:\/\/www.diarioimagen.net\/index.php?rest_route=%2Fwp%2Fv2%2Fcategories&post=308918"},{"taxonomy":"post_tag","embeddable":true,"href":"https:\/\/www.diarioimagen.net\/index.php?rest_route=%2Fwp%2Fv2%2Ftags&post=308918"}],"curies":[{"name":"wp","href":"https:\/\/api.w.org\/{rel}","templated":true}]}}