{"id":308924,"date":"2017-01-24T18:00:09","date_gmt":"2017-01-25T00:00:09","guid":{"rendered":"http:\/\/www.diarioimagen.net\/?p=308924"},"modified":"2017-01-26T01:51:08","modified_gmt":"2017-01-26T07:51:08","slug":"instalan-jurado-calificador-de-la-presea-estado-de-mexico-jose-maria-luis-mora","status":"publish","type":"post","link":"https:\/\/www.diarioimagen.net\/?p=308924","title":{"rendered":"Instalan jurado calificador de la Presea Estado de M\u00e9xico \u201cJos\u00e9 Mar\u00eda Luis Mora\u201d"},"content":{"rendered":"<ul>\n<li><em><strong>Encabeza el secretario General de Gobierno, Jos\u00e9 Manzur Quiroga<\/strong><\/em><\/li>\n<\/ul>\n<p>&nbsp;<\/p>\n<div id=\"attachment_308925\" style=\"width: 470px\" class=\"wp-caption aligncenter\"><a href=\"http:\/\/www.diarioimagen.net\/?attachment_id=308925\" rel=\"attachment wp-att-308925\"><img loading=\"lazy\" decoding=\"async\" aria-describedby=\"caption-attachment-308925\" class=\"size-large wp-image-308925\" src=\"http:\/\/www.diarioimagen.net\/wp-content\/uploads\/2017\/01\/PRESEA25-portal-460x268.jpg\" alt=\"\" width=\"460\" height=\"268\" srcset=\"https:\/\/www.diarioimagen.net\/wp-content\/uploads\/2017\/01\/PRESEA25-portal-460x268.jpg 460w, https:\/\/www.diarioimagen.net\/wp-content\/uploads\/2017\/01\/PRESEA25-portal-240x140.jpg 240w, https:\/\/www.diarioimagen.net\/wp-content\/uploads\/2017\/01\/PRESEA25-portal.jpg 480w\" sizes=\"auto, (max-width: 460px) 100vw, 460px\" \/><\/a><p id=\"caption-attachment-308925\" class=\"wp-caption-text\">El secretario General de Gobierno, Jos\u00e9 Manzur Quiroga, presidi\u00f3 la instalaci\u00f3n el jurado calificador de la Presea Estado de M\u00e9xico en su denominaci\u00f3n \u201cJos\u00e9 Mar\u00eda Luis Mora\u201d.<\/p><\/div>\n<p>&nbsp;<\/p>\n<p><strong>Toluca, Estado de M\u00e9xico<\/strong>.- Para reconocer a quienes sin ser mexiquenses y tengan m\u00e9ritos o hayan prestado servicios eminentes en el Estado de M\u00e9xico, se instal\u00f3 el jurado calificador de la Presea Estado de M\u00e9xico en su denominaci\u00f3n \u201cJos\u00e9 Mar\u00eda Luis Mora\u201d, acto que encabez\u00f3 el secretario General de Gobierno, Jos\u00e9 Manzur Quiroga.<\/p>\n<p>A nombre del gobernador Eruviel \u00c1vila Villegas, el funcionario exhort\u00f3 a los integrantes del jurado calificador a participar de forma solidaria y con entusiasmo en las tareas que se les han encomendado, teniendo presente el alto significado y responsabilidad que se les confiere al proponer a las personas que merecen el reconocimiento de la ciudadan\u00eda y de todos los mexiquenses.<\/p>\n<p>Record\u00f3 que el registro de los candidatos de la Presea Estado de M\u00e9xico 2016, se puede llevar a cabo a trav\u00e9s de la p\u00e1gina electr\u00f3nica www.edomex.gob.mx, o mediante las 11 diferentes sedes que hay en la entidad, antes del 31 de enero, fecha en que se cierra la convocatoria, por lo que se exhort\u00f3 a seguir atendiendo las diferentes propuestas.<\/p>\n<p>Durante la primera sesi\u00f3n ordinaria del Consejo de Premiaci\u00f3n de la Presea Estado de M\u00e9xico 2016, y ante representantes de los poderes Legislativo y Judicial de la entidad, se dieron a conocer las actividades del proceso para el otorgamiento de la Presea, haciendo \u00e9nfasis en las incluidas en el cronograma de acciones enunciado las once sedes para el registro de candidatos a las diferentes denominaciones.<\/p>\n<p>En este marco, tambi\u00e9n se inform\u00f3 que para apoyar las acciones en materia de difusi\u00f3n, se solicit\u00f3 a la Coordinaci\u00f3n General de Comunicaci\u00f3n Social del gobierno estatal, llevar a cabo la publicaci\u00f3n de la convocatoria en diarios de circulaci\u00f3n nacional y local, as\u00ed como la impresi\u00f3n de carteles, inserciones en revistas, adem\u00e1s de la promoci\u00f3n en radio, televisi\u00f3n y redes sociales.<\/p>\n","protected":false},"excerpt":{"rendered":"<p>Para reconocer a quienes sin ser mexiquenses y tengan m\u00e9ritos o hayan prestado servicios eminentes en el Estado de M\u00e9xico, se instal\u00f3 el jurado calificador de la Presea Estado de M\u00e9xico en su denominaci\u00f3n \u201cJos\u00e9 Mar\u00eda Luis Mora\u201d, acto que encabez\u00f3 el secretario General de Gobierno, Jos\u00e9 Manzur Quiroga.<\/p>\n","protected":false},"author":5,"featured_media":308925,"comment_status":"open","ping_status":"open","sticky":false,"template":"","format":"standard","meta":{"_monsterinsights_skip_tracking":false,"_monsterinsights_sitenote_active":false,"_monsterinsights_sitenote_note":"","_monsterinsights_sitenote_category":0,"footnotes":""},"categories":[5],"tags":[5828,43675,29182,452],"class_list":["post-308924","post","type-post","status-publish","format-standard","has-post-thumbnail","hentry","category-estado-de-mexico","tag-eruviel-avila-villegas","tag-estado-de-mexico","tag-jose-manzur-quiroga","tag-toluca"],"_links":{"self":[{"href":"https:\/\/www.diarioimagen.net\/index.php?rest_route=\/wp\/v2\/posts\/308924","targetHints":{"allow":["GET"]}}],"collection":[{"href":"https:\/\/www.diarioimagen.net\/index.php?rest_route=\/wp\/v2\/posts"}],"about":[{"href":"https:\/\/www.diarioimagen.net\/index.php?rest_route=\/wp\/v2\/types\/post"}],"author":[{"embeddable":true,"href":"https:\/\/www.diarioimagen.net\/index.php?rest_route=\/wp\/v2\/users\/5"}],"replies":[{"embeddable":true,"href":"https:\/\/www.diarioimagen.net\/index.php?rest_route=%2Fwp%2Fv2%2Fcomments&post=308924"}],"version-history":[{"count":0,"href":"https:\/\/www.diarioimagen.net\/index.php?rest_route=\/wp\/v2\/posts\/308924\/revisions"}],"wp:featuredmedia":[{"embeddable":true,"href":"https:\/\/www.diarioimagen.net\/index.php?rest_route=\/wp\/v2\/media\/308925"}],"wp:attachment":[{"href":"https:\/\/www.diarioimagen.net\/index.php?rest_route=%2Fwp%2Fv2%2Fmedia&parent=308924"}],"wp:term":[{"taxonomy":"category","embeddable":true,"href":"https:\/\/www.diarioimagen.net\/index.php?rest_route=%2Fwp%2Fv2%2Fcategories&post=308924"},{"taxonomy":"post_tag","embeddable":true,"href":"https:\/\/www.diarioimagen.net\/index.php?rest_route=%2Fwp%2Fv2%2Ftags&post=308924"}],"curies":[{"name":"wp","href":"https:\/\/api.w.org\/{rel}","templated":true}]}}