{"id":308979,"date":"2017-01-25T00:01:13","date_gmt":"2017-01-25T06:01:13","guid":{"rendered":"http:\/\/www.diarioimagen.net\/?p=308979"},"modified":"2017-01-25T02:09:35","modified_gmt":"2017-01-25T08:09:35","slug":"asume-jorge-olvera-presidencia-de-comite-de-registro-de-testigos-sociales","status":"publish","type":"post","link":"https:\/\/www.diarioimagen.net\/?p=308979","title":{"rendered":"Asume Jorge Olvera presidencia de Comit\u00e9 de Registro de Testigos Sociales"},"content":{"rendered":"<p><a href=\"http:\/\/www.diarioimagen.net\/?attachment_id=309069\" rel=\"attachment wp-att-309069\"><img loading=\"lazy\" decoding=\"async\" class=\"aligncenter size-large wp-image-309069\" src=\"http:\/\/www.diarioimagen.net\/wp-content\/uploads\/2017\/01\/UAEM-3043-460x259.jpg\" alt=\"\" width=\"460\" height=\"259\" srcset=\"https:\/\/www.diarioimagen.net\/wp-content\/uploads\/2017\/01\/UAEM-3043-460x259.jpg 460w, https:\/\/www.diarioimagen.net\/wp-content\/uploads\/2017\/01\/UAEM-3043-240x135.jpg 240w, https:\/\/www.diarioimagen.net\/wp-content\/uploads\/2017\/01\/UAEM-3043-235x132.jpg 235w, https:\/\/www.diarioimagen.net\/wp-content\/uploads\/2017\/01\/UAEM-3043-202x114.jpg 202w, https:\/\/www.diarioimagen.net\/wp-content\/uploads\/2017\/01\/UAEM-3043-350x196.jpg 350w, https:\/\/www.diarioimagen.net\/wp-content\/uploads\/2017\/01\/UAEM-3043-220x123.jpg 220w, https:\/\/www.diarioimagen.net\/wp-content\/uploads\/2017\/01\/UAEM-3043-237x132.jpg 237w, https:\/\/www.diarioimagen.net\/wp-content\/uploads\/2017\/01\/UAEM-3043.jpg 480w\" sizes=\"auto, (max-width: 460px) 100vw, 460px\" \/><\/a><\/p>\n<p>&nbsp;<\/p>\n<p>La transparencia en el ejercicio de los recursos p\u00fablicos es elemento fundamental para la gobernabilidad, pero tambi\u00e9n para la consolidaci\u00f3n de cualquier Estado democr\u00e1tico, asever\u00f3 el rector de la Universidad Aut\u00f3noma del Estado de M\u00e9xico, Jorge Olvera Garc\u00eda, quien abund\u00f3 que esta casa de estudios nunca reh\u00faye cuando se trata de rendici\u00f3n de cuentas.<\/p>\n","protected":false},"excerpt":{"rendered":"<p>La transparencia en el ejercicio de los recursos p\u00fablicos es elemento fundamental para la gobernabilidad, pero tambi\u00e9n para la consolidaci\u00f3n de cualquier Estado democr\u00e1tico, asever\u00f3 el rector de la Universidad Aut\u00f3noma del Estado de M\u00e9xico, Jorge Olvera Garc\u00eda, quien abund\u00f3 que esta casa de estudios nunca reh\u00faye cuando se trata de rendici\u00f3n de cuentas.<\/p>\n","protected":false},"author":3,"featured_media":309069,"comment_status":"open","ping_status":"open","sticky":false,"template":"","format":"standard","meta":{"_monsterinsights_skip_tracking":false,"_monsterinsights_sitenote_active":false,"_monsterinsights_sitenote_note":"","_monsterinsights_sitenote_category":0,"footnotes":""},"categories":[35155],"tags":[43675,27015],"class_list":["post-308979","post","type-post","status-publish","format-standard","has-post-thumbnail","hentry","category-estado-de-mexico-estado-de-mexico","tag-estado-de-mexico","tag-jorge-olvera-garcia"],"_links":{"self":[{"href":"https:\/\/www.diarioimagen.net\/index.php?rest_route=\/wp\/v2\/posts\/308979","targetHints":{"allow":["GET"]}}],"collection":[{"href":"https:\/\/www.diarioimagen.net\/index.php?rest_route=\/wp\/v2\/posts"}],"about":[{"href":"https:\/\/www.diarioimagen.net\/index.php?rest_route=\/wp\/v2\/types\/post"}],"author":[{"embeddable":true,"href":"https:\/\/www.diarioimagen.net\/index.php?rest_route=\/wp\/v2\/users\/3"}],"replies":[{"embeddable":true,"href":"https:\/\/www.diarioimagen.net\/index.php?rest_route=%2Fwp%2Fv2%2Fcomments&post=308979"}],"version-history":[{"count":0,"href":"https:\/\/www.diarioimagen.net\/index.php?rest_route=\/wp\/v2\/posts\/308979\/revisions"}],"wp:featuredmedia":[{"embeddable":true,"href":"https:\/\/www.diarioimagen.net\/index.php?rest_route=\/wp\/v2\/media\/309069"}],"wp:attachment":[{"href":"https:\/\/www.diarioimagen.net\/index.php?rest_route=%2Fwp%2Fv2%2Fmedia&parent=308979"}],"wp:term":[{"taxonomy":"category","embeddable":true,"href":"https:\/\/www.diarioimagen.net\/index.php?rest_route=%2Fwp%2Fv2%2Fcategories&post=308979"},{"taxonomy":"post_tag","embeddable":true,"href":"https:\/\/www.diarioimagen.net\/index.php?rest_route=%2Fwp%2Fv2%2Ftags&post=308979"}],"curies":[{"name":"wp","href":"https:\/\/api.w.org\/{rel}","templated":true}]}}