{"id":308988,"date":"2017-01-25T00:02:41","date_gmt":"2017-01-25T06:02:41","guid":{"rendered":"http:\/\/www.diarioimagen.net\/?p=308988"},"modified":"2017-01-25T02:34:22","modified_gmt":"2017-01-25T08:34:22","slug":"nombran-a-erwin-castelan-vicepresidente-nacional-de-la-ammac","status":"publish","type":"post","link":"https:\/\/www.diarioimagen.net\/?p=308988","title":{"rendered":"Nombran a Erwin Castel\u00e1n vicepresidente nacional de la AMMAC"},"content":{"rendered":"<p><a href=\"http:\/\/www.diarioimagen.net\/?attachment_id=309082\" rel=\"attachment wp-att-309082\"><img loading=\"lazy\" decoding=\"async\" class=\"aligncenter size-large wp-image-309082\" src=\"http:\/\/www.diarioimagen.net\/wp-content\/uploads\/2017\/01\/COACALCO-3043-460x259.jpg\" alt=\"\" width=\"460\" height=\"259\" srcset=\"https:\/\/www.diarioimagen.net\/wp-content\/uploads\/2017\/01\/COACALCO-3043-460x259.jpg 460w, https:\/\/www.diarioimagen.net\/wp-content\/uploads\/2017\/01\/COACALCO-3043-240x135.jpg 240w, https:\/\/www.diarioimagen.net\/wp-content\/uploads\/2017\/01\/COACALCO-3043-235x132.jpg 235w, https:\/\/www.diarioimagen.net\/wp-content\/uploads\/2017\/01\/COACALCO-3043-202x114.jpg 202w, https:\/\/www.diarioimagen.net\/wp-content\/uploads\/2017\/01\/COACALCO-3043-350x196.jpg 350w, https:\/\/www.diarioimagen.net\/wp-content\/uploads\/2017\/01\/COACALCO-3043-220x123.jpg 220w, https:\/\/www.diarioimagen.net\/wp-content\/uploads\/2017\/01\/COACALCO-3043-237x132.jpg 237w, https:\/\/www.diarioimagen.net\/wp-content\/uploads\/2017\/01\/COACALCO-3043.jpg 480w\" sizes=\"auto, (max-width: 460px) 100vw, 460px\" \/><\/a><\/p>\n<p>&nbsp;<\/p>\n<p><strong>Coacalco, Estado de M\u00e9xico.- <\/strong>La Asociaci\u00f3n de Municipios de M\u00e9xico A.C. (AMMAC) que trabaja con y para los 2 mil 446 ayuntamientos del pa\u00eds y para todos los gobiernos estatales, nombr\u00f3 como su vicepresidente nacional al presidente municipal Erwin Castel\u00e1n Enr\u00edquez.<\/p>\n<p>Al pronunciar un mensaje luego de tomarle protesta como nuevo integrante de la mesa directiva referida, el director ejecutivo de la AMMAC, Joel L\u00f3pez Ortega, dijo que en todos los \u00e1mbitos y en las diferentes encuestas, Coacalco es reconocido como uno de los municipios con mayores niveles de bienestar social.<\/p>\n<p>&nbsp;<\/p>\n","protected":false},"excerpt":{"rendered":"<p>La Asociaci\u00f3n de Municipios de M\u00e9xico A.C. (AMMAC) que trabaja con y para los 2 mil 446 ayuntamientos del pa\u00eds y para todos los gobiernos estatales, nombr\u00f3 como su vicepresidente nacional al presidente municipal Erwin Castel\u00e1n Enr\u00edquez.<\/p>\n","protected":false},"author":3,"featured_media":309082,"comment_status":"open","ping_status":"open","sticky":false,"template":"","format":"standard","meta":{"_monsterinsights_skip_tracking":false,"_monsterinsights_sitenote_active":false,"_monsterinsights_sitenote_note":"","_monsterinsights_sitenote_category":0,"footnotes":""},"categories":[35155],"tags":[579,43675,36600],"class_list":["post-308988","post","type-post","status-publish","format-standard","has-post-thumbnail","hentry","category-estado-de-mexico-estado-de-mexico","tag-coacalco","tag-estado-de-mexico","tag-nombramiento"],"_links":{"self":[{"href":"https:\/\/www.diarioimagen.net\/index.php?rest_route=\/wp\/v2\/posts\/308988","targetHints":{"allow":["GET"]}}],"collection":[{"href":"https:\/\/www.diarioimagen.net\/index.php?rest_route=\/wp\/v2\/posts"}],"about":[{"href":"https:\/\/www.diarioimagen.net\/index.php?rest_route=\/wp\/v2\/types\/post"}],"author":[{"embeddable":true,"href":"https:\/\/www.diarioimagen.net\/index.php?rest_route=\/wp\/v2\/users\/3"}],"replies":[{"embeddable":true,"href":"https:\/\/www.diarioimagen.net\/index.php?rest_route=%2Fwp%2Fv2%2Fcomments&post=308988"}],"version-history":[{"count":0,"href":"https:\/\/www.diarioimagen.net\/index.php?rest_route=\/wp\/v2\/posts\/308988\/revisions"}],"wp:featuredmedia":[{"embeddable":true,"href":"https:\/\/www.diarioimagen.net\/index.php?rest_route=\/wp\/v2\/media\/309082"}],"wp:attachment":[{"href":"https:\/\/www.diarioimagen.net\/index.php?rest_route=%2Fwp%2Fv2%2Fmedia&parent=308988"}],"wp:term":[{"taxonomy":"category","embeddable":true,"href":"https:\/\/www.diarioimagen.net\/index.php?rest_route=%2Fwp%2Fv2%2Fcategories&post=308988"},{"taxonomy":"post_tag","embeddable":true,"href":"https:\/\/www.diarioimagen.net\/index.php?rest_route=%2Fwp%2Fv2%2Ftags&post=308988"}],"curies":[{"name":"wp","href":"https:\/\/api.w.org\/{rel}","templated":true}]}}