{"id":309020,"date":"2017-01-25T00:08:17","date_gmt":"2017-01-25T06:08:17","guid":{"rendered":"http:\/\/www.diarioimagen.net\/?p=309020"},"modified":"2017-01-26T01:53:04","modified_gmt":"2017-01-26T07:53:04","slug":"epn-en-unidad-mexico-sortea-adversidades","status":"publish","type":"post","link":"https:\/\/www.diarioimagen.net\/?p=309020","title":{"rendered":"EPN: en unidad, M\u00e9xico sortea adversidades"},"content":{"rendered":"<ul>\n<li><strong><em>Dice que no hay pa\u00eds exento de problemas<\/em><\/strong><\/li>\n<\/ul>\n<p>&nbsp;<\/p>\n<div id=\"attachment_309108\" style=\"width: 470px\" class=\"wp-caption aligncenter\"><a href=\"http:\/\/www.diarioimagen.net\/?attachment_id=309108\" rel=\"attachment wp-att-309108\"><img loading=\"lazy\" decoding=\"async\" aria-describedby=\"caption-attachment-309108\" class=\"size-large wp-image-309108\" src=\"http:\/\/www.diarioimagen.net\/wp-content\/uploads\/2017\/01\/epn-3043-460x259.jpg\" alt=\"\" width=\"460\" height=\"259\" srcset=\"https:\/\/www.diarioimagen.net\/wp-content\/uploads\/2017\/01\/epn-3043-460x259.jpg 460w, https:\/\/www.diarioimagen.net\/wp-content\/uploads\/2017\/01\/epn-3043-240x135.jpg 240w, https:\/\/www.diarioimagen.net\/wp-content\/uploads\/2017\/01\/epn-3043-235x132.jpg 235w, https:\/\/www.diarioimagen.net\/wp-content\/uploads\/2017\/01\/epn-3043-202x114.jpg 202w, https:\/\/www.diarioimagen.net\/wp-content\/uploads\/2017\/01\/epn-3043-350x196.jpg 350w, https:\/\/www.diarioimagen.net\/wp-content\/uploads\/2017\/01\/epn-3043-220x123.jpg 220w, https:\/\/www.diarioimagen.net\/wp-content\/uploads\/2017\/01\/epn-3043-237x132.jpg 237w, https:\/\/www.diarioimagen.net\/wp-content\/uploads\/2017\/01\/epn-3043.jpg 480w\" sizes=\"auto, (max-width: 460px) 100vw, 460px\" \/><\/a><p id=\"caption-attachment-309108\" class=\"wp-caption-text\">Enrique Pe\u00f1a Nieto afirm\u00f3 que ante el escenario complejo que se vive actualmente M\u00e9xico requiere de la uni\u00f3n de todos.<\/p><\/div>\n<p>&nbsp;<\/p>\n<p>El presidente Enrique Pe\u00f1a Nieto afirm\u00f3 que M\u00e9xico ha sabido sortear en distintas ocasiones, pero siempre en unidad, cualquier momento dif\u00edcil y adverso, y el escenario complejo que se vive actualmente convoca a la uni\u00f3n de todos.<\/p>\n<p>Durante la entrega de los Premios Nacionales de Deportes y de M\u00e9rito Deportivo 2016, el mandatario dijo que actualmente no hay pa\u00eds en el mundo que est\u00e9 exento de problemas, dificultades, coyunturas y desaf\u00edos muy particulares.<\/p>\n<p>No obstante, afirm\u00f3 que el \u201cescenario complejo\u201d que vive espec\u00edficamente el pa\u00eds en el inicio de 2017 convoca a la unidad de las autoridades, de todos los mexicanos y del Estado mexicano en su conjunto.<\/p>\n<p>En ese sentido, convoc\u00f3 a los gobernadores de todos los estados del pa\u00eds, m\u00e1s all\u00e1 de su origen partidario, a trabajar en unidad, velar por el inter\u00e9s nacional y cuidar todo aquello que permita a los mexicanos tener mejores oportunidades de desarrollo.<\/p>\n<p>En el sal\u00f3n Adolfo L\u00f3pez Mateos de la residencia oficial de Los Pinos, sostuvo que la volatilidad en los mercados financieros y de precios, sobre todo de insumos importantes como los combustibles, as\u00ed como la relaci\u00f3n que se debe trabajar con los Estados Unidos, \u201cson nuevos retos, pero tambi\u00e9n nuevas oportunidades\u201d.<\/p>\n<p>Son oportunidades, enfatiz\u00f3, para tomar lo mejor de nosotros, apoyarnos en lo que hemos construido y que eso nos permita seguir avanzando hacia mejores horizontes, pues \u201cde esa forma nos adaptaremos a las nuevas realidades, a los escenarios que el mundo plantea\u201d.<\/p>\n<p>El mandatario federal pidi\u00f3 tener presente que \u201csomos una naci\u00f3n que tiene much\u00edsimas fortalezas, en la que las generaciones que nos antecedieron hicieron su aporte a la construcci\u00f3n de ese mejor M\u00e9xico que todos queremos\u201d, y reconoci\u00f3 que siempre hemos enfrentado retos y adversidades \u201cporque as\u00ed es la din\u00e1mica social\u201d.<\/p>\n<p>En este marco, el presidente Pe\u00f1a Nieto hizo un reconocimiento a los ganadores de los premios y a los entrenadores, psic\u00f3logos, nutri\u00f3logos y todo el equipo multidisciplinario que apoya el trabajo de cada deportista.<\/p>\n<p>Asimismo, reconoci\u00f3 que las familias de los atletas que alientan, motivan y siempre son los principales \u201cporristas\u201d que est\u00e1n detr\u00e1s de su familiar, que saben que est\u00e1 destacando en una actividad o disciplina deportiva.<\/p>\n<p>Se\u00f1al\u00f3 que 2016 nos trajo grandes satisfacciones como pa\u00eds en materia deportiva, pero al mismo tiempo tambi\u00e9n dej\u00f3 ver oportunidades hacia delante \u201cy nos estamos preparando para acometerlas\u201d.<\/p>\n<p>Apunt\u00f3 que fue un a\u00f1o en el que se confirm\u00f3 el crecimiento de nuestro talento deportivo, como por ejemplo en el \u00e1mbito ol\u00edmpico, que no estuvo exento de pol\u00e9mica, y no s\u00f3lo se obtuvieron medallas, sino hubo una gran diversidad de atletas ubicados entre los 10 primeros lugares de sus disciplinas.<\/p>\n<p>El titular del Ejecutivo federal destac\u00f3 que sus triunfos nos animan como pa\u00eds, y en particular a los j\u00f3venes, porque lo que han hecho resulta muy motivador.<\/p>\n<p style=\"text-align: center;\"><strong>Entregan el Premio Nacional del Deporte 2016<\/strong><\/p>\n<p>En ceremonia llevada a cabo ayer martes en el Sal\u00f3n Adolfo L\u00f3pez Mateos de la residencia oficial de Los Pinos, el presidente Enrique Pe\u00f1a Nieto, entreg\u00f3 el Premio Nacional del Deporte (PND) 2016.<\/p>\n<p>En la categor\u00eda no profesional, los acreedores a dicho reconocimiento fueron la taekwondo\u00edn Mar\u00eda del Rosario Espinoza, la marchista Guadalupe Gonz\u00e1lez, el pentatleta Ismael Hern\u00e1ndez, el boxeador Misael Rodr\u00edguez y el clavadista Germ\u00e1n S\u00e1nchez, todos ellos medallistas ol\u00edmpicos en R\u00edo 2016.<\/p>\n<p>Mar\u00eda del Rosario, Ismael Hern\u00e1ndez y Germ\u00e1n S\u00e1nchez lucieron vestimenta del Ej\u00e9rcito, mientras que Misael Rodr\u00edguez y Guadalupe Gonz\u00e1lez presumieron de su traje de la Marina.<\/p>\n<p>&nbsp;<\/p>\n","protected":false},"excerpt":{"rendered":"<p>El presidente Enrique Pe\u00f1a Nieto afirm\u00f3 que M\u00e9xico ha sabido sortear en distintas ocasiones, pero siempre en unidad, cualquier momento dif\u00edcil y adverso, y el escenario complejo que se vive actualmente convoca a la uni\u00f3n de todos.<\/p>\n","protected":false},"author":3,"featured_media":309108,"comment_status":"open","ping_status":"open","sticky":false,"template":"","format":"standard","meta":{"_monsterinsights_skip_tracking":false,"_monsterinsights_sitenote_active":false,"_monsterinsights_sitenote_note":"","_monsterinsights_sitenote_category":0,"footnotes":""},"categories":[3],"tags":[18,43673,14119],"class_list":["post-309020","post","type-post","status-publish","format-standard","has-post-thumbnail","hentry","category-nacional","tag-enrique-pena-nieto","tag-nacional","tag-premio-nacional-del-deporte"],"_links":{"self":[{"href":"https:\/\/www.diarioimagen.net\/index.php?rest_route=\/wp\/v2\/posts\/309020","targetHints":{"allow":["GET"]}}],"collection":[{"href":"https:\/\/www.diarioimagen.net\/index.php?rest_route=\/wp\/v2\/posts"}],"about":[{"href":"https:\/\/www.diarioimagen.net\/index.php?rest_route=\/wp\/v2\/types\/post"}],"author":[{"embeddable":true,"href":"https:\/\/www.diarioimagen.net\/index.php?rest_route=\/wp\/v2\/users\/3"}],"replies":[{"embeddable":true,"href":"https:\/\/www.diarioimagen.net\/index.php?rest_route=%2Fwp%2Fv2%2Fcomments&post=309020"}],"version-history":[{"count":0,"href":"https:\/\/www.diarioimagen.net\/index.php?rest_route=\/wp\/v2\/posts\/309020\/revisions"}],"wp:featuredmedia":[{"embeddable":true,"href":"https:\/\/www.diarioimagen.net\/index.php?rest_route=\/wp\/v2\/media\/309108"}],"wp:attachment":[{"href":"https:\/\/www.diarioimagen.net\/index.php?rest_route=%2Fwp%2Fv2%2Fmedia&parent=309020"}],"wp:term":[{"taxonomy":"category","embeddable":true,"href":"https:\/\/www.diarioimagen.net\/index.php?rest_route=%2Fwp%2Fv2%2Fcategories&post=309020"},{"taxonomy":"post_tag","embeddable":true,"href":"https:\/\/www.diarioimagen.net\/index.php?rest_route=%2Fwp%2Fv2%2Ftags&post=309020"}],"curies":[{"name":"wp","href":"https:\/\/api.w.org\/{rel}","templated":true}]}}