{"id":309177,"date":"2017-01-26T00:09:28","date_gmt":"2017-01-26T06:09:28","guid":{"rendered":"http:\/\/www.diarioimagen.net\/?p=309177"},"modified":"2017-01-27T00:49:45","modified_gmt":"2017-01-27T06:49:45","slug":"mexico-lamenta-y-reprueba-construccion-del-muro-trump","status":"publish","type":"post","link":"https:\/\/www.diarioimagen.net\/?p=309177","title":{"rendered":"M\u00e9xico lamenta y reprueba construcci\u00f3n del muro Trump"},"content":{"rendered":"<ul>\n<li><strong><em>Los 50 consulados mexicanos se convertir\u00e1n en defensor\u00edas de los derechos de los migrantes, anuncia el Presidente<\/em><\/strong><\/li>\n<\/ul>\n<h6>Jos\u00e9 Luis Monta\u00f1ez<\/h6>\n<p>&nbsp;<\/p>\n<div id=\"attachment_309261\" style=\"width: 470px\" class=\"wp-caption aligncenter\"><a href=\"http:\/\/www.diarioimagen.net\/?attachment_id=309261\" rel=\"attachment wp-att-309261\"><img loading=\"lazy\" decoding=\"async\" aria-describedby=\"caption-attachment-309261\" class=\"size-large wp-image-309261\" src=\"http:\/\/www.diarioimagen.net\/wp-content\/uploads\/2017\/01\/epn-3044-460x337.jpg\" alt=\"\" width=\"460\" height=\"337\" srcset=\"https:\/\/www.diarioimagen.net\/wp-content\/uploads\/2017\/01\/epn-3044-460x337.jpg 460w, https:\/\/www.diarioimagen.net\/wp-content\/uploads\/2017\/01\/epn-3044-240x176.jpg 240w, https:\/\/www.diarioimagen.net\/wp-content\/uploads\/2017\/01\/epn-3044-768x563.jpg 768w, https:\/\/www.diarioimagen.net\/wp-content\/uploads\/2017\/01\/epn-3044-90x65.jpg 90w, https:\/\/www.diarioimagen.net\/wp-content\/uploads\/2017\/01\/epn-3044.jpg 1200w\" sizes=\"auto, (max-width: 460px) 100vw, 460px\" \/><\/a><p id=\"caption-attachment-309261\" class=\"wp-caption-text\">Enrique Pe\u00f1a Nieto reiter\u00f3 que no se pagar\u00e1 por el muro.<\/p><\/div>\n<p>&nbsp;<\/p>\n<p>En respuesta a la orden ejecutiva de Donald Trump para construir el muro en la frontera con M\u00e9xico, el presidente Enrique Pe\u00f1a Nieto ofreci\u00f3 un mensaje a la naci\u00f3n. Este es un fragmento de su discurso:<\/p>\n<p>\u201cEste d\u00eda, el Presidente de los Estados Unidos firm\u00f3 dos \u00f3rdenes ejecutivas, relacionadas con nuestro pa\u00eds: una para implementar medidas migratorias y otra para extender el muro en la frontera. En respuesta, he ordenado que la Secretar\u00eda de Relaciones Exteriores refuerce las medidas de protecci\u00f3n a nuestros connacionales.<\/p>\n<p>Los 50 consulados de M\u00e9xico en los Estados Unidos se convertir\u00e1n en aut\u00e9nticas defensor\u00edas de los derechos de los migrantes.<\/p>\n<p>Nuestras comunidades no est\u00e1n solas. El Gobierno de M\u00e9xico les brindar\u00e1 la asesor\u00eda legal, que les garantice la protecci\u00f3n que requieran.<\/p>\n<p>Convoco a los legisladores y a organizaciones de la sociedad civil, a que sumemos esfuerzos para respaldarlas y apoyarlas.<\/p>\n<p>Lamento y repruebo la decisi\u00f3n de Estados Unidos, de continuar la construcci\u00f3n de un muro que, desde hace a\u00f1os, lejos de unirnos, nos divide.<\/p>\n<p>M\u00e9xico no cree en los muros.<\/p>\n<p>Lo he dicho una y otra vez: M\u00e9xico no pagar\u00e1 ning\u00fan muro\u201d.<\/p>\n<p>&nbsp;<\/p>\n","protected":false},"excerpt":{"rendered":"<p><span style=\"color: #005497;\">Jos\u00e9 Luis Monta\u00f1ez Aguilar<\/span><br \/>\n<br \/>\nEn respuesta a la orden ejecutiva de Donald Trump para construir el muro en la frontera con M\u00e9xico, el presidente Enrique Pe\u00f1a Nieto ofreci\u00f3 un mensaje a la naci\u00f3n. Este es un fragmento de su discurso: \u201cEste d\u00eda, el Presidente de los Estados Unidos firm\u00f3 dos \u00f3rdenes ejecutivas, relacionadas con nuestro pa\u00eds: una para implementar medidas migratorias y otra para extender el muro en la frontera. En respuesta, he ordenado que la Secretar\u00eda de Relaciones Exteriores refuerce las medidas de protecci\u00f3n a nuestros connacionales.<\/p>\n","protected":false},"author":3,"featured_media":309261,"comment_status":"open","ping_status":"open","sticky":false,"template":"","format":"standard","meta":{"_monsterinsights_skip_tracking":false,"_monsterinsights_sitenote_active":false,"_monsterinsights_sitenote_note":"","_monsterinsights_sitenote_category":0,"footnotes":""},"categories":[3],"tags":[41813,18,177,44,43673],"class_list":["post-309177","post","type-post","status-publish","format-standard","has-post-thumbnail","hentry","category-nacional","tag-donald-trump","tag-enrique-pena-nieto","tag-estados-unidos","tag-mexico","tag-nacional"],"_links":{"self":[{"href":"https:\/\/www.diarioimagen.net\/index.php?rest_route=\/wp\/v2\/posts\/309177","targetHints":{"allow":["GET"]}}],"collection":[{"href":"https:\/\/www.diarioimagen.net\/index.php?rest_route=\/wp\/v2\/posts"}],"about":[{"href":"https:\/\/www.diarioimagen.net\/index.php?rest_route=\/wp\/v2\/types\/post"}],"author":[{"embeddable":true,"href":"https:\/\/www.diarioimagen.net\/index.php?rest_route=\/wp\/v2\/users\/3"}],"replies":[{"embeddable":true,"href":"https:\/\/www.diarioimagen.net\/index.php?rest_route=%2Fwp%2Fv2%2Fcomments&post=309177"}],"version-history":[{"count":0,"href":"https:\/\/www.diarioimagen.net\/index.php?rest_route=\/wp\/v2\/posts\/309177\/revisions"}],"wp:featuredmedia":[{"embeddable":true,"href":"https:\/\/www.diarioimagen.net\/index.php?rest_route=\/wp\/v2\/media\/309261"}],"wp:attachment":[{"href":"https:\/\/www.diarioimagen.net\/index.php?rest_route=%2Fwp%2Fv2%2Fmedia&parent=309177"}],"wp:term":[{"taxonomy":"category","embeddable":true,"href":"https:\/\/www.diarioimagen.net\/index.php?rest_route=%2Fwp%2Fv2%2Fcategories&post=309177"},{"taxonomy":"post_tag","embeddable":true,"href":"https:\/\/www.diarioimagen.net\/index.php?rest_route=%2Fwp%2Fv2%2Ftags&post=309177"}],"curies":[{"name":"wp","href":"https:\/\/api.w.org\/{rel}","templated":true}]}}