{"id":309187,"date":"2017-01-26T00:14:43","date_gmt":"2017-01-26T06:14:43","guid":{"rendered":"http:\/\/www.diarioimagen.net\/?p=309187"},"modified":"2017-01-26T02:57:39","modified_gmt":"2017-01-26T08:57:39","slug":"el-chapo-no-saldra-de-su-celda-ni-para-audiencia","status":"publish","type":"post","link":"https:\/\/www.diarioimagen.net\/?p=309187","title":{"rendered":"\u201cEl Chapo\u201d no saldr\u00e1 de su celda ni para audiencia"},"content":{"rendered":"<ul>\n<li><strong><em>Determina juez que sea a trav\u00e9s de video<\/em><\/strong><\/li>\n<\/ul>\n<p>&nbsp;<\/p>\n<div id=\"attachment_309284\" style=\"width: 470px\" class=\"wp-caption aligncenter\"><a href=\"http:\/\/www.diarioimagen.net\/?attachment_id=309284\" rel=\"attachment wp-att-309284\"><img loading=\"lazy\" decoding=\"async\" aria-describedby=\"caption-attachment-309284\" class=\"size-large wp-image-309284\" src=\"http:\/\/www.diarioimagen.net\/wp-content\/uploads\/2017\/01\/CHAPO-3044-460x259.jpg\" alt=\"\" width=\"460\" height=\"259\" srcset=\"https:\/\/www.diarioimagen.net\/wp-content\/uploads\/2017\/01\/CHAPO-3044-460x259.jpg 460w, https:\/\/www.diarioimagen.net\/wp-content\/uploads\/2017\/01\/CHAPO-3044-240x135.jpg 240w, https:\/\/www.diarioimagen.net\/wp-content\/uploads\/2017\/01\/CHAPO-3044-235x132.jpg 235w, https:\/\/www.diarioimagen.net\/wp-content\/uploads\/2017\/01\/CHAPO-3044-202x114.jpg 202w, https:\/\/www.diarioimagen.net\/wp-content\/uploads\/2017\/01\/CHAPO-3044-350x196.jpg 350w, https:\/\/www.diarioimagen.net\/wp-content\/uploads\/2017\/01\/CHAPO-3044-220x123.jpg 220w, https:\/\/www.diarioimagen.net\/wp-content\/uploads\/2017\/01\/CHAPO-3044-237x132.jpg 237w, https:\/\/www.diarioimagen.net\/wp-content\/uploads\/2017\/01\/CHAPO-3044.jpg 480w\" sizes=\"auto, (max-width: 460px) 100vw, 460px\" \/><\/a><p id=\"caption-attachment-309284\" class=\"wp-caption-text\">El juez federal Brian Cogan pidi\u00f3 que Joaqu\u00edn \u201cEl Chapo\u201d Guzm\u00e1n sea escuchado por videoconferencia para minimizar los riesgos de una fuga.<\/p><\/div>\n<p>&nbsp;<\/p>\n<p>Para evitar complicaciones de traslado y vulneraci\u00f3n de la seguridad, un juez federal de Estados Unidos determin\u00f3 que la primera audiencia de Joaqu\u00edn \u201cEl Chapo\u201d Guzm\u00e1n Loera se desarrollar\u00e1 a trav\u00e9s de video.<\/p>\n<p>Michelle Gelernt, abogada de oficio de Joaqu\u00edn Guzm\u00e1n inform\u00f3 que, esta medida ser\u00e1 ejecutada para \u2018minimizar las perturbaciones ligadas a su transporte f\u00edsico\u2019.<\/p>\n<p>De acuerdo con los t\u00e9rminos legales, tanto la defensa de Guzm\u00e1n Loera, como el fiscal, podr\u00e1n presentar sus apelaciones en torno a dicha medida hasta el 30 de enero.<\/p>\n<p>Cabe mencionar que el pr\u00f3ximo 3 de febrero, se llevar\u00e1 acabo la audiencia del l\u00edder del c\u00e1rtel del Pac\u00edfico en la Corte Federal de Manhattan.<\/p>\n<p>Conocido por su inminente habilidad para trasladar droga de M\u00e9xico a Estados Unidos a trav\u00e9s de la construcci\u00f3n de t\u00faneles y lanzamientos con catapultas, Joaqu\u00edn Guzm\u00e1n fue arrestado en tres ocasiones por las autoridades federales mexicanas, sin embargo, logr\u00f3 fugarse en dos ocasiones.<\/p>\n<p>Las autoridades federales de Estados Unidos mantienen al narcotraficante mexicano Joaqu\u00edn \u201cEl Chapo\u201d Guzm\u00e1n en una prisi\u00f3n de alta seguridad en Manhattan, en la ciudad de Nueva York, que ha sido descrita como m\u00e1s severa que la de Guant\u00e1namo.<\/p>\n<p>De acuerdo con varios informes de prensa, Guzm\u00e1n es mantenido en el Centro Correccional Metropolitano, que tiene un intenso control de las medidas de seguridad, siendo \u00e9stas de las m\u00e1s estrictas entre las prisiones en Estados Unidos.<\/p>\n<p>Guzm\u00e1n es mantenido en esa prisi\u00f3n luego de que el jueves de la semana pasada fuera extraditado desde M\u00e9xico, esto con la finalidad de que haga frente a las acusaciones que ostenta por hasta 17 cargos relacionados con la probable comisi\u00f3n de diversas actividades criminales.<\/p>\n<p>De acuerdo con una memoria publicada por Uzair Paracha, condenado por proporcionar apoyo al grupo terrorista Al-Qaeda, esta prisi\u00f3n de Manhattan tiene condiciones menos hospitalarias que el centro de detenci\u00f3n militar de Guant\u00e1namo.<\/p>\n<p>El diario <em>The New York Times<\/em> asent\u00f3 que los reclusos alojados en las celdas de m\u00e1xima seguridad se han quejado de condiciones tan aislantes que algunos la culpan por sufrir deterioros de la vista.<\/p>\n<p>La c\u00e1rcel, abierta en 1975, tiene alrededor de 795 presos. Aquellos considerados m\u00e1s peligrosos est\u00e1n alojados en unas seis celdas en un ala conocida como 10 Sur, donde est\u00e1n recluidos en r\u00e9gimen de aislamiento y se les proh\u00edbe comunicarse entre ellos.<\/p>\n<p>En esas celdas las luces est\u00e1n encendidas 23 o 24 horas al d\u00eda, e incluso la ranura en cada puerta la mantienen cerrada, lo que significa que los reclusos ven poco m\u00e1s all\u00e1 de su celda solitaria, de acuerdo con los recuentos del <em>Times<\/em>.<\/p>\n<p>Los guardias pueden ver el interior de estas celdas a trav\u00e9s de una c\u00e1mara dirigida a la ducha y otra por encima del inodoro o la cama, seg\u00fan las memorias de Paracha.<\/p>\n","protected":false},"excerpt":{"rendered":"<p>Para evitar complicaciones de traslado y vulneraci\u00f3n de la seguridad, un juez federal de Estados Unidos determin\u00f3 que la primera audiencia de Joaqu\u00edn \u201cEl Chapo\u201d Guzm\u00e1n Loera se desarrollar\u00e1 a trav\u00e9s de video.<\/p>\n","protected":false},"author":3,"featured_media":309284,"comment_status":"open","ping_status":"open","sticky":false,"template":"","format":"standard","meta":{"_monsterinsights_skip_tracking":false,"_monsterinsights_sitenote_active":false,"_monsterinsights_sitenote_note":"","_monsterinsights_sitenote_category":0,"footnotes":""},"categories":[7],"tags":[2765,13371,43677],"class_list":["post-309187","post","type-post","status-publish","format-standard","has-post-thumbnail","hentry","category-seguridad","tag-joaquin-el-chapo-guzman-loera","tag-juez","tag-seguridad"],"_links":{"self":[{"href":"https:\/\/www.diarioimagen.net\/index.php?rest_route=\/wp\/v2\/posts\/309187","targetHints":{"allow":["GET"]}}],"collection":[{"href":"https:\/\/www.diarioimagen.net\/index.php?rest_route=\/wp\/v2\/posts"}],"about":[{"href":"https:\/\/www.diarioimagen.net\/index.php?rest_route=\/wp\/v2\/types\/post"}],"author":[{"embeddable":true,"href":"https:\/\/www.diarioimagen.net\/index.php?rest_route=\/wp\/v2\/users\/3"}],"replies":[{"embeddable":true,"href":"https:\/\/www.diarioimagen.net\/index.php?rest_route=%2Fwp%2Fv2%2Fcomments&post=309187"}],"version-history":[{"count":0,"href":"https:\/\/www.diarioimagen.net\/index.php?rest_route=\/wp\/v2\/posts\/309187\/revisions"}],"wp:featuredmedia":[{"embeddable":true,"href":"https:\/\/www.diarioimagen.net\/index.php?rest_route=\/wp\/v2\/media\/309284"}],"wp:attachment":[{"href":"https:\/\/www.diarioimagen.net\/index.php?rest_route=%2Fwp%2Fv2%2Fmedia&parent=309187"}],"wp:term":[{"taxonomy":"category","embeddable":true,"href":"https:\/\/www.diarioimagen.net\/index.php?rest_route=%2Fwp%2Fv2%2Fcategories&post=309187"},{"taxonomy":"post_tag","embeddable":true,"href":"https:\/\/www.diarioimagen.net\/index.php?rest_route=%2Fwp%2Fv2%2Ftags&post=309187"}],"curies":[{"name":"wp","href":"https:\/\/api.w.org\/{rel}","templated":true}]}}