{"id":309191,"date":"2017-01-26T00:06:46","date_gmt":"2017-01-26T06:06:46","guid":{"rendered":"http:\/\/www.diarioimagen.net\/?p=309191"},"modified":"2017-01-27T00:49:16","modified_gmt":"2017-01-27T06:49:16","slug":"programa-nacional-de-exhibicion-de-precios","status":"publish","type":"post","link":"https:\/\/www.diarioimagen.net\/?p=309191","title":{"rendered":"Programa nacional de exhibici\u00f3n de precios"},"content":{"rendered":"<ul>\n<li><strong><em>Inicia Profeco<\/em><\/strong><\/li>\n<\/ul>\n<p>&nbsp;<\/p>\n<div id=\"attachment_309312\" style=\"width: 470px\" class=\"wp-caption aligncenter\"><a href=\"http:\/\/www.diarioimagen.net\/?attachment_id=309312\" rel=\"attachment wp-att-309312\"><img loading=\"lazy\" decoding=\"async\" aria-describedby=\"caption-attachment-309312\" class=\"size-large wp-image-309312\" src=\"http:\/\/www.diarioimagen.net\/wp-content\/uploads\/2017\/01\/profeco-3044-460x259.jpg\" alt=\"\" width=\"460\" height=\"259\" srcset=\"https:\/\/www.diarioimagen.net\/wp-content\/uploads\/2017\/01\/profeco-3044-460x259.jpg 460w, https:\/\/www.diarioimagen.net\/wp-content\/uploads\/2017\/01\/profeco-3044-240x135.jpg 240w, https:\/\/www.diarioimagen.net\/wp-content\/uploads\/2017\/01\/profeco-3044-480x270.jpg 480w, https:\/\/www.diarioimagen.net\/wp-content\/uploads\/2017\/01\/profeco-3044-235x132.jpg 235w, https:\/\/www.diarioimagen.net\/wp-content\/uploads\/2017\/01\/profeco-3044-202x114.jpg 202w, https:\/\/www.diarioimagen.net\/wp-content\/uploads\/2017\/01\/profeco-3044-350x196.jpg 350w, https:\/\/www.diarioimagen.net\/wp-content\/uploads\/2017\/01\/profeco-3044-220x123.jpg 220w, https:\/\/www.diarioimagen.net\/wp-content\/uploads\/2017\/01\/profeco-3044-237x132.jpg 237w, https:\/\/www.diarioimagen.net\/wp-content\/uploads\/2017\/01\/profeco-3044.jpg 700w\" sizes=\"auto, (max-width: 460px) 100vw, 460px\" \/><\/a><p id=\"caption-attachment-309312\" class=\"wp-caption-text\">Personal de las delegaciones y oficinas centrales recorre los mercados p\u00fablicos y centros de abasto para garantizar que se exhiban precios y se cumpla con la reglamentaci\u00f3n para los instrumentos de medici\u00f3n.<\/p><\/div>\n<p>&nbsp;<\/p>\n<p>La Procuradur\u00eda Federal del Consumidor (Profeco) inici\u00f3 un programa nacional para la exhibici\u00f3n de precios y la calibraci\u00f3n de b\u00e1sculas en mercados y centros de abasto de todo el pa\u00eds.<\/p>\n<p>El objetivo es que se cumpla lo dispuesto en el Art\u00edculo 7-Bis de la Ley Federal de Protecci\u00f3n al Consumidor donde se establece que \u201cel proveedor est\u00e1 obligado a exhibir de forma notoria y visible el monto total a pagar por los bienes, productos o servicios que ofrezca al consumidor\u201d.<\/p>\n<p>Por instrucciones del procurador Ernesto Nemer, personal de las 56 delegaciones y oficinas centrales de la Profeco realiza recorridos para exigir que se exhiban precios y se calibren debidamente las b\u00e1sculas para garantizar que se despachen kilos completos.<\/p>\n<p>Al respecto, Nemer \u00c1lvarez encabez\u00f3 visitas aleatorias en mercados p\u00fablicos de la Ciudad de M\u00e9xico para detectar irregularidades, monitorear precios de productos b\u00e1sicos y dialogar con usuarios y locatarios, a quienes pidi\u00f3 cumplir con la ley para respetar derechos fundamentales como: tener precios a la vista y pesar los productos correctamente.<\/p>\n<p>Asimismo, la Profeco mantiene como una de sus acciones prioritarias, el monitoreo y verificaci\u00f3n en tortiller\u00edas en todo el pa\u00eds para detectar y evitar abusos.<\/p>\n<p>En lo que va del a\u00f1o se han realizado mil 800 verificaciones y monitoreos a tortiller\u00edas, aplicando sellos de suspensi\u00f3n e inmovilizaci\u00f3n a 513 por no exhibir precios, cobrar una cantidad mayor a la exhibida y no vender kilos completos.<\/p>\n<p>El procurador Nemer exhort\u00f3 a que se reporten irregularidades a trav\u00e9s del Tel\u00e9fono del Consumidor 55688722 en la Ciudad de M\u00e9xico y \u00c1rea Metropolitana; el 01800 4688722 sin costo en el resto del pa\u00eds, y de las redes sociales oficiales en twitter: @Profeco y en Facebook ProfecoOficial.<\/p>\n","protected":false},"excerpt":{"rendered":"<p>La Procuradur\u00eda Federal del Consumidor (Profeco) inici\u00f3 un programa nacional para la exhibici\u00f3n de precios y la calibraci\u00f3n de b\u00e1sculas en mercados y centros de abasto de todo el pa\u00eds. El objetivo es que se cumpla lo dispuesto en el Art\u00edculo 7-Bis de la Ley Federal de Protecci\u00f3n al Consumidor donde se establece que \u201cel proveedor est\u00e1 obligado a exhibir de forma notoria y visible el monto total a pagar por los bienes, productos o servicios que ofrezca al consumidor\u201d.<\/p>\n","protected":false},"author":3,"featured_media":309312,"comment_status":"open","ping_status":"open","sticky":false,"template":"","format":"standard","meta":{"_monsterinsights_skip_tracking":false,"_monsterinsights_sitenote_active":false,"_monsterinsights_sitenote_note":"","_monsterinsights_sitenote_category":0,"footnotes":""},"categories":[3],"tags":[43678,43673,46011,29423],"class_list":["post-309191","post","type-post","status-publish","format-standard","has-post-thumbnail","hentry","category-nacional","tag-finanzas","tag-nacional","tag-precios","tag-procuraduria-federal-del-consumidor"],"_links":{"self":[{"href":"https:\/\/www.diarioimagen.net\/index.php?rest_route=\/wp\/v2\/posts\/309191","targetHints":{"allow":["GET"]}}],"collection":[{"href":"https:\/\/www.diarioimagen.net\/index.php?rest_route=\/wp\/v2\/posts"}],"about":[{"href":"https:\/\/www.diarioimagen.net\/index.php?rest_route=\/wp\/v2\/types\/post"}],"author":[{"embeddable":true,"href":"https:\/\/www.diarioimagen.net\/index.php?rest_route=\/wp\/v2\/users\/3"}],"replies":[{"embeddable":true,"href":"https:\/\/www.diarioimagen.net\/index.php?rest_route=%2Fwp%2Fv2%2Fcomments&post=309191"}],"version-history":[{"count":0,"href":"https:\/\/www.diarioimagen.net\/index.php?rest_route=\/wp\/v2\/posts\/309191\/revisions"}],"wp:featuredmedia":[{"embeddable":true,"href":"https:\/\/www.diarioimagen.net\/index.php?rest_route=\/wp\/v2\/media\/309312"}],"wp:attachment":[{"href":"https:\/\/www.diarioimagen.net\/index.php?rest_route=%2Fwp%2Fv2%2Fmedia&parent=309191"}],"wp:term":[{"taxonomy":"category","embeddable":true,"href":"https:\/\/www.diarioimagen.net\/index.php?rest_route=%2Fwp%2Fv2%2Fcategories&post=309191"},{"taxonomy":"post_tag","embeddable":true,"href":"https:\/\/www.diarioimagen.net\/index.php?rest_route=%2Fwp%2Fv2%2Ftags&post=309191"}],"curies":[{"name":"wp","href":"https:\/\/api.w.org\/{rel}","templated":true}]}}