{"id":309196,"date":"2017-01-26T00:01:56","date_gmt":"2017-01-26T06:01:56","guid":{"rendered":"http:\/\/www.diarioimagen.net\/?p=309196"},"modified":"2017-01-26T02:56:43","modified_gmt":"2017-01-26T08:56:43","slug":"la-tercera-edicion-del-concurso-s-pellegrino-young-chef-competencia-internacional-que-reconoce-al-talento-joven-culinario-en-el-mundo-2","status":"publish","type":"post","link":"https:\/\/www.diarioimagen.net\/?p=309196","title":{"rendered":"La tercera edici\u00f3n del concurso <em>S. Pellegrino Young Chef<\/em>, competencia internacional que reconoce al talento joven culinario en el mundo"},"content":{"rendered":"<h2>De cinco estrellas<\/h2>\n<h5>Victoria Gonz\u00e1lez Prado<\/h5>\n<p>&nbsp;<\/p>\n<ul>\n<li><em><strong>Con un aumento de su producto en 2016 <\/strong><\/em><strong>Bedsonline<\/strong><em><strong> prev\u00e9 un 2017 m\u00e1s competitivo con mejora de tarifas y disponibilidad<\/strong><\/em><\/li>\n<\/ul>\n<p>&nbsp;<\/p>\n<div id=\"attachment_309288\" style=\"width: 470px\" class=\"wp-caption aligncenter\"><a href=\"http:\/\/www.diarioimagen.net\/?attachment_id=309288\" rel=\"attachment wp-att-309288\"><img loading=\"lazy\" decoding=\"async\" aria-describedby=\"caption-attachment-309288\" class=\"size-large wp-image-309288\" src=\"http:\/\/www.diarioimagen.net\/wp-content\/uploads\/2017\/01\/turismo-3044-460x259.jpg\" alt=\"\" width=\"460\" height=\"259\" srcset=\"https:\/\/www.diarioimagen.net\/wp-content\/uploads\/2017\/01\/turismo-3044-460x259.jpg 460w, https:\/\/www.diarioimagen.net\/wp-content\/uploads\/2017\/01\/turismo-3044-240x135.jpg 240w, https:\/\/www.diarioimagen.net\/wp-content\/uploads\/2017\/01\/turismo-3044-768x432.jpg 768w, https:\/\/www.diarioimagen.net\/wp-content\/uploads\/2017\/01\/turismo-3044-480x270.jpg 480w, https:\/\/www.diarioimagen.net\/wp-content\/uploads\/2017\/01\/turismo-3044-235x132.jpg 235w, https:\/\/www.diarioimagen.net\/wp-content\/uploads\/2017\/01\/turismo-3044-202x114.jpg 202w, https:\/\/www.diarioimagen.net\/wp-content\/uploads\/2017\/01\/turismo-3044-350x196.jpg 350w, https:\/\/www.diarioimagen.net\/wp-content\/uploads\/2017\/01\/turismo-3044-220x123.jpg 220w, https:\/\/www.diarioimagen.net\/wp-content\/uploads\/2017\/01\/turismo-3044-237x132.jpg 237w, https:\/\/www.diarioimagen.net\/wp-content\/uploads\/2017\/01\/turismo-3044.jpg 1024w\" sizes=\"auto, (max-width: 460px) 100vw, 460px\" \/><\/a><p id=\"caption-attachment-309288\" class=\"wp-caption-text\">Maryse Bossi\u00e8re, embajadora de Francia en M\u00e9xico y Miguel M\u00e1rquez, gobenador de Guanajuato.<\/p><\/div>\n<p>&nbsp;<\/p>\n<p><strong>Maryse Bossi\u00e8re<\/strong>, embajadora de Francia en M\u00e9xico, estuvo el pasado lunes en Guanajuato para entrevistarse con las autoridades locales y participar en la ceremonia oficial de instalaci\u00f3n del grupo Pa\u00eds Francia, con motivo de una visita de trabajo de dos d\u00edas.<\/p>\n<p>La diplom\u00e1tica viaj\u00f3 acompa\u00f1ada por representantes del Servicio Econ\u00f3mico Regional, del Instituto Franc\u00e9s de Am\u00e9rica Latina y una delegaci\u00f3n de empresas francesas implantadas en este estado del centro de la Rep\u00fablica Mexicana.<\/p>\n<p>Junto con el gobernador del estado, <strong>Miguel M\u00e1rquez M\u00e1rquez<\/strong>, la embajadora presidi\u00f3 la ceremonia de creaci\u00f3n del grupo Pa\u00eds Francia. Inspirado en una estructura de trabajo existente en Francia, el grupo Pa\u00eds Francia re\u00fane a los gobiernos locales y a las entidades territoriales comprometidas en una cooperaci\u00f3n con Francia.<\/p>\n<p>Este grupo debe permitir coordinar mejor las acciones de cooperaci\u00f3n descentralizada entre ambos pa\u00edses, sostener intercambios sobre las buenas pr\u00e1cticas e incitar a los gobiernos locales mexicanos interesados por una asociaci\u00f3n con Francia, a manifestarse.<\/p>\n<p>\u201cAl reunirse con regularidad, ustedes estar\u00e1n en condiciones de sostener intercambios sobre sus experiencias de cooperaci\u00f3n, sobre sus \u00e9xitos pero tambi\u00e9n sus fracasos, con el fin de construir cooperaciones s\u00f3lidas, duraderas, y que beneficien a los dos socios\u201d indic\u00f3.<\/p>\n<p>Contando con la presencia de representantes de la Conferencia Nacional de Gobernadores de M\u00e9xico (Conago), y de la Agencia Mexicana de Cooperaci\u00f3n Internacional para el Desarrollo (AmexicdE), durante la ceremonia se nombr\u00f3 a <strong>Miguel M\u00e1rquez M\u00e1rquez<\/strong> como presidente del grupo Pa\u00eds Francia.<\/p>\n<p>El presidente de <em>Cit\u00e9s Unies de France<\/em> (Ciudades Unidas de Francia), asociaci\u00f3n de entidades territoriales francesas comprometidas en la cooperaci\u00f3n descentralizada a escala internacional- <strong>Roland Ries<\/strong>, y el consejero encargado de las relaciones internacionales y de la cooperaci\u00f3n descentralizada de <em>Bordeaux M\u00e9tropole<\/em> (Metr\u00f3poli de Burdeos), <strong>Michel Vernejoul<\/strong>, felicitaron su creaci\u00f3n desde Francia.<\/p>\n<p>Adem\u00e1s, <strong>Maryse Bossi\u00e8re<\/strong> y su equipo se entrevistaron con el gobernador y las autoridades locales acerca de diversos temas, en particular, la cooperaci\u00f3n entre Burdeos y la metr\u00f3polis de Le\u00f3n, iniciada en 2011 y renovada en 2015 sobre temas como la \u201cMetropolizaci\u00f3n, la ciudad sustentable y la participaci\u00f3n ciudadana\u201d.<\/p>\n<p>Este estado representa tambi\u00e9n un protagonista significativo en materia de cooperaci\u00f3n cient\u00edfica y universitaria, tomando en cuenta que Francia es el tercer socio de la Universidad de Guanajuato.<\/p>\n<p>Por \u00faltimo, las empresas francesas presentes \u2013<em>Danone<\/em> y <em>Faurecia<\/em> (fabricante de partes automotrices), dieron a conocer sus proyectos. La delegaci\u00f3n encabezada por la se\u00f1ora embajadora visit\u00f3 tambi\u00e9n la planta de l\u00e1cteos del grupo <em>Lactalis<\/em> situada cerca de San Miguel Allende.<\/p>\n<p>La relaci\u00f3n entre Francia y el estado de Guanajuato se ver\u00e1 fuertemente marcada este a\u00f1o por la XLV edici\u00f3n del Festival Cervantino, uno de los m\u00e1s grandes festivales culturales de Am\u00e9rica Latina, cuyo pa\u00eds invitado de honor ser\u00e1 Francia, del 11 al 29 de octubre de 201 en la capital del estado.<\/p>\n<p>Para terminar, la embajadora estuvo en el encuentro de <strong>Jos\u00e9 Bossuet Mart\u00ednez<\/strong>, chef del restaurante \u201cCaf\u00e9 Contento\u201d en San Miguel de Allende, que participa por tercer a\u00f1o consecutivo en la iniciativa gastron\u00f3mica <em>Go\u00fbt de\/ Good France<\/em> que rendir\u00e1 un homenaje, el pr\u00f3ximo 21 de marzo, a la gastronom\u00eda francesa a trav\u00e9s del mundo.<\/p>\n<p>Al encuentro asistieron el secretario de promoci\u00f3n tur\u00edstica del estado de Guanajuato, <strong>Fernando Olivera<\/strong>, y el presidente municipal de San Miguel de Allende, <strong>Ricardo Villarreal<\/strong>, quienes invitaron a los chefs de su estado a sumarse la iniciativa gastron\u00f3mica <em>Go\u00fbt de\/ Good France<\/em>.<\/p>\n<p>\u2730\u2730\u2730\u2730\u2730 El proveedor global en alojamiento y productos complementarios <em>online<\/em> exclusivo para agencias de viaje, <em>Bedsonline<\/em> anunci\u00f3 que cerr\u00f3 el a\u00f1o con un 60% m\u00e1s de hoteles en su sistema, incrementando de 75.000 a 120.000 propiedades.<\/p>\n<p>La din\u00e1mica registrada en su producto estrella se une al despegue que ha vivido en su cartera de productos complementarios, en el que ha incrementado un 15% en actividades y un 25% en las rutas de traslados que ofrece a trav\u00e9s de su canal <em>online<\/em>.<\/p>\n<p>Con un aumento sin precedente de su producto en alojamiento, \u00e9ste se ha centrado en los destinos preferidos por sus clientes, siendo Estados Unidos el que ha registrado mayor crecimiento, seguido por Espa\u00f1a, Italia, Francia y Tailandia.<\/p>\n<p>M\u00e9xico se encuentra en el top 20 de destinos donde se realiz\u00f3 contrataci\u00f3n de producto de forma considerable, con Riviera Maya, Ciudad de M\u00e9xico, Guadalajara, Quer\u00e9taro y Canc\u00fan como foco principal.<\/p>\n<p>El modelo de plataforma de <em>Bedsonline<\/em>, adem\u00e1s de alojamiento, incluye traslados, actividades y alquiler de coches, cerrando el a\u00f1o con un portafolio de 12.000 actividades y m\u00e1s de 20.000 rutas de traslados en su canal <em>online. <\/em><\/p>\n<p>Para este 2017, la <em>online<\/em> seguir\u00e1 e incluso reforzar\u00e1 esta estrategia, apostando fuertemente por el aumento de producto, ofrecer mejores tarifas y mayor disponibilidad en las m\u00e1s de 30.000 agencias de viajes que conf\u00edan d\u00eda a d\u00eda para realizar sus reservas.<\/p>\n<p><strong>Carlos Feliu<\/strong>, director de ventas mundial, revela su estrategia \u201cen <em>Bedsonline <\/em>hemos sabido mantener nuestro liderazgo en el panorama de la distribuci\u00f3n <em>online<\/em> gracias a nuestra habilidad para reaccionar \u00e1gilmente a las nuevas tendencias y ofrecer un producto cada vez m\u00e1s extenso, competitivo y adaptado a las necesidades de nuestros cliente, todo ello se suma al enorme \u00e9xito que hemos vivido en mercados emergentes\u201d.<\/p>\n<p><strong>Miguel S\u00e1nchez de Tagle<\/strong>, director de ventas en M\u00e9xico, dijo, \u201cel \u00e9xito cosechado se debe al gran equipo de contrataci\u00f3n que tenemos localmente distribuido por todo el mundo.<\/p>\n<p>Para este a\u00f1o, todo el equipo seguir\u00e1 trabajando duro para ofrecer el mejor producto, mejores tarifas y mayor disponibilidad a las m\u00e1s de 30.000 agencias que conf\u00edan en nosotros para hacer sus reservas en todo el mundo. Especialmente en el mercado mexicano, lanzaremos acciones de marketing estrat\u00e9gicas e innovaciones tecnol\u00f3gicas dise\u00f1adas para incentivar de manera exponencial las ventas entre nuestros clientes que durante m\u00e1s de 11 a\u00f1os conf\u00edan d\u00eda a d\u00eda en nosotros\u201d.<\/p>\n<p><em><a href=\"mailto:victoriagprado@gmail.com\" target=\"_blank\">victoriagprado@gmail.com<\/a><\/em><br \/>\n<em>Twitter: <a href=\"https:\/\/twitter.com\/victoriagprado\" target=\"_blank\">@victoriagprado<\/a><\/em><\/p>\n","protected":false},"excerpt":{"rendered":"<p><strong>Maryse Bossi\u00e8re<\/strong>, embajadora de Francia en M\u00e9xico, estuvo el pasado lunes en Guanajuato para entrevistarse con las autoridades locales y participar en la ceremonia oficial de instalaci\u00f3n del grupo Pa\u00eds Francia, con motivo de una visita de trabajo de dos d\u00edas.<\/p>\n","protected":false},"author":3,"featured_media":309288,"comment_status":"open","ping_status":"open","sticky":false,"template":"","format":"standard","meta":{"_monsterinsights_skip_tracking":false,"_monsterinsights_sitenote_active":false,"_monsterinsights_sitenote_note":"","_monsterinsights_sitenote_category":0,"footnotes":""},"categories":[11],"tags":[107,43674,43681,106],"class_list":["post-309196","post","type-post","status-publish","format-standard","has-post-thumbnail","hentry","category-turismo","tag-de-cinco-estrellas","tag-opinion","tag-turismo","tag-victoria-gonzalez-prado"],"_links":{"self":[{"href":"https:\/\/www.diarioimagen.net\/index.php?rest_route=\/wp\/v2\/posts\/309196","targetHints":{"allow":["GET"]}}],"collection":[{"href":"https:\/\/www.diarioimagen.net\/index.php?rest_route=\/wp\/v2\/posts"}],"about":[{"href":"https:\/\/www.diarioimagen.net\/index.php?rest_route=\/wp\/v2\/types\/post"}],"author":[{"embeddable":true,"href":"https:\/\/www.diarioimagen.net\/index.php?rest_route=\/wp\/v2\/users\/3"}],"replies":[{"embeddable":true,"href":"https:\/\/www.diarioimagen.net\/index.php?rest_route=%2Fwp%2Fv2%2Fcomments&post=309196"}],"version-history":[{"count":0,"href":"https:\/\/www.diarioimagen.net\/index.php?rest_route=\/wp\/v2\/posts\/309196\/revisions"}],"wp:featuredmedia":[{"embeddable":true,"href":"https:\/\/www.diarioimagen.net\/index.php?rest_route=\/wp\/v2\/media\/309288"}],"wp:attachment":[{"href":"https:\/\/www.diarioimagen.net\/index.php?rest_route=%2Fwp%2Fv2%2Fmedia&parent=309196"}],"wp:term":[{"taxonomy":"category","embeddable":true,"href":"https:\/\/www.diarioimagen.net\/index.php?rest_route=%2Fwp%2Fv2%2Fcategories&post=309196"},{"taxonomy":"post_tag","embeddable":true,"href":"https:\/\/www.diarioimagen.net\/index.php?rest_route=%2Fwp%2Fv2%2Ftags&post=309196"}],"curies":[{"name":"wp","href":"https:\/\/api.w.org\/{rel}","templated":true}]}}