{"id":309219,"date":"2017-01-26T00:03:38","date_gmt":"2017-01-26T06:03:38","guid":{"rendered":"http:\/\/www.diarioimagen.net\/?p=309219"},"modified":"2017-01-26T03:44:58","modified_gmt":"2017-01-26T09:44:58","slug":"retiran-puestos-de-via-publica-en-naucalpan","status":"publish","type":"post","link":"https:\/\/www.diarioimagen.net\/?p=309219","title":{"rendered":"Retiran puestos de v\u00eda p\u00fablica en Naucalpan"},"content":{"rendered":"<p><a href=\"http:\/\/www.diarioimagen.net\/?attachment_id=309298\" rel=\"attachment wp-att-309298\"><img loading=\"lazy\" decoding=\"async\" class=\"aligncenter size-large wp-image-309298\" src=\"http:\/\/www.diarioimagen.net\/wp-content\/uploads\/2017\/01\/NAUCALPAN-3044-460x259.jpg\" alt=\"\" width=\"460\" height=\"259\" srcset=\"https:\/\/www.diarioimagen.net\/wp-content\/uploads\/2017\/01\/NAUCALPAN-3044-460x259.jpg 460w, https:\/\/www.diarioimagen.net\/wp-content\/uploads\/2017\/01\/NAUCALPAN-3044-240x135.jpg 240w, https:\/\/www.diarioimagen.net\/wp-content\/uploads\/2017\/01\/NAUCALPAN-3044-235x132.jpg 235w, https:\/\/www.diarioimagen.net\/wp-content\/uploads\/2017\/01\/NAUCALPAN-3044-202x114.jpg 202w, https:\/\/www.diarioimagen.net\/wp-content\/uploads\/2017\/01\/NAUCALPAN-3044-350x196.jpg 350w, https:\/\/www.diarioimagen.net\/wp-content\/uploads\/2017\/01\/NAUCALPAN-3044-220x123.jpg 220w, https:\/\/www.diarioimagen.net\/wp-content\/uploads\/2017\/01\/NAUCALPAN-3044-237x132.jpg 237w, https:\/\/www.diarioimagen.net\/wp-content\/uploads\/2017\/01\/NAUCALPAN-3044.jpg 480w\" sizes=\"auto, (max-width: 460px) 100vw, 460px\" \/><\/a><\/p>\n<p>&nbsp;<\/p>\n<p><strong>Naucalpan, Estado de M\u00e9xico.- <\/strong>El gobierno local realiz\u00f3 un operativo de retiro de estructuras de puestos semifijos de la zona centro, como parte del Plan Integral de Reordenamiento de la Cabecera Municipal, al tiempo que inicia las obras de reencarpetado con concreto hidr\u00e1ulico en avenida Morelos.<\/p>\n<p>Personal de la Subdirecci\u00f3n de V\u00eda P\u00fablica efectu\u00f3 el operativo de retiro de 100 estructuras met\u00e1licas que se encontraban ubicadas sobre avenida Morelos, con 6 unidades y 32 elementos, apoyados por integrantes de la Direcci\u00f3n General de Seguridad Ciudadana y Tr\u00e1nsito Municipal.<\/p>\n<p>&nbsp;<\/p>\n<p>&nbsp;<\/p>\n","protected":false},"excerpt":{"rendered":"<p>El gobierno local realiz\u00f3 un operativo de retiro de estructuras de puestos semifijos de la zona centro, como parte del Plan Integral de Reordenamiento de la Cabecera Municipal, al tiempo que inicia las obras de reencarpetado con concreto hidr\u00e1ulico en avenida Morelos.<\/p>\n","protected":false},"author":3,"featured_media":309298,"comment_status":"open","ping_status":"open","sticky":false,"template":"","format":"standard","meta":{"_monsterinsights_skip_tracking":false,"_monsterinsights_sitenote_active":false,"_monsterinsights_sitenote_note":"","_monsterinsights_sitenote_category":0,"footnotes":""},"categories":[35155],"tags":[43675,970,48027],"class_list":["post-309219","post","type-post","status-publish","format-standard","has-post-thumbnail","hentry","category-estado-de-mexico-estado-de-mexico","tag-estado-de-mexico","tag-naucalpan","tag-retiran"],"_links":{"self":[{"href":"https:\/\/www.diarioimagen.net\/index.php?rest_route=\/wp\/v2\/posts\/309219","targetHints":{"allow":["GET"]}}],"collection":[{"href":"https:\/\/www.diarioimagen.net\/index.php?rest_route=\/wp\/v2\/posts"}],"about":[{"href":"https:\/\/www.diarioimagen.net\/index.php?rest_route=\/wp\/v2\/types\/post"}],"author":[{"embeddable":true,"href":"https:\/\/www.diarioimagen.net\/index.php?rest_route=\/wp\/v2\/users\/3"}],"replies":[{"embeddable":true,"href":"https:\/\/www.diarioimagen.net\/index.php?rest_route=%2Fwp%2Fv2%2Fcomments&post=309219"}],"version-history":[{"count":0,"href":"https:\/\/www.diarioimagen.net\/index.php?rest_route=\/wp\/v2\/posts\/309219\/revisions"}],"wp:featuredmedia":[{"embeddable":true,"href":"https:\/\/www.diarioimagen.net\/index.php?rest_route=\/wp\/v2\/media\/309298"}],"wp:attachment":[{"href":"https:\/\/www.diarioimagen.net\/index.php?rest_route=%2Fwp%2Fv2%2Fmedia&parent=309219"}],"wp:term":[{"taxonomy":"category","embeddable":true,"href":"https:\/\/www.diarioimagen.net\/index.php?rest_route=%2Fwp%2Fv2%2Fcategories&post=309219"},{"taxonomy":"post_tag","embeddable":true,"href":"https:\/\/www.diarioimagen.net\/index.php?rest_route=%2Fwp%2Fv2%2Ftags&post=309219"}],"curies":[{"name":"wp","href":"https:\/\/api.w.org\/{rel}","templated":true}]}}