{"id":309263,"date":"2017-01-26T00:13:15","date_gmt":"2017-01-26T06:13:15","guid":{"rendered":"http:\/\/www.diarioimagen.net\/?p=309263"},"modified":"2017-01-27T02:52:54","modified_gmt":"2017-01-27T08:52:54","slug":"hay-temor-priista","status":"publish","type":"post","link":"https:\/\/www.diarioimagen.net\/?p=309263","title":{"rendered":"Hay temor pri\u00edsta"},"content":{"rendered":"<h2>Folclor urbano<\/h2>\n<h5>Salvador Estrada<\/h5>\n<p>&nbsp;<\/p>\n<p>Los transe\u00fantes abr\u00edan los ojos sorprendidos al ver camiones repletos de polic\u00edas que rodeaban el edificio del PRI, y sin estar informados de ese suceso echaron a correr temiendo un enfrentamiento.<\/p>\n<p>Se cree que ante la llegada policiaca a la sede del tricolor los pri\u00edstas temerosos le dijeron a su l\u00edder \u201cOchoa Reza, qu\u00e9 lleg\u00f3 la polic\u00eda y queremos saber qu\u00e9 pasa\u201d.<\/p>\n<p>Pero no pasaba nada que afectara al partido. Era solamente protecci\u00f3n pedida al secretario de Seguridad P\u00fablica de la Ciudad de M\u00e9xico, Hiram Almeida Estrada, porque el secretario de Finanzas y Administraci\u00f3n, Luis Vega Aguilar, est\u00e1 temeroso de un ataque a \u00a1jitomatazos! que podr\u00eda encabezar, por su nombre, un general alem\u00e1n, Arne Aus den Ruthen.<\/p>\n<p>Y este episodio \u201cb\u00e9lico\u201d se inici\u00f3 por \u201cel amor al dinero\u201d que tiene C\u00e9sar Camacho, ex presidente del PRI,\u00a0quien no quiso devolver su bono navide\u00f1o de 150 mil pesos, que le dio la C\u00e1mara de Diputados y esta acci\u00f3n molest\u00f3 e irrit\u00f3 al pol\u00edtico, con nombre alem\u00e1n, que ide\u00f3 un ataque sorpresa contra el pri\u00edsta, oriundo del Estado de M\u00e9xico y lo caz\u00f3 en el\u00a0Palacio de Miner\u00eda. Y \u00a1zaz, zaz y zaz! y que lo tunde por la espalda a \u00a1jitomatazos!<\/p>\n<p>El germano Ruthen le advirti\u00f3 que seguir\u00eda \u201cen su lucha\u201d y, aunque no se aclar\u00f3, se refer\u00eda a que como su nombre es C\u00e9sar \u201clo har\u00eda ensalada\u201d, la famosa ensalada C\u00e9sar, que lleva lechuga, queso y pan.<\/p>\n<p>Ante la advertencia o amenaza, el PRI pidi\u00f3 la protecci\u00f3n policiaca y dio a conocer un comunicado, que no de guerra, pero s\u00ed de prensa que dice: \u201cDesde ahora hacemos responsable a Arne Aus den Ruthen de promover acciones de violencia que atentan contra la dignidad de las mujeres y de los hombres que trabajamos en el PRI, de manera destacada y decidida a favor de la democracia, la paz y la justicia social en M\u00e9xico\u201d.<\/p>\n<p>El comunicado agrega que el colaborador de X\u00f3chitl G\u00e1lvez, a quien nombran como el ex city manager, convoca a la violencia en contra del instituto pol\u00edtico y dice que es una \u201ciniciativa cobarde\u201d que simula ser un llamado ciudadano para agredir a la militancia y atacar las instalaciones del tricolor.<\/p>\n<p>Y estas declaraciones son \u201cmucho aderezo\u201d para unos cu\u00e1ntos jitomates que se echaron a perder, estando tan caros, por lo cual el \u201cgeneral de la guerra jitomatera escribi\u00f3 en su twitter \u201c\u00bfMe est\u00e1n invitando a dialogar?\u201d. A ver, p\u00e1same a Enrique Ochoa. Y escribe tambi\u00e9n \u201cAhora que la polic\u00eda encapsul\u00f3 la sede del PRI nacional, los ciudadanos nos sentimos seguros\u201d.<\/p>\n<p><em><a href=\"mailto:chavasec@yahoo.com.mx\" target=\"_blank\">chavasec@yahoo.com.mx<\/a><\/em><\/p>\n","protected":false},"excerpt":{"rendered":"<p><span style=\"color: #005497;\"><strong>Salvador Estrada<\/strong><\/span><\/p>\n","protected":false},"author":3,"featured_media":0,"comment_status":"open","ping_status":"open","sticky":false,"template":"","format":"standard","meta":{"_monsterinsights_skip_tracking":false,"_monsterinsights_sitenote_active":false,"_monsterinsights_sitenote_note":"","_monsterinsights_sitenote_category":0,"footnotes":""},"categories":[41601],"tags":[41599,43674,41600],"class_list":["post-309263","post","type-post","status-publish","format-standard","hentry","category-salvador-estrada-opinion","tag-folclor-urbano","tag-opinion","tag-salvador-estrada"],"_links":{"self":[{"href":"https:\/\/www.diarioimagen.net\/index.php?rest_route=\/wp\/v2\/posts\/309263","targetHints":{"allow":["GET"]}}],"collection":[{"href":"https:\/\/www.diarioimagen.net\/index.php?rest_route=\/wp\/v2\/posts"}],"about":[{"href":"https:\/\/www.diarioimagen.net\/index.php?rest_route=\/wp\/v2\/types\/post"}],"author":[{"embeddable":true,"href":"https:\/\/www.diarioimagen.net\/index.php?rest_route=\/wp\/v2\/users\/3"}],"replies":[{"embeddable":true,"href":"https:\/\/www.diarioimagen.net\/index.php?rest_route=%2Fwp%2Fv2%2Fcomments&post=309263"}],"version-history":[{"count":0,"href":"https:\/\/www.diarioimagen.net\/index.php?rest_route=\/wp\/v2\/posts\/309263\/revisions"}],"wp:attachment":[{"href":"https:\/\/www.diarioimagen.net\/index.php?rest_route=%2Fwp%2Fv2%2Fmedia&parent=309263"}],"wp:term":[{"taxonomy":"category","embeddable":true,"href":"https:\/\/www.diarioimagen.net\/index.php?rest_route=%2Fwp%2Fv2%2Fcategories&post=309263"},{"taxonomy":"post_tag","embeddable":true,"href":"https:\/\/www.diarioimagen.net\/index.php?rest_route=%2Fwp%2Fv2%2Ftags&post=309263"}],"curies":[{"name":"wp","href":"https:\/\/api.w.org\/{rel}","templated":true}]}}