{"id":309382,"date":"2017-01-26T17:00:31","date_gmt":"2017-01-26T23:00:31","guid":{"rendered":"http:\/\/www.diarioimagen.net\/?p=309382"},"modified":"2017-01-30T01:07:54","modified_gmt":"2017-01-30T07:07:54","slug":"fgjem-imparte-curso-de-actualizacion-a-policias-ministeriales","status":"publish","type":"post","link":"https:\/\/www.diarioimagen.net\/?p=309382","title":{"rendered":"FGJEM imparte curso de actualizaci\u00f3n a polic\u00edas ministeriales"},"content":{"rendered":"<ul>\n<li><em><strong>Para realizar investigaciones conforme a derecho<\/strong><\/em><\/li>\n<\/ul>\n<p>&nbsp;<\/p>\n<div id=\"attachment_309383\" style=\"width: 470px\" class=\"wp-caption aligncenter\"><a href=\"http:\/\/www.diarioimagen.net\/?attachment_id=309383\" rel=\"attachment wp-att-309383\"><img loading=\"lazy\" decoding=\"async\" aria-describedby=\"caption-attachment-309383\" class=\"size-large wp-image-309383\" src=\"http:\/\/www.diarioimagen.net\/wp-content\/uploads\/2017\/01\/FISCALIA27-portal-460x268.jpg\" alt=\"\" width=\"460\" height=\"268\" srcset=\"https:\/\/www.diarioimagen.net\/wp-content\/uploads\/2017\/01\/FISCALIA27-portal-460x268.jpg 460w, https:\/\/www.diarioimagen.net\/wp-content\/uploads\/2017\/01\/FISCALIA27-portal-240x140.jpg 240w, https:\/\/www.diarioimagen.net\/wp-content\/uploads\/2017\/01\/FISCALIA27-portal.jpg 480w\" sizes=\"auto, (max-width: 460px) 100vw, 460px\" \/><\/a><p id=\"caption-attachment-309383\" class=\"wp-caption-text\">La FGJEM inaugur\u00f3 el curso de actualizaci\u00f3n a personal para dar continuidad a los esfuerzos de promover una investigaci\u00f3n diligente, exhaustiva y exitosa.<\/p><\/div>\n<p>&nbsp;<\/p>\n<p>Toluca, Estado de M\u00e9xico.- La Fiscal\u00eda General de Justicia del Estado de M\u00e9xico (FGJEM) inaugur\u00f3 el Curso de Actualizaci\u00f3n a Personal de la Polic\u00eda de Investigaci\u00f3n, para dar continuidad a los esfuerzos institucionales de promover una investigaci\u00f3n diligente, exhaustiva y exitosa.<\/p>\n<p>Germ\u00e1n Castillo, fiscal Central Jur\u00eddico, inaugur\u00f3 los trabajos de este curso dirigido a agentes de la Polic\u00eda de Investigaci\u00f3n, y destac\u00f3 que el objetivo es que la Fiscal\u00eda les proporcione la informaci\u00f3n b\u00e1sica sobre su nuevo rol, as\u00ed como las herramientas para que sus investigaciones sean exitosas en los juicios en los que participan. Dijo que los Agentes de Investigaci\u00f3n tienen que realizar las investigaciones conforme a derecho, y con respeto a los derechos humanos, as\u00ed como a los principios de procuraci\u00f3n de justicia, y con una mejor preparaci\u00f3n.<\/p>\n<p>Durante el inicio de los trabajos, invit\u00f3 a los participantes a replicar los conocimientos adquiridos para que \u00e9stos sean la base de una Polic\u00eda Cient\u00edfica, con acceso a la tecnolog\u00eda y que pueda soportar t\u00e9cnicamente todos sus informes.<\/p>\n<p>El curso contar\u00e1 con los temas: Primer Respondiente e Investigaci\u00f3n Policial; Marco Jur\u00eddico; Derechos Humanos y Proceso, un binomio indisoluble; Extinci\u00f3n de dominio; Actuaci\u00f3n Policial; Protocolo Nacional del Primer Respondiente, as\u00ed como Datos de prueba a recabar por la Polic\u00eda de Investigaci\u00f3n. Adem\u00e1s del Protocolo de Polic\u00eda de Capacidades para Procesar; Protocolo General de Investigaci\u00f3n y Persecuci\u00f3n del Delito, y Evaluaci\u00f3n del Desempe\u00f1o y Transici\u00f3n al Servicio.<\/p>\n","protected":false},"excerpt":{"rendered":"<p>La Fiscal\u00eda General de Justicia del Estado de M\u00e9xico (FGJEM) inaugur\u00f3 el Curso de Actualizaci\u00f3n a Personal de la Polic\u00eda de Investigaci\u00f3n, para dar continuidad a los esfuerzos institucionales de promover una investigaci\u00f3n diligente, exhaustiva y exitosa.<\/p>\n","protected":false},"author":5,"featured_media":309383,"comment_status":"open","ping_status":"open","sticky":false,"template":"","format":"standard","meta":{"_monsterinsights_skip_tracking":false,"_monsterinsights_sitenote_active":false,"_monsterinsights_sitenote_note":"","_monsterinsights_sitenote_category":0,"footnotes":""},"categories":[35155],"tags":[4340],"class_list":["post-309382","post","type-post","status-publish","format-standard","has-post-thumbnail","hentry","category-estado-de-mexico-estado-de-mexico","tag-derechos-humanos"],"_links":{"self":[{"href":"https:\/\/www.diarioimagen.net\/index.php?rest_route=\/wp\/v2\/posts\/309382","targetHints":{"allow":["GET"]}}],"collection":[{"href":"https:\/\/www.diarioimagen.net\/index.php?rest_route=\/wp\/v2\/posts"}],"about":[{"href":"https:\/\/www.diarioimagen.net\/index.php?rest_route=\/wp\/v2\/types\/post"}],"author":[{"embeddable":true,"href":"https:\/\/www.diarioimagen.net\/index.php?rest_route=\/wp\/v2\/users\/5"}],"replies":[{"embeddable":true,"href":"https:\/\/www.diarioimagen.net\/index.php?rest_route=%2Fwp%2Fv2%2Fcomments&post=309382"}],"version-history":[{"count":0,"href":"https:\/\/www.diarioimagen.net\/index.php?rest_route=\/wp\/v2\/posts\/309382\/revisions"}],"wp:featuredmedia":[{"embeddable":true,"href":"https:\/\/www.diarioimagen.net\/index.php?rest_route=\/wp\/v2\/media\/309383"}],"wp:attachment":[{"href":"https:\/\/www.diarioimagen.net\/index.php?rest_route=%2Fwp%2Fv2%2Fmedia&parent=309382"}],"wp:term":[{"taxonomy":"category","embeddable":true,"href":"https:\/\/www.diarioimagen.net\/index.php?rest_route=%2Fwp%2Fv2%2Fcategories&post=309382"},{"taxonomy":"post_tag","embeddable":true,"href":"https:\/\/www.diarioimagen.net\/index.php?rest_route=%2Fwp%2Fv2%2Ftags&post=309382"}],"curies":[{"name":"wp","href":"https:\/\/api.w.org\/{rel}","templated":true}]}}