{"id":309388,"date":"2017-01-26T18:00:15","date_gmt":"2017-01-27T00:00:15","guid":{"rendered":"http:\/\/www.diarioimagen.net\/?p=309388"},"modified":"2017-01-30T01:08:09","modified_gmt":"2017-01-30T07:08:09","slug":"certifican-plantacion-cafetalera-mexiquense-para-comercializar-su-producto","status":"publish","type":"post","link":"https:\/\/www.diarioimagen.net\/?p=309388","title":{"rendered":"Certifican plantaci\u00f3n cafetalera mexiquense para comercializar su producto"},"content":{"rendered":"<ul>\n<li><em><strong>Muestra del desarrollo que ha tenido el campo mexiquense<\/strong><\/em><\/li>\n<\/ul>\n<p>&nbsp;<\/p>\n<div id=\"attachment_309389\" style=\"width: 470px\" class=\"wp-caption aligncenter\"><a href=\"http:\/\/www.diarioimagen.net\/?attachment_id=309389\" rel=\"attachment wp-att-309389\"><img loading=\"lazy\" decoding=\"async\" aria-describedby=\"caption-attachment-309389\" class=\"size-large wp-image-309389\" src=\"http:\/\/www.diarioimagen.net\/wp-content\/uploads\/2017\/01\/CAFETALEROS27-portal-460x268.jpg\" alt=\"\" width=\"460\" height=\"268\" srcset=\"https:\/\/www.diarioimagen.net\/wp-content\/uploads\/2017\/01\/CAFETALEROS27-portal-460x268.jpg 460w, https:\/\/www.diarioimagen.net\/wp-content\/uploads\/2017\/01\/CAFETALEROS27-portal-240x140.jpg 240w, https:\/\/www.diarioimagen.net\/wp-content\/uploads\/2017\/01\/CAFETALEROS27-portal.jpg 480w\" sizes=\"auto, (max-width: 460px) 100vw, 460px\" \/><\/a><p id=\"caption-attachment-309389\" class=\"wp-caption-text\">Recibi\u00f3 el primer certificado de producci\u00f3n org\u00e1nica de caf\u00e9 La Finca Bio Doni, plantaci\u00f3n con m\u00e1s de 20 a\u00f1os de experiencia.<\/p><\/div>\n<p>&nbsp;<\/p>\n<p><strong>Tepetlixpa, Estado de M\u00e9xico<\/strong>.- La Finca Bio Doni, plantaci\u00f3n con m\u00e1s de 20 a\u00f1os de experiencia en el cultivo de las variedades de caf\u00e9 caturra, ar\u00e1biga y bourbon, recibi\u00f3 el primer certificado de producci\u00f3n org\u00e1nica de caf\u00e9, que la certificadora Mayacert otorg\u00f3 de conformidad con el Programa Nacional Org\u00e1nico del Departamento de Agricultura de los Estados Unidos, lo que permite comercializarlo con el sello de org\u00e1nico que le brinda un valor agregado en los mercados, acci\u00f3n que muestra el desarrollo que ha tenido el campo mexiquense.<\/p>\n<p>Heriberto Ortega Ram\u00edrez, secretario de Desarrollo Agropecuario (Sedagro), explic\u00f3 que la plantaci\u00f3n fue inspeccionada en noviembre pasado, donde se constat\u00f3 que el proceso de producci\u00f3n es totalmente org\u00e1nico, pues \u00fanicamente se utilizan abonos como el bocashi y la lombricomposta, para lo cual el productor Ambrosio Flores Rodr\u00edguez recibi\u00f3 capacitaci\u00f3n t\u00e9cnica por parte de la Secretar\u00eda de Desarrollo Agropecuario.<\/p>\n<p>Al hacer un recorrido por la plantaci\u00f3n de 2 hect\u00e1reas de caf\u00e9, el titular de Sedagro destac\u00f3 que esta plantaci\u00f3n es un ejemplo de la armon\u00eda que debe prevalecer entre la naturaleza y la agricultura, que permite regresar a las t\u00e9cnicas de anta\u00f1o.<\/p>\n<p>Por su parte, el productor Ambrosio Flores inform\u00f3 que en la cosecha anual obtiene una producci\u00f3n de alrededor de mil 500 kilos de caf\u00e9 ya tostado, y que a trav\u00e9s de la agricultura org\u00e1nica los productos recobran aroma y sabor, por lo que est\u00e1 dispuesto a compartir su experiencia con quien decida visitar su plantaci\u00f3n.<\/p>\n<p>Resalt\u00f3 que por la ubicaci\u00f3n geogr\u00e1fica del municipio de Tepetlixpa, que est\u00e1 en una franja de transici\u00f3n clim\u00e1tica de fr\u00edo a c\u00e1lido, es factible desarrollar exitosamente diversos cultivos como el caf\u00e9, lima, aguacate, granadilla, tambi\u00e9n conocida como granada peruana.<\/p>\n<p>&nbsp;<\/p>\n","protected":false},"excerpt":{"rendered":"<p>La Finca Bio Doni, plantaci\u00f3n con m\u00e1s de 20 a\u00f1os de experiencia en el cultivo de las variedades de caf\u00e9 caturra, ar\u00e1biga y bourbon, recibi\u00f3 el primer certificado de producci\u00f3n org\u00e1nica de caf\u00e9, que la certificadora Mayacert otorg\u00f3 de conformidad con el Programa Nacional Org\u00e1nico del Departamento de Agricultura de los Estados Unidos, lo que permite comercializarlo con el sello de org\u00e1nico que le brinda un valor agregado en los mercados, acci\u00f3n que muestra el desarrollo que ha tenido el campo mexiquense.<\/p>\n","protected":false},"author":5,"featured_media":309389,"comment_status":"open","ping_status":"open","sticky":false,"template":"","format":"standard","meta":{"_monsterinsights_skip_tracking":false,"_monsterinsights_sitenote_active":false,"_monsterinsights_sitenote_note":"","_monsterinsights_sitenote_category":0,"footnotes":""},"categories":[35155],"tags":[43675,13490],"class_list":["post-309388","post","type-post","status-publish","format-standard","has-post-thumbnail","hentry","category-estado-de-mexico-estado-de-mexico","tag-estado-de-mexico","tag-tepetlixpa"],"_links":{"self":[{"href":"https:\/\/www.diarioimagen.net\/index.php?rest_route=\/wp\/v2\/posts\/309388","targetHints":{"allow":["GET"]}}],"collection":[{"href":"https:\/\/www.diarioimagen.net\/index.php?rest_route=\/wp\/v2\/posts"}],"about":[{"href":"https:\/\/www.diarioimagen.net\/index.php?rest_route=\/wp\/v2\/types\/post"}],"author":[{"embeddable":true,"href":"https:\/\/www.diarioimagen.net\/index.php?rest_route=\/wp\/v2\/users\/5"}],"replies":[{"embeddable":true,"href":"https:\/\/www.diarioimagen.net\/index.php?rest_route=%2Fwp%2Fv2%2Fcomments&post=309388"}],"version-history":[{"count":0,"href":"https:\/\/www.diarioimagen.net\/index.php?rest_route=\/wp\/v2\/posts\/309388\/revisions"}],"wp:featuredmedia":[{"embeddable":true,"href":"https:\/\/www.diarioimagen.net\/index.php?rest_route=\/wp\/v2\/media\/309389"}],"wp:attachment":[{"href":"https:\/\/www.diarioimagen.net\/index.php?rest_route=%2Fwp%2Fv2%2Fmedia&parent=309388"}],"wp:term":[{"taxonomy":"category","embeddable":true,"href":"https:\/\/www.diarioimagen.net\/index.php?rest_route=%2Fwp%2Fv2%2Fcategories&post=309388"},{"taxonomy":"post_tag","embeddable":true,"href":"https:\/\/www.diarioimagen.net\/index.php?rest_route=%2Fwp%2Fv2%2Ftags&post=309388"}],"curies":[{"name":"wp","href":"https:\/\/api.w.org\/{rel}","templated":true}]}}