{"id":309423,"date":"2017-01-27T00:09:45","date_gmt":"2017-01-27T06:09:45","guid":{"rendered":"http:\/\/www.diarioimagen.net\/?p=309423"},"modified":"2017-01-30T01:09:10","modified_gmt":"2017-01-30T07:09:10","slug":"edomex-va-del-mazo-por-la-candidatura-del-pri","status":"publish","type":"post","link":"https:\/\/www.diarioimagen.net\/?p=309423","title":{"rendered":"Edomex: va Del Mazo por la candidatura del PRI"},"content":{"rendered":"<ul>\n<li><strong><em>Buscar\u00e1 enfrentar a Josefina V\u00e1zquez Mota, del PAN; Delfina G\u00f3mez \u00c1lvarez, de Morena, y al independiente Isidro Pastor<\/em><\/strong><\/li>\n<\/ul>\n<h6>Jos\u00e9 Luis Monta\u00f1ez<\/h6>\n<p>&nbsp;<\/p>\n<div id=\"attachment_309548\" style=\"width: 470px\" class=\"wp-caption aligncenter\"><a href=\"http:\/\/www.diarioimagen.net\/?attachment_id=309548\" rel=\"attachment wp-att-309548\"><img loading=\"lazy\" decoding=\"async\" aria-describedby=\"caption-attachment-309548\" class=\"size-large wp-image-309548\" src=\"http:\/\/www.diarioimagen.net\/wp-content\/uploads\/2017\/01\/alfredo-del-mazo-3045-460x259.jpg\" alt=\"\" width=\"460\" height=\"259\" srcset=\"https:\/\/www.diarioimagen.net\/wp-content\/uploads\/2017\/01\/alfredo-del-mazo-3045-460x259.jpg 460w, https:\/\/www.diarioimagen.net\/wp-content\/uploads\/2017\/01\/alfredo-del-mazo-3045-240x135.jpg 240w, https:\/\/www.diarioimagen.net\/wp-content\/uploads\/2017\/01\/alfredo-del-mazo-3045-235x132.jpg 235w, https:\/\/www.diarioimagen.net\/wp-content\/uploads\/2017\/01\/alfredo-del-mazo-3045-202x114.jpg 202w, https:\/\/www.diarioimagen.net\/wp-content\/uploads\/2017\/01\/alfredo-del-mazo-3045-350x196.jpg 350w, https:\/\/www.diarioimagen.net\/wp-content\/uploads\/2017\/01\/alfredo-del-mazo-3045-220x123.jpg 220w, https:\/\/www.diarioimagen.net\/wp-content\/uploads\/2017\/01\/alfredo-del-mazo-3045-237x132.jpg 237w, https:\/\/www.diarioimagen.net\/wp-content\/uploads\/2017\/01\/alfredo-del-mazo-3045.jpg 480w\" sizes=\"auto, (max-width: 460px) 100vw, 460px\" \/><\/a><p id=\"caption-attachment-309548\" class=\"wp-caption-text\">El diputado Alfredo del Mazo Maza se lanza por la candidatura del PRI.<\/p><\/div>\n<p>&nbsp;<\/p>\n<p>El diputado federal, Alfredo del Mazo Maza, solicit\u00f3 ayer licencia a la C\u00e1mara de Diputados para buscar ser candidato del PRI al gobierno del Estado de M\u00e9xico.<\/p>\n<p>El tercero en la dinast\u00eda Del Mazo buscar\u00e1 enfrentar en la contienda electoral por la gubernatura mexiquense del pr\u00f3ximo 4 de junio a Josefina V\u00e1zquez Mota, por el PAN; Delfina G\u00f3mez \u00c1lvarez, por Morena, y al independiente Isidro Pastor Medrano, quien para muchos es desde ahora \u201cel caballo negro\u201d y pudiera darle una sorpresa al tricolor, pues conoce a profundidad las estructuras pri\u00edstas, adem\u00e1s de que cuenta con recursos econ\u00f3micos suficientes y un discurso que seguramente levantar\u00e1 polvo en la entidad que actualmente gobierna el pri\u00edsta Eruviel \u00c1vila Villegas.<\/p>\n<p>Alfredo del Mazo Maza pretende ser candidato de unidad y dejar en el camino a la senadora Ana Lilia Herrera Anzaldo, a Jos\u00e9 Manzur, Carlos Iriarte, Ernesto Nemer y Alfonso Navarrete Prida.<\/p>\n<p>&nbsp;<\/p>\n","protected":false},"excerpt":{"rendered":"<p><span style=\"color: #005497;\">Jos\u00e9 Luis Monta\u00f1ez<\/span><br \/>\n<br \/>\nEl diputado federal, Alfredo del Mazo Maza, solicit\u00f3 ayer licencia a la C\u00e1mara de Diputados para buscar ser candidato del PRI al gobierno del Estado de M\u00e9xico.<\/p>\n","protected":false},"author":3,"featured_media":309548,"comment_status":"open","ping_status":"open","sticky":false,"template":"","format":"standard","meta":{"_monsterinsights_skip_tracking":false,"_monsterinsights_sitenote_active":false,"_monsterinsights_sitenote_note":"","_monsterinsights_sitenote_category":0,"footnotes":""},"categories":[5],"tags":[2505,98,17036,43675,362],"class_list":["post-309423","post","type-post","status-publish","format-standard","has-post-thumbnail","hentry","category-estado-de-mexico","tag-alfredo-del-mazo-maza","tag-camara-de-diputados","tag-candidatura","tag-estado-de-mexico","tag-pri"],"_links":{"self":[{"href":"https:\/\/www.diarioimagen.net\/index.php?rest_route=\/wp\/v2\/posts\/309423","targetHints":{"allow":["GET"]}}],"collection":[{"href":"https:\/\/www.diarioimagen.net\/index.php?rest_route=\/wp\/v2\/posts"}],"about":[{"href":"https:\/\/www.diarioimagen.net\/index.php?rest_route=\/wp\/v2\/types\/post"}],"author":[{"embeddable":true,"href":"https:\/\/www.diarioimagen.net\/index.php?rest_route=\/wp\/v2\/users\/3"}],"replies":[{"embeddable":true,"href":"https:\/\/www.diarioimagen.net\/index.php?rest_route=%2Fwp%2Fv2%2Fcomments&post=309423"}],"version-history":[{"count":0,"href":"https:\/\/www.diarioimagen.net\/index.php?rest_route=\/wp\/v2\/posts\/309423\/revisions"}],"wp:featuredmedia":[{"embeddable":true,"href":"https:\/\/www.diarioimagen.net\/index.php?rest_route=\/wp\/v2\/media\/309548"}],"wp:attachment":[{"href":"https:\/\/www.diarioimagen.net\/index.php?rest_route=%2Fwp%2Fv2%2Fmedia&parent=309423"}],"wp:term":[{"taxonomy":"category","embeddable":true,"href":"https:\/\/www.diarioimagen.net\/index.php?rest_route=%2Fwp%2Fv2%2Fcategories&post=309423"},{"taxonomy":"post_tag","embeddable":true,"href":"https:\/\/www.diarioimagen.net\/index.php?rest_route=%2Fwp%2Fv2%2Ftags&post=309423"}],"curies":[{"name":"wp","href":"https:\/\/api.w.org\/{rel}","templated":true}]}}