{"id":309425,"date":"2017-01-27T00:07:12","date_gmt":"2017-01-27T06:07:12","guid":{"rendered":"http:\/\/www.diarioimagen.net\/?p=309425"},"modified":"2017-01-27T02:34:20","modified_gmt":"2017-01-27T08:34:20","slug":"certifican-plantacion-cafetalera-mexiquense","status":"publish","type":"post","link":"https:\/\/www.diarioimagen.net\/?p=309425","title":{"rendered":"Certifican plantaci\u00f3n cafetalera mexiquense"},"content":{"rendered":"<h2>Arco Norte<\/h2>\n<h5>Jos\u00e9 Luis Monta\u00f1ez Aguilar<\/h5>\n<p>&nbsp;<\/p>\n<p><a href=\"http:\/\/www.diarioimagen.net\/?attachment_id=309528\" rel=\"attachment wp-att-309528\"><img loading=\"lazy\" decoding=\"async\" class=\"aligncenter size-large wp-image-309528\" src=\"http:\/\/www.diarioimagen.net\/wp-content\/uploads\/2017\/01\/arco-3045-460x259.jpg\" alt=\"\" width=\"460\" height=\"259\" srcset=\"https:\/\/www.diarioimagen.net\/wp-content\/uploads\/2017\/01\/arco-3045-460x259.jpg 460w, https:\/\/www.diarioimagen.net\/wp-content\/uploads\/2017\/01\/arco-3045-240x135.jpg 240w, https:\/\/www.diarioimagen.net\/wp-content\/uploads\/2017\/01\/arco-3045-235x132.jpg 235w, https:\/\/www.diarioimagen.net\/wp-content\/uploads\/2017\/01\/arco-3045-202x114.jpg 202w, https:\/\/www.diarioimagen.net\/wp-content\/uploads\/2017\/01\/arco-3045-350x196.jpg 350w, https:\/\/www.diarioimagen.net\/wp-content\/uploads\/2017\/01\/arco-3045-220x123.jpg 220w, https:\/\/www.diarioimagen.net\/wp-content\/uploads\/2017\/01\/arco-3045-237x132.jpg 237w, https:\/\/www.diarioimagen.net\/wp-content\/uploads\/2017\/01\/arco-3045.jpg 480w\" sizes=\"auto, (max-width: 460px) 100vw, 460px\" \/><\/a><\/p>\n<p>&nbsp;<\/p>\n<p>La Finca Bio Doni, plantaci\u00f3n con m\u00e1s de 20 a\u00f1os de experiencia en el cultivo de las variedades de caf\u00e9 caturra, ar\u00e1biga y bourbon, recibi\u00f3 el primer certificado de producci\u00f3n org\u00e1nica de caf\u00e9, que la certificadora Mayacert otorg\u00f3 de conformidad con el Programa Nacional Org\u00e1nico del Departamento de Agricultura de los Estados Unidos, lo que permite comercializarlo con el sello de org\u00e1nico que le brinda un valor agregado en los mercados, acci\u00f3n que muestra el desarrollo que ha tenido el campo mexiquense.<\/p>\n<p>Heriberto Ortega Ram\u00edrez, secretario de Desarrollo Agropecuario (Sedagro), explic\u00f3 que la plantaci\u00f3n fue inspeccionada en noviembre pasado, donde se constat\u00f3 que el proceso de producci\u00f3n es totalmente org\u00e1nico, pues \u00fanicamente se utilizan abonos como el bocashi y la lombricomposta, para lo cual el productor Ambrosio Flores Rodr\u00edguez recibi\u00f3 capacitaci\u00f3n t\u00e9cnica por parte de la Secretar\u00eda de Desarrollo Agropecuario.<\/p>\n<p>Al hacer un recorrido por la plantaci\u00f3n de 2 hect\u00e1reas de caf\u00e9, el titular de Sedagro destac\u00f3 que esta plantaci\u00f3n es un ejemplo de la armon\u00eda que debe prevalecer entre la naturaleza y la agricultura, que permite regresar a las t\u00e9cnicas de anta\u00f1o.<\/p>\n<p style=\"text-align: center;\"><strong>FGJEM imparte curso de actualizaci\u00f3n a polic\u00edas ministeriales<\/strong><\/p>\n<p>La Fiscal\u00eda General de Justicia del Estado de M\u00e9xico (FGJEM) inaugur\u00f3 el Curso de Actualizaci\u00f3n a Personal de la Polic\u00eda de Investigaci\u00f3n, para dar continuidad a los esfuerzos institucionales de promover una investigaci\u00f3n diligente, exhaustiva y exitosa. Germ\u00e1n Castillo, fiscal Central Jur\u00eddico, inaugur\u00f3 los trabajos de este curso dirigido a agentes de la Polic\u00eda de Investigaci\u00f3n, y destac\u00f3 que el objetivo es que la Fiscal\u00eda les proporcione la informaci\u00f3n b\u00e1sica sobre su nuevo rol, as\u00ed como las herramientas para que sus investigaciones sean exitosas en los juicios en los que participan.<\/p>\n<p>Dijo que los Agentes de Investigaci\u00f3n tienen que realizar las investigaciones conforme a derecho, y con respeto a los derechos humanos, as\u00ed como a los principios de procuraci\u00f3n de justicia. Durante el inicio de los trabajos, invit\u00f3 a los participantes a replicar los conocimientos adquiridos para que \u00e9stos sean la base de una Polic\u00eda Cient\u00edfica.<\/p>\n<p><em><a href=\"mailto:montanezaguilar@gmail.com\" target=\"_blank\">montanezaguilar@gmail.com<\/a><\/em><\/p>\n","protected":false},"excerpt":{"rendered":"<p><span style=\"color: #005497;\">Jos\u00e9 Luis Monta\u00f1ez Aguilar<\/span><br \/>\n<br \/>\nLa Finca Bio Doni, plantaci\u00f3n con m\u00e1s de 20 a\u00f1os de experiencia en el cultivo de las variedades de caf\u00e9 caturra, ar\u00e1biga y bourbon, recibi\u00f3 el primer certificado de producci\u00f3n org\u00e1nica de caf\u00e9, que la certificadora Mayacert otorg\u00f3 de conformidad con el Programa Nacional Org\u00e1nico del Departamento de Agricultura de los Estados Unidos, lo que permite comercializarlo con el sello de org\u00e1nico que le brinda un valor agregado en los mercados, acci\u00f3n que muestra el desarrollo que ha tenido el campo mexiquense. <\/p>\n","protected":false},"author":3,"featured_media":309528,"comment_status":"open","ping_status":"open","sticky":false,"template":"","format":"standard","meta":{"_monsterinsights_skip_tracking":false,"_monsterinsights_sitenote_active":false,"_monsterinsights_sitenote_note":"","_monsterinsights_sitenote_category":0,"footnotes":""},"categories":[35155],"tags":[13284,43704,43674],"class_list":["post-309425","post","type-post","status-publish","format-standard","has-post-thumbnail","hentry","category-estado-de-mexico-estado-de-mexico","tag-arco-norte","tag-jose-luis-montanez-aguilar","tag-opinion"],"_links":{"self":[{"href":"https:\/\/www.diarioimagen.net\/index.php?rest_route=\/wp\/v2\/posts\/309425","targetHints":{"allow":["GET"]}}],"collection":[{"href":"https:\/\/www.diarioimagen.net\/index.php?rest_route=\/wp\/v2\/posts"}],"about":[{"href":"https:\/\/www.diarioimagen.net\/index.php?rest_route=\/wp\/v2\/types\/post"}],"author":[{"embeddable":true,"href":"https:\/\/www.diarioimagen.net\/index.php?rest_route=\/wp\/v2\/users\/3"}],"replies":[{"embeddable":true,"href":"https:\/\/www.diarioimagen.net\/index.php?rest_route=%2Fwp%2Fv2%2Fcomments&post=309425"}],"version-history":[{"count":0,"href":"https:\/\/www.diarioimagen.net\/index.php?rest_route=\/wp\/v2\/posts\/309425\/revisions"}],"wp:featuredmedia":[{"embeddable":true,"href":"https:\/\/www.diarioimagen.net\/index.php?rest_route=\/wp\/v2\/media\/309528"}],"wp:attachment":[{"href":"https:\/\/www.diarioimagen.net\/index.php?rest_route=%2Fwp%2Fv2%2Fmedia&parent=309425"}],"wp:term":[{"taxonomy":"category","embeddable":true,"href":"https:\/\/www.diarioimagen.net\/index.php?rest_route=%2Fwp%2Fv2%2Fcategories&post=309425"},{"taxonomy":"post_tag","embeddable":true,"href":"https:\/\/www.diarioimagen.net\/index.php?rest_route=%2Fwp%2Fv2%2Ftags&post=309425"}],"curies":[{"name":"wp","href":"https:\/\/api.w.org\/{rel}","templated":true}]}}