{"id":309438,"date":"2017-01-27T00:06:33","date_gmt":"2017-01-27T06:06:33","guid":{"rendered":"http:\/\/www.diarioimagen.net\/?p=309438"},"modified":"2017-01-27T02:21:33","modified_gmt":"2017-01-27T08:21:33","slug":"llama-tomas-palomares-parra-a-recuperar-los-valores-humanos","status":"publish","type":"post","link":"https:\/\/www.diarioimagen.net\/?p=309438","title":{"rendered":"Llama Tom\u00e1s Palomares Parra a recuperar los valores humanos"},"content":{"rendered":"<ul>\n<li><strong><em>Para recomponer tejido social<\/em><\/strong><\/li>\n<\/ul>\n<p>&nbsp;<\/p>\n<div id=\"attachment_309520\" style=\"width: 470px\" class=\"wp-caption aligncenter\"><a href=\"http:\/\/www.diarioimagen.net\/?attachment_id=309520\" rel=\"attachment wp-att-309520\"><img loading=\"lazy\" decoding=\"async\" aria-describedby=\"caption-attachment-309520\" class=\"size-large wp-image-309520\" src=\"http:\/\/www.diarioimagen.net\/wp-content\/uploads\/2017\/01\/NAUCALPAN-3045-460x259.jpg\" alt=\"\" width=\"460\" height=\"259\" srcset=\"https:\/\/www.diarioimagen.net\/wp-content\/uploads\/2017\/01\/NAUCALPAN-3045-460x259.jpg 460w, https:\/\/www.diarioimagen.net\/wp-content\/uploads\/2017\/01\/NAUCALPAN-3045-240x135.jpg 240w, https:\/\/www.diarioimagen.net\/wp-content\/uploads\/2017\/01\/NAUCALPAN-3045-235x132.jpg 235w, https:\/\/www.diarioimagen.net\/wp-content\/uploads\/2017\/01\/NAUCALPAN-3045-202x114.jpg 202w, https:\/\/www.diarioimagen.net\/wp-content\/uploads\/2017\/01\/NAUCALPAN-3045-350x196.jpg 350w, https:\/\/www.diarioimagen.net\/wp-content\/uploads\/2017\/01\/NAUCALPAN-3045-220x123.jpg 220w, https:\/\/www.diarioimagen.net\/wp-content\/uploads\/2017\/01\/NAUCALPAN-3045-237x132.jpg 237w, https:\/\/www.diarioimagen.net\/wp-content\/uploads\/2017\/01\/NAUCALPAN-3045.jpg 480w\" sizes=\"auto, (max-width: 460px) 100vw, 460px\" \/><\/a><p id=\"caption-attachment-309520\" class=\"wp-caption-text\">El dirigente suteymista, Tom\u00e1s Palomares Parra, convoc\u00f3 a la base trabajadora a regresar a lo fundamental: la recuperaci\u00f3n de los\u00a0valores humanos.<\/p><\/div>\n<p>&nbsp;<\/p>\n<p><strong>Naucalpan, Estado de M\u00e9xico<\/strong>.- \u201cNo hay nada m\u00e1s importante en la vida familiar que no sean nuestros hijos. Nuestros hijos son la semilla del ma\u00f1ana, es por ese motivo que los invito a que compartan m\u00e1s tiempo con ellos. Hoy est\u00e1 en nuestras manos recomponer el tejido social, no s\u00f3lo del Estado de M\u00e9xico, si no del pa\u00eds entero\u201d.<\/p>\n<p>Con estas palabras se expres\u00f3 Tom\u00e1s Palomares Parra, dirigente seccional del Sindicato \u00danico de Trabajadores del Estado y sus Municipios (SUTEyM) a las familias suteymistas naucalpenses a quienes invit\u00f3 a mantener la unidad en torno a sus seres queridos.<\/p>\n<p>Y fue claro al se\u00f1alar a los asistentes que \u201choy no vengo como l\u00edder,\u00a0 ni pol\u00edtico y no busco ning\u00fan cargo de representaci\u00f3n popular. \u00a0Vengo como ciudadano, como un padre de familia preocupado de que nuestros hijos no tengan un lugar seguro ni en casa ni en la escuela. Yo los invito a reflexionar y convivan m\u00e1s con sus hijos. Cierto, el internet es una herramienta necesaria, pero estemos m\u00e1s al pendiente de c\u00f3mo utilizan nuestros peque\u00f1os esta red social y en qu\u00e9 ocupan su tiempo\u201d, dijo.<\/p>\n<p>Tom\u00e1s Palomares Parra convoc\u00f3 a la base trabajadora a regresar a lo fundamental: \u201cla recuperaci\u00f3n de los\u00a0 valores humanos\u201d.<\/p>\n<p>Dicha reflexi\u00f3n se gener\u00f3 por los lamentables hechos que han venido ocurriendo en planteles educativos, del pa\u00eds, como lo son en Monterrey, Nuevo Le\u00f3n, en donde un joven dispar\u00f3 contra sus compa\u00f1eros y una profesora, dejando saldos rojos.<\/p>\n<p>Asimismo, en Naucalpan, en el que un estudiante de una escuela en la colonia Valle Dorado, acuchill\u00f3 a otro, afortunadamente, sin mayores complicaciones.<\/p>\n<p>Palomares Parra pidi\u00f3 un momento de reflexi\u00f3n y tomar conciencia como padres de familia, sobre el comportamiento de sus hijos, al margen de su responsabilidad en el servicio p\u00fablico.<\/p>\n<p>Dej\u00f3 claro que en un mundo global, en el que las redes sociales hoy por hoy son un medio poderoso de informaci\u00f3n, estar muy al pendiente de ellos, y conocer su interacci\u00f3n en esos canales y medios masivos de comunicaci\u00f3n que est\u00e1n pr\u00e1cticamente a \u201cla mano de todos\u201d.<\/p>\n<p>&nbsp;<\/p>\n","protected":false},"excerpt":{"rendered":"<p>\u201cNo hay nada m\u00e1s importante en la vida familiar que no sean nuestros hijos. Nuestros hijos son la semilla del ma\u00f1ana, es por ese motivo que los invito a que compartan m\u00e1s tiempo con ellos. Hoy est\u00e1 en nuestras manos recomponer el tejido social, no s\u00f3lo del Estado de M\u00e9xico, si no del pa\u00eds entero\u201d.<\/p>\n","protected":false},"author":3,"featured_media":309520,"comment_status":"open","ping_status":"open","sticky":false,"template":"","format":"standard","meta":{"_monsterinsights_skip_tracking":false,"_monsterinsights_sitenote_active":false,"_monsterinsights_sitenote_note":"","_monsterinsights_sitenote_category":0,"footnotes":""},"categories":[35155],"tags":[43675,970,47930],"class_list":["post-309438","post","type-post","status-publish","format-standard","has-post-thumbnail","hentry","category-estado-de-mexico-estado-de-mexico","tag-estado-de-mexico","tag-naucalpan","tag-sindicato-unico-de-trabajadores-del-estado-y-sus-municipios"],"_links":{"self":[{"href":"https:\/\/www.diarioimagen.net\/index.php?rest_route=\/wp\/v2\/posts\/309438","targetHints":{"allow":["GET"]}}],"collection":[{"href":"https:\/\/www.diarioimagen.net\/index.php?rest_route=\/wp\/v2\/posts"}],"about":[{"href":"https:\/\/www.diarioimagen.net\/index.php?rest_route=\/wp\/v2\/types\/post"}],"author":[{"embeddable":true,"href":"https:\/\/www.diarioimagen.net\/index.php?rest_route=\/wp\/v2\/users\/3"}],"replies":[{"embeddable":true,"href":"https:\/\/www.diarioimagen.net\/index.php?rest_route=%2Fwp%2Fv2%2Fcomments&post=309438"}],"version-history":[{"count":0,"href":"https:\/\/www.diarioimagen.net\/index.php?rest_route=\/wp\/v2\/posts\/309438\/revisions"}],"wp:featuredmedia":[{"embeddable":true,"href":"https:\/\/www.diarioimagen.net\/index.php?rest_route=\/wp\/v2\/media\/309520"}],"wp:attachment":[{"href":"https:\/\/www.diarioimagen.net\/index.php?rest_route=%2Fwp%2Fv2%2Fmedia&parent=309438"}],"wp:term":[{"taxonomy":"category","embeddable":true,"href":"https:\/\/www.diarioimagen.net\/index.php?rest_route=%2Fwp%2Fv2%2Fcategories&post=309438"},{"taxonomy":"post_tag","embeddable":true,"href":"https:\/\/www.diarioimagen.net\/index.php?rest_route=%2Fwp%2Fv2%2Ftags&post=309438"}],"curies":[{"name":"wp","href":"https:\/\/api.w.org\/{rel}","templated":true}]}}