{"id":309451,"date":"2017-01-27T00:03:42","date_gmt":"2017-01-27T06:03:42","guid":{"rendered":"http:\/\/www.diarioimagen.net\/?p=309451"},"modified":"2017-01-27T03:02:31","modified_gmt":"2017-01-27T09:02:31","slug":"aprueba-cabildo-de-metepec-bando-municipal-2017","status":"publish","type":"post","link":"https:\/\/www.diarioimagen.net\/?p=309451","title":{"rendered":"Aprueba Cabildo de Metepec Bando Municipal 2017"},"content":{"rendered":"<p><a href=\"http:\/\/www.diarioimagen.net\/?attachment_id=309554\" rel=\"attachment wp-att-309554\"><img loading=\"lazy\" decoding=\"async\" class=\"aligncenter size-large wp-image-309554\" src=\"http:\/\/www.diarioimagen.net\/wp-content\/uploads\/2017\/01\/METEPEC-3045-460x259.jpg\" alt=\"\" width=\"460\" height=\"259\" srcset=\"https:\/\/www.diarioimagen.net\/wp-content\/uploads\/2017\/01\/METEPEC-3045-460x259.jpg 460w, https:\/\/www.diarioimagen.net\/wp-content\/uploads\/2017\/01\/METEPEC-3045-240x135.jpg 240w, https:\/\/www.diarioimagen.net\/wp-content\/uploads\/2017\/01\/METEPEC-3045-235x132.jpg 235w, https:\/\/www.diarioimagen.net\/wp-content\/uploads\/2017\/01\/METEPEC-3045-202x114.jpg 202w, https:\/\/www.diarioimagen.net\/wp-content\/uploads\/2017\/01\/METEPEC-3045-350x196.jpg 350w, https:\/\/www.diarioimagen.net\/wp-content\/uploads\/2017\/01\/METEPEC-3045-220x123.jpg 220w, https:\/\/www.diarioimagen.net\/wp-content\/uploads\/2017\/01\/METEPEC-3045-237x132.jpg 237w, https:\/\/www.diarioimagen.net\/wp-content\/uploads\/2017\/01\/METEPEC-3045.jpg 480w\" sizes=\"auto, (max-width: 460px) 100vw, 460px\" \/><\/a><\/p>\n<p>&nbsp;<\/p>\n<p><strong>Metepec, Estado de M\u00e9xico.-<\/strong>\u00a0El 5 de febrero, en el marco del aniversario de la Constituci\u00f3n Pol\u00edtica, el m\u00e1ximo \u00f3rgano de Metepec, publicar\u00e1 el Bando Municipal 2017, documento rector de la vida del municipio que estar\u00e1 vigente un a\u00f1o.<\/p>\n<p>La nueva edici\u00f3n fue presentada por la comisi\u00f3n edilicia de Revisi\u00f3n y Actualizaci\u00f3n de la Reglamentaci\u00f3n Municipal y fue aprobada durante la quinquag\u00e9sima primera sesi\u00f3n ordinaria de Cabildo.<\/p>\n<p>&nbsp;<\/p>\n","protected":false},"excerpt":{"rendered":"<p>El 5 de febrero, en el marco del aniversario de la Constituci\u00f3n Pol\u00edtica, el m\u00e1ximo \u00f3rgano de Metepec, publicar\u00e1 el Bando Municipal 2017, documento rector de la vida del municipio que estar\u00e1 vigente un a\u00f1o.<\/p>\n","protected":false},"author":3,"featured_media":309554,"comment_status":"open","ping_status":"open","sticky":false,"template":"","format":"standard","meta":{"_monsterinsights_skip_tracking":false,"_monsterinsights_sitenote_active":false,"_monsterinsights_sitenote_note":"","_monsterinsights_sitenote_category":0,"footnotes":""},"categories":[35155],"tags":[51676,48409,23030,43675,876],"class_list":["post-309451","post","type-post","status-publish","format-standard","has-post-thumbnail","hentry","category-estado-de-mexico-estado-de-mexico","tag-aprueba","tag-bando-municipal","tag-cabildo","tag-estado-de-mexico","tag-metepec"],"_links":{"self":[{"href":"https:\/\/www.diarioimagen.net\/index.php?rest_route=\/wp\/v2\/posts\/309451","targetHints":{"allow":["GET"]}}],"collection":[{"href":"https:\/\/www.diarioimagen.net\/index.php?rest_route=\/wp\/v2\/posts"}],"about":[{"href":"https:\/\/www.diarioimagen.net\/index.php?rest_route=\/wp\/v2\/types\/post"}],"author":[{"embeddable":true,"href":"https:\/\/www.diarioimagen.net\/index.php?rest_route=\/wp\/v2\/users\/3"}],"replies":[{"embeddable":true,"href":"https:\/\/www.diarioimagen.net\/index.php?rest_route=%2Fwp%2Fv2%2Fcomments&post=309451"}],"version-history":[{"count":0,"href":"https:\/\/www.diarioimagen.net\/index.php?rest_route=\/wp\/v2\/posts\/309451\/revisions"}],"wp:featuredmedia":[{"embeddable":true,"href":"https:\/\/www.diarioimagen.net\/index.php?rest_route=\/wp\/v2\/media\/309554"}],"wp:attachment":[{"href":"https:\/\/www.diarioimagen.net\/index.php?rest_route=%2Fwp%2Fv2%2Fmedia&parent=309451"}],"wp:term":[{"taxonomy":"category","embeddable":true,"href":"https:\/\/www.diarioimagen.net\/index.php?rest_route=%2Fwp%2Fv2%2Fcategories&post=309451"},{"taxonomy":"post_tag","embeddable":true,"href":"https:\/\/www.diarioimagen.net\/index.php?rest_route=%2Fwp%2Fv2%2Ftags&post=309451"}],"curies":[{"name":"wp","href":"https:\/\/api.w.org\/{rel}","templated":true}]}}