{"id":309511,"date":"2017-01-27T00:06:17","date_gmt":"2017-01-27T06:06:17","guid":{"rendered":"http:\/\/www.diarioimagen.net\/?p=309511"},"modified":"2017-01-27T02:13:43","modified_gmt":"2017-01-27T08:13:43","slug":"vaya-plenarias-legislativas-austeras","status":"publish","type":"post","link":"https:\/\/www.diarioimagen.net\/?p=309511","title":{"rendered":"\u00a1Vaya! plenarias legislativas austeras"},"content":{"rendered":"<h2>Consensos y disensos<\/h2>\n<h5>Mario San Mart\u00ed<\/h5>\n<p>&nbsp;<\/p>\n<ul>\n<li><strong><em>Senadores y diputados discuten su agenda tem\u00e1tica sin dispendio de recursos<\/em><\/strong><\/li>\n<li><strong><em>Titular de la CNDH habla de austeridad, recibi\u00f3 bono de 500 mil pesos<\/em><\/strong><\/li>\n<\/ul>\n<p>&nbsp;<\/p>\n<p>M\u00e1s all\u00e1 de los temas que son del inter\u00e9s legislativo, lo que sin dudad llama la atenci\u00f3n en la realizaci\u00f3n de las reuniones plenarias de los grupos parlamentarios, tanto en el Senado de la Rep\u00fablica como en la C\u00e1mara de Diputados, es la inauguraci\u00f3n de un nuevo formato acorde a los tiempos de contrariedad econ\u00f3mica que vive el pa\u00eds.<\/p>\n<p>Atr\u00e1s quedaron los tiempos del dispendio y celebraciones fara\u00f3nicas en la reuniones plenarias de los grupos parlamentarios del Congreso de la Uni\u00f3n a la hora de conformar sus agendas legislativas, esto cada vez que se aprestan al inicio de sus periodos de ordinarios de sesiones.<\/p>\n<p>El objetivo de integrar las agendas legislativas no cambi\u00f3 ni un \u00e1pice, solo que las sedes fuera de la capital, que daban pie para el relax y el turismo entre cuates, fueron cambiadas por \u00a0instalaciones del poder legislativo o perteneciente a los diferentes partidos pol\u00edticos que tienen representaci\u00f3n parlamentaria.<\/p>\n<p>Y para darnos una idea de ese dispendio, el senador del PRI, Emilio Gamboa Patr\u00f3n, ha se\u00f1alado que la bancada que \u00e9l coordina se va a ahorrar la cantidad de dos millones de pesos, ya que el costo que tendr\u00e1 la reuni\u00f3n del grupo ser\u00e1 aproximadamente \u00a0de 130 mil pesos y esta tendr\u00e1 verificativo el lunes de la siguiente semana en alg\u00fan espacio de la C\u00e1mara Alta.<\/p>\n<p>El lunes y martes de esta semana los diputados de Acci\u00f3n Nacional iniciaron el calendario de reuniones, llev\u00e1ndose a cabo \u00e9stas en la sede del CEN del PAN y con un formato austero.<\/p>\n<p>Muy pocos de ellos se acordaron de los desv\u00edos en los que con frecuencia llegaban a caer quienes asist\u00edan a esas convocatorias en centros tur\u00edsticos, como fue el caso de la francachela que un grupo de diputados panistas organiz\u00f3 en el marco de una plenaria celebrada en Puerto Vallara, Jalisco, en 2014.<\/p>\n<p>Eran tiempos en que los blanquiazules procesaban la discusi\u00f3n y an\u00e1lisis de las leyes secundarias de la reforma energ\u00e9tica, de los resultados obtenidos en aquellas fechas casi nadie se acuerda y del ocurrido en el marco de esos trabajos nadie quiere acordarse.<\/p>\n<p>Varios d\u00edas despu\u00e9s de su celebraci\u00f3n los sorprendi\u00f3 la difusi\u00f3n de un video que daba cuenta de un verdadero \u201crevent\u00f3n\u201d y esta acci\u00f3n hizo crisis en las filas del PAN al grado de que el entonces Coordinador del grupo, Luis Alberto Villareal, fue destituido y por muchos d\u00edas el tema fue del inter\u00e9s de los medios informativos, por el festejo, por el delito de espionaje y porque al parecer la cuenta de esa fiestecita se hizo con cargo a los gastos destinados a dicha fracci\u00f3n parlamentaria, de ah\u00ed que adem\u00e1s de ilustrativo de c\u00f3mo se las gastaban los representantes populares, el caso no deja de ser anecd\u00f3tico cuando de dispendios legislativos se habla.<\/p>\n<p>No es el \u00fanico caso en materia de excesos en el gasto p\u00fablico con el pretexto del trabajo legislativo, convertidos dizque en sesiones permanentes, pero por los lugares elegidos hab\u00eda motivos suficientes para hablar de turismo parlamentario o de vacaciones pagadas con el erario p\u00fablico, una veces en Canc\u00fan, otras en Acapulco, Huatulco, Puerto Vallarta, Boca del R\u00edo y en el peor de los casos eleg\u00edan la Ciudad de la eterna primavera, Cuernavaca, y en ellos ning\u00fan partido puede excusarse de su participaci\u00f3n.<\/p>\n<p>Eran otros tiempos, adem\u00e1s de reglamentos poco transparentes, los recursos se pod\u00edan manejar con absoluta discrecionalidad.<\/p>\n<p>Hoy el pa\u00eds vive una situaci\u00f3n de crisis, sin olvidar que los mecanismos de rendici\u00f3n de cuentas son una exigencia p\u00fablica, por lo que en verdad es de celebrar la inauguraci\u00f3n de esta nueva modalidad de reuniones parlamentarias, hay que darles la bienvenida y ojal\u00e1 hayan llegado para quedarse, porque si algo desacredita a los \u00f3rganos legislativos es la falta de transparencia y rendici\u00f3n de cuentas en el manejo de recursos p\u00fablicos.<\/p>\n<p>Adem\u00e1s del formato austero en la sede senatorial, los del PVEM lo hicieron de manera colegiada entre sus senadores y diputados. Lunes 30 y martes 31, tocar\u00e1 su turno a diputados de las fracciones del PRI, PRD, Morena y PES quienes eligieron como sede de sus reuniones el Palacio Legislativo de San L\u00e1zaro. Diputados de Nueva Alianza se reunir\u00e1n el 30 de enero en la sede del CEN de su partido.<\/p>\n<p>Los Senadores tambi\u00e9n entendieron las exigencias en materia de pol\u00edticas de austeridad, har\u00e1n base de sus reuniones a la C\u00e1mara Alta y en la sede de sus partidos. \u00a1Vaya\u00a1, ya era hora.<\/p>\n<p>DE SALIDA.- Hablando de austeridad, en el marco de su informe de actividades 2016, ante la comisi\u00f3n permanente del Congreso de la Uni\u00f3n, el titular de la Comisi\u00f3n Nacional de los Derechos Humanos, Ra\u00fal Gonz\u00e1lez P\u00e9rez se pronunci\u00f3 porque el Legislativo federal formule con responsabilidad, objetividad\u00a0 e integralidad, una ley que de manera general y obligatoria para\u00a0 todo ente que ejerza recursos p\u00fablicos, imponga los par\u00e1metros, alcances y medidas concretas de austeridad en el gasto, as\u00ed como el destino que se d\u00e9 a los recursos que se afecten.<\/p>\n<p>Lo malo fue que al hacer la propuesta, una legisladora hizo saber a los presentes en este rito, perd\u00f3n informe, que el presidente de la CNDH recibi\u00f3 como bono de fin de a\u00f1o la cantidad de 500 mil pesos, por lo que hablar y proponer a nombre de la austeridad nom\u00e1s no le qued\u00f3 al ombudsman.<\/p>\n<p><em><a href=\"mailto:mariosanmarti@yahoo.com.mx\" target=\"_blank\">mariosanmarti@yahoo.com.mx<\/a><\/em><\/p>\n","protected":false},"excerpt":{"rendered":"<p><span style=\"color: #005497;\"><strong>Mario San Mart\u00ed<\/strong><\/span><\/p>\n","protected":false},"author":3,"featured_media":0,"comment_status":"open","ping_status":"open","sticky":false,"template":"","format":"standard","meta":{"_monsterinsights_skip_tracking":false,"_monsterinsights_sitenote_active":false,"_monsterinsights_sitenote_note":"","_monsterinsights_sitenote_category":0,"footnotes":""},"categories":[44689],"tags":[45091,45092,43674],"class_list":["post-309511","post","type-post","status-publish","format-standard","hentry","category-mario-san-marti","tag-consensos-y-disensos","tag-mario-san-marti","tag-opinion"],"_links":{"self":[{"href":"https:\/\/www.diarioimagen.net\/index.php?rest_route=\/wp\/v2\/posts\/309511","targetHints":{"allow":["GET"]}}],"collection":[{"href":"https:\/\/www.diarioimagen.net\/index.php?rest_route=\/wp\/v2\/posts"}],"about":[{"href":"https:\/\/www.diarioimagen.net\/index.php?rest_route=\/wp\/v2\/types\/post"}],"author":[{"embeddable":true,"href":"https:\/\/www.diarioimagen.net\/index.php?rest_route=\/wp\/v2\/users\/3"}],"replies":[{"embeddable":true,"href":"https:\/\/www.diarioimagen.net\/index.php?rest_route=%2Fwp%2Fv2%2Fcomments&post=309511"}],"version-history":[{"count":0,"href":"https:\/\/www.diarioimagen.net\/index.php?rest_route=\/wp\/v2\/posts\/309511\/revisions"}],"wp:attachment":[{"href":"https:\/\/www.diarioimagen.net\/index.php?rest_route=%2Fwp%2Fv2%2Fmedia&parent=309511"}],"wp:term":[{"taxonomy":"category","embeddable":true,"href":"https:\/\/www.diarioimagen.net\/index.php?rest_route=%2Fwp%2Fv2%2Fcategories&post=309511"},{"taxonomy":"post_tag","embeddable":true,"href":"https:\/\/www.diarioimagen.net\/index.php?rest_route=%2Fwp%2Fv2%2Ftags&post=309511"}],"curies":[{"name":"wp","href":"https:\/\/api.w.org\/{rel}","templated":true}]}}