{"id":309602,"date":"2017-01-29T17:00:32","date_gmt":"2017-01-29T23:00:32","guid":{"rendered":"http:\/\/www.diarioimagen.net\/?p=309602"},"modified":"2017-01-31T00:47:58","modified_gmt":"2017-01-31T06:47:58","slug":"destacan-2a-edicion-del-salon-del-automovil-arte-y-cultura-de-la-uaem","status":"publish","type":"post","link":"https:\/\/www.diarioimagen.net\/?p=309602","title":{"rendered":"Destacan 2\u00aa. edici\u00f3n del Sal\u00f3n Del Autom\u00f3vil: Arte y Cultura de la UAEM"},"content":{"rendered":"<ul>\n<li><em><strong>Felicita Manzur Quiroga al rector Jorge Olvera<\/strong><\/em><\/li>\n<\/ul>\n<p>&nbsp;<\/p>\n<div id=\"attachment_309603\" style=\"width: 470px\" class=\"wp-caption aligncenter\"><a href=\"http:\/\/www.diarioimagen.net\/?attachment_id=309603\" rel=\"attachment wp-att-309603\"><img loading=\"lazy\" decoding=\"async\" aria-describedby=\"caption-attachment-309603\" class=\"size-large wp-image-309603\" src=\"http:\/\/www.diarioimagen.net\/wp-content\/uploads\/2017\/01\/AUTOMOVIL30-PORTAL-460x268.jpg\" alt=\"\" width=\"460\" height=\"268\" srcset=\"https:\/\/www.diarioimagen.net\/wp-content\/uploads\/2017\/01\/AUTOMOVIL30-PORTAL-460x268.jpg 460w, https:\/\/www.diarioimagen.net\/wp-content\/uploads\/2017\/01\/AUTOMOVIL30-PORTAL-240x140.jpg 240w, https:\/\/www.diarioimagen.net\/wp-content\/uploads\/2017\/01\/AUTOMOVIL30-PORTAL.jpg 480w\" sizes=\"auto, (max-width: 460px) 100vw, 460px\" \/><\/a><p id=\"caption-attachment-309603\" class=\"wp-caption-text\">Jos\u00e9 Manzur Quiroga agradeci\u00f3 y felicit\u00f3 a la UAEM por saber entrelazar la ciencia con el arte, la academia con el deporte y la pasi\u00f3n con el humanismo transformador.<\/p><\/div>\n<p>&nbsp;<\/p>\n<p><strong>Toluca, Estado de M\u00e9xico<\/strong>.- Con la exposici\u00f3n de tres pabellones ilustrados que revelan la afici\u00f3n y evoluci\u00f3n de la ingenier\u00eda automotriz, y en donde se muestran los autos m\u00e1s emblem\u00e1ticos a trav\u00e9s de la historia, se llev\u00f3 a cabo en esta ciudad la segunda edici\u00f3n del Sal\u00f3n del Autom\u00f3vil: Arte y Cultura de la Universidad Aut\u00f3noma del Estado de M\u00e9xico (UAEM).<\/p>\n<p>El secretario General de Gobierno, Jos\u00e9 Manzur Quiroga agradeci\u00f3 y felicit\u00f3 a la M\u00e1xima Casa de estudios del Estado de M\u00e9xico por saber entrelazar la ciencia con el arte, la academia con el deporte y la pasi\u00f3n con el humanismo transformador\u201d.<\/p>\n<p>Por su parte el rector de la UAEM, Jorge Olvera Garc\u00eda, detall\u00f3 que la difusi\u00f3n del arte y la cultura a trav\u00e9s de esta muestra que se llev\u00f3 a cabo este fin de semana, tiene a su vez el prop\u00f3sito de recaudar fondos que ser\u00e1n destinados a la entrega de becas a j\u00f3venes con necesidades econ\u00f3micas para que puedan seguir estudiando.<\/p>\n<p>Ubicada en la Unidad Deportiva de la UAEM, en San Antonio Buenavista de la capital mexiquense, los espacios exhibieron diferentes \u00e9pocas, los aspectos m\u00e1s importantes de la historia del autom\u00f3vil, su desarrollo tecnol\u00f3gico y los cambios generados a trav\u00e9s del tiempo por los principales acontecimientos hist\u00f3ricos, sociales, pol\u00edticos, econ\u00f3micos y culturales.<\/p>\n<p>En el pabell\u00f3n del autom\u00f3vil antiguo se disfrut\u00f3 de la exposici\u00f3n de autos cl\u00e1sicos, algunos de ellos apreciados por primera vez en esta edici\u00f3n; al igual que en el de los modernos, que por sus caracter\u00edsticas y condiciones los convierten en ejemplares \u00fanicos y originales; mientras que en el pabell\u00f3n del Mustang se muestra por qu\u00e9 ese veh\u00edculo es el m\u00e1s ic\u00f3nico de los autos deportivos con la presentaci\u00f3n de 45 autos, adem\u00e1s de que los asistentes tambi\u00e9n se podr\u00e1n maravillar con autos de clubes y coleccionistas.<\/p>\n<p>En esta edici\u00f3n estuvieron presentes diversos integrantes de clubes autos cl\u00e1sicos y deportivos del Estado de M\u00e9xico, as\u00ed como de la Republica mexicana, quienes recibir\u00e1n un reconocimiento por su participaci\u00f3n en la exposici\u00f3n que tiene prevista la asistencia de m\u00e1s de 6 mil personas.<\/p>\n","protected":false},"excerpt":{"rendered":"<p>Con la exposici\u00f3n de tres pabellones ilustrados que revelan la afici\u00f3n y evoluci\u00f3n de la ingenier\u00eda automotriz, y en donde se muestran los autos m\u00e1s emblem\u00e1ticos a trav\u00e9s de la historia, se llev\u00f3 a cabo en esta ciudad la segunda edici\u00f3n del Sal\u00f3n del Autom\u00f3vil: Arte y Cultura de la Universidad Aut\u00f3noma del Estado de M\u00e9xico (UAEM).<\/p>\n","protected":false},"author":5,"featured_media":309603,"comment_status":"open","ping_status":"open","sticky":false,"template":"","format":"standard","meta":{"_monsterinsights_skip_tracking":false,"_monsterinsights_sitenote_active":false,"_monsterinsights_sitenote_note":"","_monsterinsights_sitenote_category":0,"footnotes":""},"categories":[35155],"tags":[43675,452],"class_list":["post-309602","post","type-post","status-publish","format-standard","has-post-thumbnail","hentry","category-estado-de-mexico-estado-de-mexico","tag-estado-de-mexico","tag-toluca"],"_links":{"self":[{"href":"https:\/\/www.diarioimagen.net\/index.php?rest_route=\/wp\/v2\/posts\/309602","targetHints":{"allow":["GET"]}}],"collection":[{"href":"https:\/\/www.diarioimagen.net\/index.php?rest_route=\/wp\/v2\/posts"}],"about":[{"href":"https:\/\/www.diarioimagen.net\/index.php?rest_route=\/wp\/v2\/types\/post"}],"author":[{"embeddable":true,"href":"https:\/\/www.diarioimagen.net\/index.php?rest_route=\/wp\/v2\/users\/5"}],"replies":[{"embeddable":true,"href":"https:\/\/www.diarioimagen.net\/index.php?rest_route=%2Fwp%2Fv2%2Fcomments&post=309602"}],"version-history":[{"count":0,"href":"https:\/\/www.diarioimagen.net\/index.php?rest_route=\/wp\/v2\/posts\/309602\/revisions"}],"wp:featuredmedia":[{"embeddable":true,"href":"https:\/\/www.diarioimagen.net\/index.php?rest_route=\/wp\/v2\/media\/309603"}],"wp:attachment":[{"href":"https:\/\/www.diarioimagen.net\/index.php?rest_route=%2Fwp%2Fv2%2Fmedia&parent=309602"}],"wp:term":[{"taxonomy":"category","embeddable":true,"href":"https:\/\/www.diarioimagen.net\/index.php?rest_route=%2Fwp%2Fv2%2Fcategories&post=309602"},{"taxonomy":"post_tag","embeddable":true,"href":"https:\/\/www.diarioimagen.net\/index.php?rest_route=%2Fwp%2Fv2%2Ftags&post=309602"}],"curies":[{"name":"wp","href":"https:\/\/api.w.org\/{rel}","templated":true}]}}