{"id":309605,"date":"2017-01-29T16:00:11","date_gmt":"2017-01-29T22:00:11","guid":{"rendered":"http:\/\/www.diarioimagen.net\/?p=309605"},"modified":"2017-01-31T00:47:44","modified_gmt":"2017-01-31T06:47:44","slug":"educacion-el-arma-mas-poderosa-para-que-los-jovenes-crezcan-eruviel-avila","status":"publish","type":"post","link":"https:\/\/www.diarioimagen.net\/?p=309605","title":{"rendered":"Educaci\u00f3n, el arma m\u00e1s poderosa para que los j\u00f3venes crezcan: Eruviel \u00c1vila"},"content":{"rendered":"<ul>\n<li><em><strong>Prioridad para el gobierno mexiquense<\/strong><\/em><\/li>\n<\/ul>\n<p>&nbsp;<\/p>\n<div id=\"attachment_309606\" style=\"width: 470px\" class=\"wp-caption aligncenter\"><a href=\"http:\/\/www.diarioimagen.net\/?attachment_id=309606\" rel=\"attachment wp-att-309606\"><img loading=\"lazy\" decoding=\"async\" aria-describedby=\"caption-attachment-309606\" class=\"size-large wp-image-309606\" src=\"http:\/\/www.diarioimagen.net\/wp-content\/uploads\/2017\/01\/EDUCACION30-PORTAL-460x268.jpg\" alt=\"\" width=\"460\" height=\"268\" srcset=\"https:\/\/www.diarioimagen.net\/wp-content\/uploads\/2017\/01\/EDUCACION30-PORTAL-460x268.jpg 460w, https:\/\/www.diarioimagen.net\/wp-content\/uploads\/2017\/01\/EDUCACION30-PORTAL-240x140.jpg 240w, https:\/\/www.diarioimagen.net\/wp-content\/uploads\/2017\/01\/EDUCACION30-PORTAL.jpg 480w\" sizes=\"auto, (max-width: 460px) 100vw, 460px\" \/><\/a><p id=\"caption-attachment-309606\" class=\"wp-caption-text\">Eruviel \u00c1vila Villegas, acompa\u00f1ado por Rodolfo Tuir\u00e1n, Franco Coppola y Ana Lilia Herrera Anzaldo, recorri\u00f3 las instalaciones de la Preparatoria Ibero en Lerma.<\/p><\/div>\n<p>&nbsp;<\/p>\n<p><strong>Lerma, Estado de M\u00e9xico<\/strong>.- El gobernador Eruviel \u00c1vila Villegas afirm\u00f3 que la educaci\u00f3n es el arma m\u00e1s poderosa para que los j\u00f3venes sigan creciendo y desarroll\u00e1ndose, por ello ha sido una prioridad para el gobierno mexiquense ofrecer m\u00e1s becas y \u00fatiles escolares, equipamiento y mejoramiento de las escuelas.<\/p>\n<p>Esto, al asistir a la inauguraci\u00f3n de la Preparatoria Ibero, donde invit\u00f3 a los alumnos del plantel a sacar el m\u00e1ximo provecho de todas las herramientas que les brinda esta instituci\u00f3n, la cual forma a sus alumnos con valores y con un buen nivel acad\u00e9mico.<\/p>\n<p>\u201cUstedes j\u00f3venes, son muy afortunados, les felicito, que bueno que le saquen jugo, como se dice, a esta gran universidad, que adem\u00e1s de formar a sus alumnos en valores universales, en principios, tienen muy buen nivel acad\u00e9mico. Ustedes j\u00f3venes, son nuestra esperanza, son el presente, pero tambi\u00e9n son el futuro, por eso esperamos mucho de ustedes; lo material va y viene, pero la formaci\u00f3n, los valores, la preparaci\u00f3n, esa se queda para toda la vida\u201d, expres\u00f3.<\/p>\n<p>\u00c1vila Villegas, acompa\u00f1ado por el subsecretario de Educaci\u00f3n Media Superior de la Secretar\u00eda de Educaci\u00f3n P\u00fablica, Rodolfo Tuir\u00e1n Guti\u00e9rrez, Franco Coppola, nuncio apost\u00f3lico en M\u00e9xico, y la secretaria estatal de Educaci\u00f3n, Ana Lilia Herrera Anzaldo, recorri\u00f3 las instalaciones de este plantel educativo, y felicit\u00f3 tambi\u00e9n a los padres de familia y autoridades escolares por este logro, ya que es la educaci\u00f3n la mejor herencia que se les puede dejar a los j\u00f3venes.<\/p>\n<p>Asimismo, reconoci\u00f3 a quienes apoyaron a construir esta escuela, ya que este tipo de acciones, son un bien para la humanidad.<\/p>\n<p>El plantel se ubica en la comunidad de Salazar, en Lerma, y cuenta con canchas deportivas, cafeter\u00eda, laboratorio de idiomas, laboratorio de ciencias, gimnasio, auditorio, biblioteca, entre otros.<\/p>\n","protected":false},"excerpt":{"rendered":"<p>El gobernador Eruviel \u00c1vila Villegas afirm\u00f3 que la educaci\u00f3n es el arma m\u00e1s poderosa para que los j\u00f3venes sigan creciendo y desarroll\u00e1ndose, por ello ha sido una prioridad para el gobierno mexiquense ofrecer m\u00e1s becas y \u00fatiles escolares, equipamiento y mejoramiento de las escuelas.<\/p>\n","protected":false},"author":5,"featured_media":309606,"comment_status":"open","ping_status":"open","sticky":false,"template":"","format":"standard","meta":{"_monsterinsights_skip_tracking":false,"_monsterinsights_sitenote_active":false,"_monsterinsights_sitenote_note":"","_monsterinsights_sitenote_category":0,"footnotes":""},"categories":[5],"tags":[3314,3249,43675,1050],"class_list":["post-309605","post","type-post","status-publish","format-standard","has-post-thumbnail","hentry","category-estado-de-mexico","tag-ana-lilia-herrera-anzaldo","tag-educacion-publica","tag-estado-de-mexico","tag-lerma"],"_links":{"self":[{"href":"https:\/\/www.diarioimagen.net\/index.php?rest_route=\/wp\/v2\/posts\/309605","targetHints":{"allow":["GET"]}}],"collection":[{"href":"https:\/\/www.diarioimagen.net\/index.php?rest_route=\/wp\/v2\/posts"}],"about":[{"href":"https:\/\/www.diarioimagen.net\/index.php?rest_route=\/wp\/v2\/types\/post"}],"author":[{"embeddable":true,"href":"https:\/\/www.diarioimagen.net\/index.php?rest_route=\/wp\/v2\/users\/5"}],"replies":[{"embeddable":true,"href":"https:\/\/www.diarioimagen.net\/index.php?rest_route=%2Fwp%2Fv2%2Fcomments&post=309605"}],"version-history":[{"count":0,"href":"https:\/\/www.diarioimagen.net\/index.php?rest_route=\/wp\/v2\/posts\/309605\/revisions"}],"wp:featuredmedia":[{"embeddable":true,"href":"https:\/\/www.diarioimagen.net\/index.php?rest_route=\/wp\/v2\/media\/309606"}],"wp:attachment":[{"href":"https:\/\/www.diarioimagen.net\/index.php?rest_route=%2Fwp%2Fv2%2Fmedia&parent=309605"}],"wp:term":[{"taxonomy":"category","embeddable":true,"href":"https:\/\/www.diarioimagen.net\/index.php?rest_route=%2Fwp%2Fv2%2Fcategories&post=309605"},{"taxonomy":"post_tag","embeddable":true,"href":"https:\/\/www.diarioimagen.net\/index.php?rest_route=%2Fwp%2Fv2%2Ftags&post=309605"}],"curies":[{"name":"wp","href":"https:\/\/api.w.org\/{rel}","templated":true}]}}