{"id":309611,"date":"2017-01-29T18:00:49","date_gmt":"2017-01-30T00:00:49","guid":{"rendered":"http:\/\/www.diarioimagen.net\/?p=309611"},"modified":"2017-01-31T00:48:10","modified_gmt":"2017-01-31T06:48:10","slug":"apoya-edomex-a-jovenes-con-gastos-de-titulacion","status":"publish","type":"post","link":"https:\/\/www.diarioimagen.net\/?p=309611","title":{"rendered":"Apoya Edomex a j\u00f3venes con gastos de titulaci\u00f3n"},"content":{"rendered":"<ul>\n<li><em><strong>Isis \u00c1vila Mu\u00f1oz entreg\u00f3 mil 600 tarjetas La Efectiva<\/strong><\/em><\/li>\n<\/ul>\n<p>&nbsp;<\/p>\n<div id=\"attachment_309612\" style=\"width: 470px\" class=\"wp-caption aligncenter\"><a href=\"http:\/\/www.diarioimagen.net\/?attachment_id=309612\" rel=\"attachment wp-att-309612\"><img loading=\"lazy\" decoding=\"async\" aria-describedby=\"caption-attachment-309612\" class=\"size-large wp-image-309612\" src=\"http:\/\/www.diarioimagen.net\/wp-content\/uploads\/2017\/01\/TITULACION30-portal-460x268.jpg\" alt=\"\" width=\"460\" height=\"268\" srcset=\"https:\/\/www.diarioimagen.net\/wp-content\/uploads\/2017\/01\/TITULACION30-portal-460x268.jpg 460w, https:\/\/www.diarioimagen.net\/wp-content\/uploads\/2017\/01\/TITULACION30-portal-240x140.jpg 240w, https:\/\/www.diarioimagen.net\/wp-content\/uploads\/2017\/01\/TITULACION30-portal.jpg 480w\" sizes=\"auto, (max-width: 460px) 100vw, 460px\" \/><\/a><p id=\"caption-attachment-309612\" class=\"wp-caption-text\">La presidenta honoraria del DIFEM, Isis \u00c1vila, entreg\u00f3 mil 600 tarjetas La Efectiva a j\u00f3venes de Tlalnepantla, Atizap\u00e1n de Zaragoza y Naucalpan.<\/p><\/div>\n<p>&nbsp;<\/p>\n<p><strong>Tlalnepantla, Estado de M\u00e9xico<\/strong>.- Con el prop\u00f3sito de apoyar a los j\u00f3venes para realizar gastos de titulaci\u00f3n, montar un despacho o negocio o adquirir una computadora o comprar material educativo, la presidenta del DIF del Estado de M\u00e9xico, Isis \u00c1vila Mu\u00f1oz entreg\u00f3 mil 600 tarjetas La Efectiva.<\/p>\n<p>En el teatro Centenario de esta localidad, Isis \u00c1vila se reuni\u00f3 con j\u00f3venes de Tlalnepantla, Atizap\u00e1n de Zaragoza y Naucalpan para invitarlos a superarse por medio de la educaci\u00f3n, emprender un proyecto con ayuda de su imaginaci\u00f3n, luchar por consolidar sus aspiraciones en \u00e1mbitos culturales, deportivos, entre otros que les brinden la oportunidad de desarrollo y crecimiento.<\/p>\n<p>\u201cEl arma m\u00e1s fuerte que se le puede heredar a un individuo es el conocimiento, as\u00ed que no desaprovechen la oportunidad que con el esfuerzo de sus familias y programas sociales como este de J\u00f3venes que Logran en Grande, que hoy los apoyan con un est\u00edmulo econ\u00f3mico de 3 mil pesos, ustedes pueden costear diversos gastos escolares que les permitir\u00e1n convertirse en l\u00edderes\u201d, afirm\u00f3 la titular del DIF estatal.<\/p>\n<p>Acompa\u00f1ada de Roberto Ram\u00edrez de la Parra, director general de la Comisi\u00f3n Nacional del Agua; Arturo Osornio S\u00e1nchez, secretario de Desarrollo Social del Estado de M\u00e9xico; Mariano Camacho San Mart\u00edn, director general del Instituto Mexiquense de la Juventud; Denisse Ugalde Alegr\u00eda, presidenta municipal y Gabriela Gonz\u00e1lez Ru\u00edz, directora general del DIF Tlalnepantla, respectivamente, Isis \u00c1vila tambi\u00e9n otorg\u00f3 a los j\u00f3venes una tarjeta \u00c1rmala en Grande, que les ofrece m\u00e1s de 2 mil descuentos en productos o servicios.<\/p>\n<p>\u201cCon el trabajo en equipo de los tres niveles de gobierno federal, estatal y municipal, se consolidan programas para ayudar a quienes menos tienen y m\u00e1s lo necesitan, as\u00ed es que \u00e9chenle muchas ganas a sus estudios, crean en sus sue\u00f1os y pongan en pr\u00e1ctica su imaginaci\u00f3n\u201d, refiri\u00f3.<\/p>\n<p>Posteriormente Isis \u00c1vila entreg\u00f3 canastas alimenticias, pa\u00f1aleras, equipadas y tarjetas de afiliaci\u00f3n al Programa Futuro en Grande a j\u00f3venes embarazadas y madres de familia, para que mejoren su alimentaci\u00f3n y reciban capacitaci\u00f3n laboral.<\/p>\n","protected":false},"excerpt":{"rendered":"<p>Con el prop\u00f3sito de apoyar a los j\u00f3venes para realizar gastos de titulaci\u00f3n, montar un despacho o negocio o adquirir una computadora o comprar material educativo, la presidenta del DIF del Estado de M\u00e9xico, Isis \u00c1vila Mu\u00f1oz entreg\u00f3 mil 600 tarjetas La Efectiva.<\/p>\n","protected":false},"author":5,"featured_media":309612,"comment_status":"open","ping_status":"open","sticky":false,"template":"","format":"standard","meta":{"_monsterinsights_skip_tracking":false,"_monsterinsights_sitenote_active":false,"_monsterinsights_sitenote_note":"","_monsterinsights_sitenote_category":0,"footnotes":""},"categories":[35155],"tags":[1108,3561,43675,28207,35749,169],"class_list":["post-309611","post","type-post","status-publish","format-standard","has-post-thumbnail","hentry","category-estado-de-mexico-estado-de-mexico","tag-arturo-osornio-sanchez","tag-atizapan-de-zaragoza","tag-estado-de-mexico","tag-isis-avila-munoz","tag-la-efectiva","tag-tlalnepantla"],"_links":{"self":[{"href":"https:\/\/www.diarioimagen.net\/index.php?rest_route=\/wp\/v2\/posts\/309611","targetHints":{"allow":["GET"]}}],"collection":[{"href":"https:\/\/www.diarioimagen.net\/index.php?rest_route=\/wp\/v2\/posts"}],"about":[{"href":"https:\/\/www.diarioimagen.net\/index.php?rest_route=\/wp\/v2\/types\/post"}],"author":[{"embeddable":true,"href":"https:\/\/www.diarioimagen.net\/index.php?rest_route=\/wp\/v2\/users\/5"}],"replies":[{"embeddable":true,"href":"https:\/\/www.diarioimagen.net\/index.php?rest_route=%2Fwp%2Fv2%2Fcomments&post=309611"}],"version-history":[{"count":0,"href":"https:\/\/www.diarioimagen.net\/index.php?rest_route=\/wp\/v2\/posts\/309611\/revisions"}],"wp:featuredmedia":[{"embeddable":true,"href":"https:\/\/www.diarioimagen.net\/index.php?rest_route=\/wp\/v2\/media\/309612"}],"wp:attachment":[{"href":"https:\/\/www.diarioimagen.net\/index.php?rest_route=%2Fwp%2Fv2%2Fmedia&parent=309611"}],"wp:term":[{"taxonomy":"category","embeddable":true,"href":"https:\/\/www.diarioimagen.net\/index.php?rest_route=%2Fwp%2Fv2%2Fcategories&post=309611"},{"taxonomy":"post_tag","embeddable":true,"href":"https:\/\/www.diarioimagen.net\/index.php?rest_route=%2Fwp%2Fv2%2Ftags&post=309611"}],"curies":[{"name":"wp","href":"https:\/\/api.w.org\/{rel}","templated":true}]}}