{"id":309678,"date":"2017-01-30T00:04:48","date_gmt":"2017-01-30T06:04:48","guid":{"rendered":"http:\/\/www.diarioimagen.net\/?p=309678"},"modified":"2017-01-30T04:05:04","modified_gmt":"2017-01-30T10:05:04","slug":"en-tultepec-continuan-con-la-pavimentacion-de-69-calles","status":"publish","type":"post","link":"https:\/\/www.diarioimagen.net\/?p=309678","title":{"rendered":"En Tultepec contin\u00faan con la pavimentaci\u00f3n de 69 calles"},"content":{"rendered":"<ul>\n<li><strong><em>Inversi\u00f3n de 8.8 millones de pesos<\/em><\/strong><\/li>\n<\/ul>\n<p>&nbsp;<\/p>\n<div id=\"attachment_309745\" style=\"width: 470px\" class=\"wp-caption aligncenter\"><a href=\"http:\/\/www.diarioimagen.net\/?attachment_id=309745\" rel=\"attachment wp-att-309745\"><img loading=\"lazy\" decoding=\"async\" aria-describedby=\"caption-attachment-309745\" class=\"wp-image-309745 size-large\" src=\"http:\/\/www.diarioimagen.net\/wp-content\/uploads\/2017\/01\/TULTEPEC-3046-460x259.jpg\" width=\"460\" height=\"259\" srcset=\"https:\/\/www.diarioimagen.net\/wp-content\/uploads\/2017\/01\/TULTEPEC-3046-460x259.jpg 460w, https:\/\/www.diarioimagen.net\/wp-content\/uploads\/2017\/01\/TULTEPEC-3046-240x135.jpg 240w, https:\/\/www.diarioimagen.net\/wp-content\/uploads\/2017\/01\/TULTEPEC-3046-235x132.jpg 235w, https:\/\/www.diarioimagen.net\/wp-content\/uploads\/2017\/01\/TULTEPEC-3046-202x114.jpg 202w, https:\/\/www.diarioimagen.net\/wp-content\/uploads\/2017\/01\/TULTEPEC-3046-350x196.jpg 350w, https:\/\/www.diarioimagen.net\/wp-content\/uploads\/2017\/01\/TULTEPEC-3046-220x123.jpg 220w, https:\/\/www.diarioimagen.net\/wp-content\/uploads\/2017\/01\/TULTEPEC-3046-237x132.jpg 237w, https:\/\/www.diarioimagen.net\/wp-content\/uploads\/2017\/01\/TULTEPEC-3046.jpg 480w\" sizes=\"auto, (max-width: 460px) 100vw, 460px\" \/><\/a><p id=\"caption-attachment-309745\" class=\"wp-caption-text\">Contin\u00faa la pavimentaci\u00f3n de 69 calles con concreto hidr\u00e1ulico en 13 comunidades de Tultepec, lo que equivale a la aplicaci\u00f3n de aproximadamente 70 mil metros cuadrados.<\/p><\/div>\n<p>&nbsp;<\/p>\n<p><strong>Tultepec, Estado de M\u00e9xico<\/strong>.- El Ayuntamiento local a trav\u00e9s de la Direcci\u00f3n de Obras P\u00fablicas contin\u00faa con el proceso de pavimentaci\u00f3n de 69 calles con concreto hidr\u00e1ulico en 13 comunidades, lo que equivale a la aplicaci\u00f3n de aproximadamente 70 mil metros cuadrados, en las que se invierten 88.8 millones de pesos.<\/p>\n<p>Los trabajos incluyen la pavimentaci\u00f3n de las calles Zapata en la colonia 10 de Junio, Avenida Doctores en Teyahualco, la Avenida Toluca en la zona de fraccionamientos, la calle Hermanos Serd\u00e1n en Teyahualco, y la terminaci\u00f3n del Circuito San Pablo Norte, frente al CECyTEM en la unidad CTM; que juntas superar\u00e1n los 100 mil metros cuadrados de concreto hidr\u00e1ulico.<\/p>\n<p>Oscar Ram\u00edrez Peralta, director de Obras P\u00fablicas, asegur\u00f3 por instrucciones del alcalde Armando Portuguez Fuentes, todas las pavimentaciones ser\u00e1n de concreto hidr\u00e1ulico, \u201cporque los tultepequenses merecen obras duraderas y de calidad\u201d.<\/p>\n<p>Precis\u00f3 que los trabajos que iniciaron a finales de diciembre 2016, tendr\u00e1n una duraci\u00f3n aproximada de dos meses. En la colonia Tlalmecac ser\u00e1n pavimentadas las calles 1\u00aa Cerrada de Jajalpa, 2\u00aa Cerrada de Alcanfores, 2\u00aa Cerrada de Jajalpa, Cerrada La Mitra y Guardaraya.<\/p>\n<p>En el Barrio de Guadalupe, se est\u00e1n pavimentando la 1\u00aa Cerrada Tirso de Molina, 2\u00aa Cerrada Tirso de Molina, Cerrada Galdino Solano, 2\u00aa Privada Xicot\u00e9ncatl, Juan de la Barrera y 1\u00aa Cerrada Xicot\u00e9ncatl.<\/p>\n<p>Asimismo, en la colonia Xacopinca se trabaja en las calles Tlalmelaca, Cerrada La Ca\u00f1ada, Acomulco, Avenida Morelos con asfalto y Cerrada de Alcanfores; en las que se invierten 10 millones de pesos.<\/p>\n<p>En San Antonio Xahuento se pavimentan las calles Prolongaci\u00f3n Popocat\u00e9petl, Malinche, 2\u00aa Cerrada Felipe \u00c1ngeles, R\u00edo Usumacinta, R\u00edo Tonal\u00e1, Prolongaci\u00f3n Felipe \u00c1ngeles y Venustiano Carranza.<\/p>\n<p>En El Quemado est\u00e1n pr\u00e1cticamente concluidas las calles Cuernavaca, Durango, Mexicali y Vista Hermosa; en las que tambi\u00e9n se invirtieron 10 millones de pesos.<\/p>\n<p>&nbsp;<\/p>\n","protected":false},"excerpt":{"rendered":"<p>El Ayuntamiento local a trav\u00e9s de la Direcci\u00f3n de Obras P\u00fablicas contin\u00faa con el proceso de pavimentaci\u00f3n de 69 calles con concreto hidr\u00e1ulico en 13 comunidades, lo que equivale a la aplicaci\u00f3n de aproximadamente 70 mil metros cuadrados, en las que se invierten 88.8 millones de pesos.<\/p>\n","protected":false},"author":3,"featured_media":309745,"comment_status":"open","ping_status":"open","sticky":false,"template":"","format":"standard","meta":{"_monsterinsights_skip_tracking":false,"_monsterinsights_sitenote_active":false,"_monsterinsights_sitenote_note":"","_monsterinsights_sitenote_category":0,"footnotes":""},"categories":[35155],"tags":[43675,3802],"class_list":["post-309678","post","type-post","status-publish","format-standard","has-post-thumbnail","hentry","category-estado-de-mexico-estado-de-mexico","tag-estado-de-mexico","tag-tultepec"],"_links":{"self":[{"href":"https:\/\/www.diarioimagen.net\/index.php?rest_route=\/wp\/v2\/posts\/309678","targetHints":{"allow":["GET"]}}],"collection":[{"href":"https:\/\/www.diarioimagen.net\/index.php?rest_route=\/wp\/v2\/posts"}],"about":[{"href":"https:\/\/www.diarioimagen.net\/index.php?rest_route=\/wp\/v2\/types\/post"}],"author":[{"embeddable":true,"href":"https:\/\/www.diarioimagen.net\/index.php?rest_route=\/wp\/v2\/users\/3"}],"replies":[{"embeddable":true,"href":"https:\/\/www.diarioimagen.net\/index.php?rest_route=%2Fwp%2Fv2%2Fcomments&post=309678"}],"version-history":[{"count":0,"href":"https:\/\/www.diarioimagen.net\/index.php?rest_route=\/wp\/v2\/posts\/309678\/revisions"}],"wp:featuredmedia":[{"embeddable":true,"href":"https:\/\/www.diarioimagen.net\/index.php?rest_route=\/wp\/v2\/media\/309745"}],"wp:attachment":[{"href":"https:\/\/www.diarioimagen.net\/index.php?rest_route=%2Fwp%2Fv2%2Fmedia&parent=309678"}],"wp:term":[{"taxonomy":"category","embeddable":true,"href":"https:\/\/www.diarioimagen.net\/index.php?rest_route=%2Fwp%2Fv2%2Fcategories&post=309678"},{"taxonomy":"post_tag","embeddable":true,"href":"https:\/\/www.diarioimagen.net\/index.php?rest_route=%2Fwp%2Fv2%2Ftags&post=309678"}],"curies":[{"name":"wp","href":"https:\/\/api.w.org\/{rel}","templated":true}]}}