{"id":309681,"date":"2017-01-30T00:03:06","date_gmt":"2017-01-30T06:03:06","guid":{"rendered":"http:\/\/www.diarioimagen.net\/?p=309681"},"modified":"2017-01-30T07:13:51","modified_gmt":"2017-01-30T13:13:51","slug":"atienden-en-tultitlan-llamados-de-emergencia-en-menor-tiempo","status":"publish","type":"post","link":"https:\/\/www.diarioimagen.net\/?p=309681","title":{"rendered":"Atienden en Tultitl\u00e1n llamados de emergencia en menor tiempo"},"content":{"rendered":"<ul>\n<li><strong><em>Colaboraci\u00f3n en Protecci\u00f3n Civil<\/em><\/strong><\/li>\n<\/ul>\n<p>&nbsp;<\/p>\n<div id=\"attachment_309763\" style=\"width: 269px\" class=\"wp-caption alignleft\"><a href=\"http:\/\/www.diarioimagen.net\/?attachment_id=309763\" rel=\"attachment wp-att-309763\"><img loading=\"lazy\" decoding=\"async\" aria-describedby=\"caption-attachment-309763\" class=\"size-large wp-image-309763\" src=\"http:\/\/www.diarioimagen.net\/wp-content\/uploads\/2017\/01\/TULTITLAN-3046-259x460.jpg\" alt=\"\" width=\"259\" height=\"460\" srcset=\"https:\/\/www.diarioimagen.net\/wp-content\/uploads\/2017\/01\/TULTITLAN-3046-259x460.jpg 259w, https:\/\/www.diarioimagen.net\/wp-content\/uploads\/2017\/01\/TULTITLAN-3046-135x240.jpg 135w, https:\/\/www.diarioimagen.net\/wp-content\/uploads\/2017\/01\/TULTITLAN-3046.jpg 394w\" sizes=\"auto, (max-width: 259px) 100vw, 259px\" \/><\/a><p id=\"caption-attachment-309763\" class=\"wp-caption-text\">Protecci\u00f3n Civil y el H. Cuerpo de Bomberos atienden de manera eficaz diversos llamados de emergencia por parte de la ciudadan\u00eda.<\/p><\/div>\n<p><strong>Tultitl\u00e1n, Estado de M\u00e9xico<\/strong>.- Preocupados por salvaguardar la integridad f\u00edsica y emocional de la comunidad tultitlense, el gobierno a cargo del presidente municipal, Jorge Ad\u00e1n Barr\u00f3n Elizalde, en colaboraci\u00f3n con la Direcci\u00f3n General de Protecci\u00f3n Civil y el H. Cuerpo de Bomberos, atienden de manera eficaz diversos llamados de emergencia por parte de la ciudadan\u00eda.<\/p>\n<p>El director de Protecci\u00f3n Civil y Bomberos de Tultitl\u00e1n Axel Nava Hern\u00e1ndez, se\u00f1al\u00f3 que diariamente hay incidentes en el municipio y \u201cnuestra prioridad es acudir a los llamados de emergencia en el menor tiempo posible, es por ello que estamos ampliamente coordinados para dar respuesta oportuna y sobre todo para que la ciudadan\u00eda tenga la confianza de llamar sin ning\u00fan temor o contratiempo\u201d.<\/p>\n<p>Los integrantes dicha direcci\u00f3n han dado respuesta a diversos \u00a0llamados de emergencia de la poblaci\u00f3n, es el caso del servicio brindado por conato de incendio de desperdicio industrial suscitado en el pueblo de San Francisco Chilpan el cual se control\u00f3 y se extingui\u00f3 en su totalidad dejando el lugar sin riesgo alguno, de igual manera se procedi\u00f3 a controlar otro incendio a un costado de una bodega abarrotera ubicado en Barrio los Reyes.<\/p>\n<p>Gracias a la oportuna intervenci\u00f3n del personal de bomberos se atendi\u00f3 el llamado por fuga de gas, en la calle central de la colonia La Joya, el cual mencionaron que en el lugar se fugaba gas de un cilindro de 20 kg el cual se encontraba picado de la base y se procedi\u00f3 al retiro del mismo para su resguardo.<\/p>\n<p>Asimismo se acudieron a diversos llamados por lesiones de enfermedades, lesiones por atropellamiento, por ca\u00eddas, entre otros. Cabe destacar que de igual manera se imparten pl\u00e1ticas de prevenci\u00f3n de accidentes a ni\u00f1os de diferentes planteles educativos y en su caso a padres de familia para fomentar la prevenci\u00f3n.<\/p>\n<p>&nbsp;<\/p>\n","protected":false},"excerpt":{"rendered":"<p>Preocupados por salvaguardar la integridad f\u00edsica y emocional de la comunidad tultitlense, el gobierno a cargo del presidente municipal, Jorge Ad\u00e1n Barr\u00f3n Elizalde, en colaboraci\u00f3n con la Direcci\u00f3n General de Protecci\u00f3n Civil y el H. Cuerpo de Bomberos, atienden de manera eficaz diversos llamados de emergencia por parte de la ciudadan\u00eda.<\/p>\n","protected":false},"author":3,"featured_media":309764,"comment_status":"open","ping_status":"open","sticky":false,"template":"","format":"standard","meta":{"_monsterinsights_skip_tracking":false,"_monsterinsights_sitenote_active":false,"_monsterinsights_sitenote_note":"","_monsterinsights_sitenote_category":0,"footnotes":""},"categories":[35155],"tags":[43675,48077,578],"class_list":["post-309681","post","type-post","status-publish","format-standard","has-post-thumbnail","hentry","category-estado-de-mexico-estado-de-mexico","tag-estado-de-mexico","tag-jorge-adan-barron-elizalde","tag-tultitlan"],"_links":{"self":[{"href":"https:\/\/www.diarioimagen.net\/index.php?rest_route=\/wp\/v2\/posts\/309681","targetHints":{"allow":["GET"]}}],"collection":[{"href":"https:\/\/www.diarioimagen.net\/index.php?rest_route=\/wp\/v2\/posts"}],"about":[{"href":"https:\/\/www.diarioimagen.net\/index.php?rest_route=\/wp\/v2\/types\/post"}],"author":[{"embeddable":true,"href":"https:\/\/www.diarioimagen.net\/index.php?rest_route=\/wp\/v2\/users\/3"}],"replies":[{"embeddable":true,"href":"https:\/\/www.diarioimagen.net\/index.php?rest_route=%2Fwp%2Fv2%2Fcomments&post=309681"}],"version-history":[{"count":0,"href":"https:\/\/www.diarioimagen.net\/index.php?rest_route=\/wp\/v2\/posts\/309681\/revisions"}],"wp:featuredmedia":[{"embeddable":true,"href":"https:\/\/www.diarioimagen.net\/index.php?rest_route=\/wp\/v2\/media\/309764"}],"wp:attachment":[{"href":"https:\/\/www.diarioimagen.net\/index.php?rest_route=%2Fwp%2Fv2%2Fmedia&parent=309681"}],"wp:term":[{"taxonomy":"category","embeddable":true,"href":"https:\/\/www.diarioimagen.net\/index.php?rest_route=%2Fwp%2Fv2%2Fcategories&post=309681"},{"taxonomy":"post_tag","embeddable":true,"href":"https:\/\/www.diarioimagen.net\/index.php?rest_route=%2Fwp%2Fv2%2Ftags&post=309681"}],"curies":[{"name":"wp","href":"https:\/\/api.w.org\/{rel}","templated":true}]}}