{"id":309726,"date":"2017-01-30T00:09:17","date_gmt":"2017-01-30T06:09:17","guid":{"rendered":"http:\/\/www.diarioimagen.net\/?p=309726"},"modified":"2017-01-31T01:09:28","modified_gmt":"2017-01-31T07:09:28","slug":"la-dinastia-del-mazo","status":"publish","type":"post","link":"https:\/\/www.diarioimagen.net\/?p=309726","title":{"rendered":"La dinast\u00eda Del Mazo"},"content":{"rendered":"<h2>De frente y de perfil<\/h2>\n<h5>Ram\u00f3n Zurita Sahag\u00fan<\/h5>\n<p>&nbsp;<\/p>\n<div id=\"attachment_309790\" style=\"width: 470px\" class=\"wp-caption aligncenter\"><a href=\"http:\/\/www.diarioimagen.net\/?attachment_id=309790\" rel=\"attachment wp-att-309790\"><img loading=\"lazy\" decoding=\"async\" aria-describedby=\"caption-attachment-309790\" class=\"size-large wp-image-309790\" src=\"http:\/\/www.diarioimagen.net\/wp-content\/uploads\/2017\/01\/ZURITA-3046-460x259.jpg\" alt=\"\" width=\"460\" height=\"259\" srcset=\"https:\/\/www.diarioimagen.net\/wp-content\/uploads\/2017\/01\/ZURITA-3046-460x259.jpg 460w, https:\/\/www.diarioimagen.net\/wp-content\/uploads\/2017\/01\/ZURITA-3046-240x135.jpg 240w, https:\/\/www.diarioimagen.net\/wp-content\/uploads\/2017\/01\/ZURITA-3046-235x132.jpg 235w, https:\/\/www.diarioimagen.net\/wp-content\/uploads\/2017\/01\/ZURITA-3046-202x114.jpg 202w, https:\/\/www.diarioimagen.net\/wp-content\/uploads\/2017\/01\/ZURITA-3046-350x196.jpg 350w, https:\/\/www.diarioimagen.net\/wp-content\/uploads\/2017\/01\/ZURITA-3046-220x123.jpg 220w, https:\/\/www.diarioimagen.net\/wp-content\/uploads\/2017\/01\/ZURITA-3046-237x132.jpg 237w, https:\/\/www.diarioimagen.net\/wp-content\/uploads\/2017\/01\/ZURITA-3046.jpg 480w\" sizes=\"auto, (max-width: 460px) 100vw, 460px\" \/><\/a><p id=\"caption-attachment-309790\" class=\"wp-caption-text\">La oportunidad le llega seis a\u00f1os despu\u00e9s a Alfredo del Mazo Maza y se ver\u00e1 si fue tarde o se encuentra en buen momento para continuar con la dinast\u00eda.<\/p><\/div>\n<p>&nbsp;<\/p>\n<p>Seis a\u00f1os hubo de esperar Alfredo del Mazo para convertirse en candidato del PRI al gobierno del Estado de M\u00e9xico, entidad que ya gobernaron su padre y su abuelo, que lo hicieron con el mismo nombre.<\/p>\n<p>La diferencia entre el hoy y el ayer (2011) es que las circunstancias en que llega el joven Del Mazo son distintas, aunque en ambas la situaci\u00f3n se le complica.<\/p>\n<p>Hace seis a\u00f1os, el amago de Eruviel \u00c1vila Villegas de convertirse en candidato de una alianza opositora, en caso de que el PRI no lo apoyara fren\u00f3 la oportunidad de Alfredo del Mazo. En esta ocasi\u00f3n, la situaci\u00f3n empeor\u00f3, ya que su partido, el PRI, vive una grave crisis de credibilidad.<\/p>\n<p>Es cierto que dentro de su partido, el diputado Del Mazo es el mejor posicionado y que enfrente tendr\u00e1 adversarios peque\u00f1os, ya que desde su partido se alent\u00f3 que PAN y PRD no pudieran concretar una alianza, pero con todo y ello, no ser\u00e1 una campa\u00f1a f\u00e1cil, ni mucho menos el convencer al electorado de que el PRI sigue representando una buena opci\u00f3n.<\/p>\n<p>Uno de los grandes contrastes que provoca su nominaci\u00f3n es el hecho de que sea familiar del presidente Enrique Pe\u00f1a Nieto, quien no vive sus mejores momentos pol\u00edticos ni de popularidad.<\/p>\n<p>Si antes el ser amigo del Ejecutivo en turno o\u00a0 familiar del mismo era sumamente representativo para ser designado y por lo consiguiente convertirse en gobernante, ahora son\u00a0tiempos distintos.<\/p>\n<p>Ya se comprob\u00f3 hace pocos a\u00f1os, cuando Luisa Mar\u00eda Calder\u00f3n Hinojosa, recibi\u00f3 todo el empuje desde las instancias del poder para competir por el gobierno de Michoac\u00e1n y fue derrotada por un candidato sin mayor realce que el ser un aspirante frustrado durante a\u00f1os, ya que Fausto Vallejo Figueroa hab\u00eda perdido casi todas las elecciones en que hab\u00eda participado.<\/p>\n<p>El viejo Fausto como se le conoc\u00eda (por su apariencia, no por su edad) se sorprendi\u00f3 con su victoria sobre la hermana del presidente Felipe Calder\u00f3n Hinojosa, a la que destinaron recursos al por mayor, sin resultados positivos.<\/p>\n<p>Ahora, el candidato Del Mazo podr\u00eda sufrir el mismo efecto, producto del hartazgo ciudadano hacia el PRI, la familia Del Mazo y el emblem\u00e1tico Grupo Atlacomulco.<\/p>\n<p>De inicio ya no existe un liderazgo dentro de este selecto grupo mexiquense. Isidro Fabela muri\u00f3 hace d\u00e9cadas, Carlos Hank Gonz\u00e1lez no le hered\u00f3 a ninguno de sus hijos el carisma. Emilio Chuayffet Chemor se encuentra alejado de la actividad pol\u00edtica y Alfredo del Mazo Gonz\u00e1lez vive en Acapulco, alejado de la entidad que gobern\u00f3. Si acaso Arturo Montiel Rojas, en alianza con Eruviel \u00c1vila Villegas, detenta algo del poder que lleg\u00f3 a tener dicho grupo.<\/p>\n<p>De los dem\u00e1s personajes pertenecientes\u00a0 a este grupo, pocos han tenido una real influencia y el presidente Pe\u00f1a Nieto la dilapid\u00f3, aunque se sali\u00f3 con la suya de llevar a su pariente como candidato del PRI.<\/p>\n<p>En la nominaci\u00f3n del candidato del PRI al Estado de M\u00e9xico, se formaron dos grupos, uno que alentaba desde Los Pinos la candidatura de Alfredo del Mazo Maza y otro que desde el Estado de M\u00e9xico apostaba por la secretaria de Educaci\u00f3n, Ana Lilia Herrera Anzaldo y teniendo como emergente, para una negociaci\u00f3n a Carlos Iriarte, el dirigente estatal del PRI.<\/p>\n<p>Se impuso la voluntad desde Los Pinos y se responsabiliz\u00f3 al gobernador de llevar al triunfo al cachorro Del Mazo, bajo la premisa de que si pierde el PRI esa entidad, se esfuma la posibilidad de Eruviel de convertirse en candidato presidencial del PRI.<\/p>\n<p>Y parafraseando a Jos\u00e9 Sosa, aquel viejo dirigente del sindicato petrolero, se advirti\u00f3 si pierde el PRI en el Estado de M\u00e9xico, nos hundimos todos, ya que la cat\u00e1strofe en la elecci\u00f3n presidencial no la evitar\u00eda nadie.<\/p>\n<p>Sin embargo, la candidatura de Del Mazo Maza ya polariz\u00f3 a los ciudadanos del Estado de M\u00e9xico que advierten como se sigue jugando con ellos, para posicionar a los mismos de siempre.<\/p>\n<p>El abuelo de Alfredo del Mazo Maza, Alfredo del Mazo V\u00e9lez, \u00a0fue el primero de la dinast\u00eda en gobernar la entidad mexiquense, cuando bajo la protecci\u00f3n de Isidro Fabela, el legendario creador del Grupo Atlacomulco fue habilitado en la pol\u00edtica y llevado al gobierno mexiquense.<\/p>\n<p>Del Mazo V\u00e9lez fue el sucesor de Fabela, aunque no le toc\u00f3 ver a su hijo como candidato y mucho menos como gobernador.<\/p>\n<p>Alfredo del Mazo Gonz\u00e1lez fue el sucesor de Jorge Jim\u00e9nez Cant\u00fa, del que fue sacado para convertirlo en secretario de Energ\u00eda y posicionarlo como aspirante presidencial.<\/p>\n<p>Se recuerda que su empecinamiento por ser candidato presidencial cre\u00f3 un gran conflicto, donde sus colaboradores destaparon a Sergio Garc\u00eda Ram\u00edrez como candidato presidencial del PRI, cuando el seleccionado era Carlos Salinas de Gortari.<\/p>\n<p>Afortunadamente para los pri\u00edstas, pudieron corregir a tiempo y aunque sufri\u00f3 en las urnas y se recurri\u00f3 a la ca\u00edda del sistema, Salinas de Gortari se convirti\u00f3 en Presidente de M\u00e9xico.<\/p>\n<p>El segundo de los gobernadores nombrados Alfredo del Mazo fe enviado al ostracismo pol\u00edtico, aunque volvi\u00f3 en cargos menores y fue enviado como candidato a jefe de Gobierno en el Distrito Federal, donde fue vencido por Cuauht\u00e9moc C\u00e1rdenas.<\/p>\n<p>Hoy su hijo mayor, Alfredo, compite por el gobierno mexiquense y aunque se desconoce el nombre de sus adversarios, tendr\u00e1 un proceso electoral largo y sumamente pesado, en que convencer a los ciudadanos para que sufraguen por \u00e9l no ser\u00e1 cuesti\u00f3n sencilla.<\/p>\n<p>La oportunidad le llega seis a\u00f1os despu\u00e9s y se ver\u00e1 si fue tarde o se encuentra en buen momento para continuar con la dinast\u00eda Del Mazo en gobernar la entidad mexiquense.<strong><br \/>\n<\/strong><\/p>\n<p><em><a href=\"mailto:ramonzurita44@hotmail.com\" target=\"_blank\">ramonzurita44@hotmail.com<\/a><\/em><\/p>\n","protected":false},"excerpt":{"rendered":"<p><span style=\"color: #005497;\"><strong>Ram\u00f3n Zurita Sahag\u00fan<\/strong><\/span><br \/>\n<br \/>\nSeis a\u00f1os hubo de esperar Alfredo del Mazo para convertirse en candidato del PRI al gobierno del Estado de M\u00e9xico, entidad que ya gobernaron su padre y su abuelo, que lo hicieron con el mismo nombre.<\/p>\n","protected":false},"author":3,"featured_media":309790,"comment_status":"open","ping_status":"open","sticky":false,"template":"","format":"standard","meta":{"_monsterinsights_skip_tracking":false,"_monsterinsights_sitenote_active":false,"_monsterinsights_sitenote_note":"","_monsterinsights_sitenote_category":0,"footnotes":""},"categories":[234],"tags":[304,43674,43687],"class_list":["post-309726","post","type-post","status-publish","format-standard","has-post-thumbnail","hentry","category-ramon-zurita-sahagun","tag-de-frente-y-de-perfil","tag-opinion","tag-ramon-zurita-sahagun"],"_links":{"self":[{"href":"https:\/\/www.diarioimagen.net\/index.php?rest_route=\/wp\/v2\/posts\/309726","targetHints":{"allow":["GET"]}}],"collection":[{"href":"https:\/\/www.diarioimagen.net\/index.php?rest_route=\/wp\/v2\/posts"}],"about":[{"href":"https:\/\/www.diarioimagen.net\/index.php?rest_route=\/wp\/v2\/types\/post"}],"author":[{"embeddable":true,"href":"https:\/\/www.diarioimagen.net\/index.php?rest_route=\/wp\/v2\/users\/3"}],"replies":[{"embeddable":true,"href":"https:\/\/www.diarioimagen.net\/index.php?rest_route=%2Fwp%2Fv2%2Fcomments&post=309726"}],"version-history":[{"count":0,"href":"https:\/\/www.diarioimagen.net\/index.php?rest_route=\/wp\/v2\/posts\/309726\/revisions"}],"wp:featuredmedia":[{"embeddable":true,"href":"https:\/\/www.diarioimagen.net\/index.php?rest_route=\/wp\/v2\/media\/309790"}],"wp:attachment":[{"href":"https:\/\/www.diarioimagen.net\/index.php?rest_route=%2Fwp%2Fv2%2Fmedia&parent=309726"}],"wp:term":[{"taxonomy":"category","embeddable":true,"href":"https:\/\/www.diarioimagen.net\/index.php?rest_route=%2Fwp%2Fv2%2Fcategories&post=309726"},{"taxonomy":"post_tag","embeddable":true,"href":"https:\/\/www.diarioimagen.net\/index.php?rest_route=%2Fwp%2Fv2%2Ftags&post=309726"}],"curies":[{"name":"wp","href":"https:\/\/api.w.org\/{rel}","templated":true}]}}