{"id":309750,"date":"2017-01-30T00:05:12","date_gmt":"2017-01-30T06:05:12","guid":{"rendered":"http:\/\/www.diarioimagen.net\/?p=309750"},"modified":"2017-01-30T03:55:45","modified_gmt":"2017-01-30T09:55:45","slug":"seguridad-y-racismo","status":"publish","type":"post","link":"https:\/\/www.diarioimagen.net\/?p=309750","title":{"rendered":"Seguridad y racismo"},"content":{"rendered":"<h2 style=\"text-align: justify;\">Desde el portal<\/h2>\n<h5 style=\"text-align: justify;\">\u00c1ngel Soriano<\/h5>\n<p>&nbsp;<\/p>\n<p>Ante las protestas en diversas partes del mundo por sus irracionales \u00f3rdenes, el presidente estadunidense, Donald Trump, trata de matizar las frustradas deportaciones de musulmanes de Estados Unidos y de prohibirles su acceso, al recular y asegurar que se trata de \u201cmedidas de seguridad\u201d, que una vez que est\u00e9n debidamente implementadas, se volver\u00e1 a la normalidad.<\/p>\n<p>Tambi\u00e9n el primer ministro israel\u00ed, Benjamin Netanyahu, ha dado marcha atr\u00e1s en su apoyo a Trump en la construcci\u00f3n del muro fronterizo con M\u00e9xico e indica que s\u00f3lo desea compartir la experiencia de su pa\u00eds respecto a la seguridad de las naciones, luego de que la comunidad jud\u00eda en M\u00e9xico externara su rechazo a su dicho y externara su cr\u00edtica hacia esa medida.<\/p>\n<p>De la misma manera, una vez que M\u00e9xico ha reiterado que no pagar\u00e1 el muro, ahora resulta que el jefe de Gabinete de la Casa Blanca, Reince Priebes, inform\u00f3 que \u201canalizan\u201d un \u201cbuffet\u201d de medidas para el financiamiento de la obra, lo cual quiere decir que no han encontrado los mecanismos para costear la inviable cerca y seguramente todo se quedar\u00e1 en buenos deseos -aun cuando la obra sigue en marcha- pero se duda que se concluya.<\/p>\n<p>Cuando menos se debe celebrar las rectificaciones y los pasos atr\u00e1s de los partidarios del autoritarismo, la exclusi\u00f3n y el racismo, pues no es aceptable que en pleno siglo XXI se marche hacia el retroceso, hacia la barbarie y el fascismo ya superados por el avance de la tecnolog\u00eda y de la civilizaci\u00f3n, que requiere de una convivencia plena, por encima de muros y de actitudes cerradas, pues el mundo ya cambi\u00f3, como quedar\u00e1 evidenciado.<\/p>\n<p style=\"text-align: center;\"><strong>TURBULENCIAS<br \/>\nCunde la violencia en BC<\/strong><\/p>\n<p>La agresi\u00f3n al gobernador de Baja California, \u201cKiko\u201d Vega de Lamadrid, y a su gabinete en pleno por una turba inconforme, se suma a la que sufrieron polic\u00edas federales a principios de a\u00f1o, lo cual es un llamado de atenci\u00f3n a las autoridades de todos los niveles que pretenden impulsar medidas impopulares que van en detrimento de la ya de por s\u00ed agobiante situaci\u00f3n econ\u00f3mica de las familias. La situaci\u00f3n en la frontera norte -como en el sur- es diferente a la del resto del pa\u00eds, por lo que habr\u00e1 que tener cuidado en no despertar al M\u00e9xico bronco del que hablaba el veracruzano don Jes\u00fas Reyes Heroles\u2026Alfredo del Mazo Maza, diputado federal con licencia, fue el \u00fanico que se anot\u00f3 para la candidatura del PRI al gobierno del Estado de M\u00e9xico, y agradeci\u00f3 la disciplina y unidad del resto de sus colegas tambi\u00e9n aspirantes a suceder a Eruviel \u00c1vila, y garantiz\u00f3 que su experiencia en los tres niveles de gobierno en los que ha colaborado, ser\u00e1 fundamental para impulsar un nuevo proyecto de gobierno\u2026Revocaci\u00f3n del mandato, refer\u00e9ndum para reformar la Constituci\u00f3n, el voto a los 16 a\u00f1os y el impuesto por crecimiento vertical, son algunos de los temas son discutidos en la Asamblea Legislativas y los cuales no encuentran consenso, entre otros diez asuntos pendientes; por cierto el jefe de gobierno de la CDMX, Miguel \u00c1ngel Mancera, deber\u00e1 evaluar a sus m\u00e1s cercanos colaborados, pues hay quienes lo bloquean en asuntos importantes; la imagen de democr\u00e1tico del mandatario capitalino la distorsionan por la de soberbio y antidemocr\u00e1tico, perfil no adecuado ante la cercan\u00eda del 2018\u2026<\/p>\n<p><em><a href=\"http:\/\/www.revista-brecha.com\/\" target=\"_blank\">www.revista-brecha.com<br \/>\n<\/a><a href=\"mailto:asorianodesdelportalo@hotmail.com\" target=\"_blank\">asorianodesdelportalo@hotmail.com<\/a><\/em><\/p>\n","protected":false},"excerpt":{"rendered":"<p><span style=\"color: #005497;\"><strong>\u00c1ngel Soriano<\/strong><\/span><\/p>\n","protected":false},"author":3,"featured_media":0,"comment_status":"open","ping_status":"open","sticky":false,"template":"","format":"standard","meta":{"_monsterinsights_skip_tracking":false,"_monsterinsights_sitenote_active":false,"_monsterinsights_sitenote_note":"","_monsterinsights_sitenote_category":0,"footnotes":""},"categories":[135],"tags":[85,86,43674],"class_list":["post-309750","post","type-post","status-publish","format-standard","hentry","category-angel-soriano-opinion","tag-angel-soriano","tag-desde-el-portal","tag-opinion"],"_links":{"self":[{"href":"https:\/\/www.diarioimagen.net\/index.php?rest_route=\/wp\/v2\/posts\/309750","targetHints":{"allow":["GET"]}}],"collection":[{"href":"https:\/\/www.diarioimagen.net\/index.php?rest_route=\/wp\/v2\/posts"}],"about":[{"href":"https:\/\/www.diarioimagen.net\/index.php?rest_route=\/wp\/v2\/types\/post"}],"author":[{"embeddable":true,"href":"https:\/\/www.diarioimagen.net\/index.php?rest_route=\/wp\/v2\/users\/3"}],"replies":[{"embeddable":true,"href":"https:\/\/www.diarioimagen.net\/index.php?rest_route=%2Fwp%2Fv2%2Fcomments&post=309750"}],"version-history":[{"count":0,"href":"https:\/\/www.diarioimagen.net\/index.php?rest_route=\/wp\/v2\/posts\/309750\/revisions"}],"wp:attachment":[{"href":"https:\/\/www.diarioimagen.net\/index.php?rest_route=%2Fwp%2Fv2%2Fmedia&parent=309750"}],"wp:term":[{"taxonomy":"category","embeddable":true,"href":"https:\/\/www.diarioimagen.net\/index.php?rest_route=%2Fwp%2Fv2%2Fcategories&post=309750"},{"taxonomy":"post_tag","embeddable":true,"href":"https:\/\/www.diarioimagen.net\/index.php?rest_route=%2Fwp%2Fv2%2Ftags&post=309750"}],"curies":[{"name":"wp","href":"https:\/\/api.w.org\/{rel}","templated":true}]}}