{"id":309853,"date":"2017-01-31T00:08:16","date_gmt":"2017-01-31T06:08:16","guid":{"rendered":"http:\/\/www.diarioimagen.net\/?p=309853"},"modified":"2017-01-31T04:46:13","modified_gmt":"2017-01-31T10:46:13","slug":"mexico-no-esta-solo-tiene-muchos-aliados","status":"publish","type":"post","link":"https:\/\/www.diarioimagen.net\/?p=309853","title":{"rendered":"M\u00e9xico no est\u00e1 solo, tiene muchos aliados"},"content":{"rendered":"<h2>Arco Norte<\/h2>\n<h5>Jos\u00e9 Luis Monta\u00f1ez Aguilar<\/h5>\n<p>&nbsp;<\/p>\n<p><a href=\"http:\/\/www.diarioimagen.net\/?attachment_id=309950\" rel=\"attachment wp-att-309950\"><img loading=\"lazy\" decoding=\"async\" class=\"aligncenter size-large wp-image-309950\" src=\"http:\/\/www.diarioimagen.net\/wp-content\/uploads\/2017\/01\/arco-3047-460x259.jpg\" alt=\"\" width=\"460\" height=\"259\" srcset=\"https:\/\/www.diarioimagen.net\/wp-content\/uploads\/2017\/01\/arco-3047-460x259.jpg 460w, https:\/\/www.diarioimagen.net\/wp-content\/uploads\/2017\/01\/arco-3047-240x135.jpg 240w, https:\/\/www.diarioimagen.net\/wp-content\/uploads\/2017\/01\/arco-3047-768x432.jpg 768w, https:\/\/www.diarioimagen.net\/wp-content\/uploads\/2017\/01\/arco-3047-480x270.jpg 480w, https:\/\/www.diarioimagen.net\/wp-content\/uploads\/2017\/01\/arco-3047-235x132.jpg 235w, https:\/\/www.diarioimagen.net\/wp-content\/uploads\/2017\/01\/arco-3047-202x114.jpg 202w, https:\/\/www.diarioimagen.net\/wp-content\/uploads\/2017\/01\/arco-3047-350x196.jpg 350w, https:\/\/www.diarioimagen.net\/wp-content\/uploads\/2017\/01\/arco-3047-220x123.jpg 220w, https:\/\/www.diarioimagen.net\/wp-content\/uploads\/2017\/01\/arco-3047-237x132.jpg 237w, https:\/\/www.diarioimagen.net\/wp-content\/uploads\/2017\/01\/arco-3047.jpg 1200w\" sizes=\"auto, (max-width: 460px) 100vw, 460px\" \/><\/a><\/p>\n<p>&nbsp;<\/p>\n<p>El gobernador Eruviel \u00c1vila Villegas afirm\u00f3 que en el contexto internacional, M\u00e9xico no est\u00e1 solo y cuenta con aliados que lejos de crear barreras, tienden la mano para fomentar el desarrollo bilateral, como el caso del Reino Unido, cuyo embajador en M\u00e9xico, Duncan Taylor, sign\u00f3 un acuerdo enfocado a mejorar el combate de la corrupci\u00f3n policial en el pa\u00eds a propuesta de la organizaci\u00f3n ciudadana \u201cCausa en Com\u00fan\u201d.<\/p>\n<p>\u201cEl apoyo del Reino Unido nos hace y nos demuestra que M\u00e9xico no est\u00e1 solo, que el mundo es m\u00e1s grande que Estados Unidos, que tenemos aliados, que mientras otros est\u00e1n queriendo poner muros y barreras, con el Reino Unido y con otros pa\u00edses podemos tener y tender puentes, cuesti\u00f3n que agradecemos ampliamente, se\u00f1or embajador\u201d, expres\u00f3.<\/p>\n<p>Asimismo, en su calidad de coordinador de la Comisi\u00f3n de Asuntos Internacionales de la Conferencia Nacional de Gobernadores (Conago), Eruviel \u00c1vila lament\u00f3 que el primer ministro israel\u00ed, Benjamin Netanyahu, se pronunciara a favor de la construcci\u00f3n de muros, lo cual consider\u00f3 una falta de respeto a los mexicanos. No obstante, reconoci\u00f3 que la comunidad jud\u00eda en M\u00e9xico condenar\u00e1 ese pronunciamiento.<\/p>\n<p style=\"text-align: center;\"><strong>Supervisan obras de rehabilitaci\u00f3n en escuelas de Chicoloapan<\/strong><\/p>\n<p>Con el prop\u00f3sito de que estudiantes de las escuelas, primaria: \u201cBelisario Dom\u00ednguez\u201d, turno matutino, y \u201cValent\u00edn G\u00f3mez Far\u00edas\u201d, turno vespertino, cuenten con mejores instalaciones educativas, el gobierno del Estado de M\u00e9xico, en coordinaci\u00f3n con Servicios Educativos Integrados al Estado de M\u00e9xico, invierte 8.3 millones de pesos, en la rehabilitaci\u00f3n integral de dichos planteles, los cuales son supervisados por la Secretar\u00eda de Educaci\u00f3n del Edomex.<\/p>\n<p>\u201cVamos a defender el principal beneficio que podemos dar a nuestras hijas e hijos que es la educaci\u00f3n\u201d expres\u00f3 Ana Lilia Herrera, secretaria de Educaci\u00f3n en la entidad. Asimismo, reconoci\u00f3 a las maestras y maestros de Estado de M\u00e9xico, por ser los mejores del pa\u00eds, al ocupar el primer lugar nacional en participaci\u00f3n en las pruebas de Evaluaci\u00f3n al Desempe\u00f1o y resalt\u00f3 que 9 de cada 10 docentes son aprobados.<\/p>\n<p>Acompa\u00f1ada del presidente municipal de Chicoloapan, Jos\u00e9 Arregu\u00edn Hern\u00e1ndez, quien entreg\u00f3 una sala de usos m\u00faltiples realizada con inversi\u00f3n del Ayuntamiento; y C\u00e9sar Reynaldo Navarro de Alba, diputado local, la secretaria de Educaci\u00f3n refiri\u00f3 que durante la actual administraci\u00f3n estatal se han entregado cinco mil becas en diferentes modalidades, para estudiantes del municipio de Chicoloapan.<\/p>\n<p>En nombre de los beneficiarios, Leticia Mart\u00ednez Montes de Oca, presidenta de la Asociaci\u00f3n de Padres de Familia y Carlos Moreno Leal, director del turno matutino, agradecieron el apoyo del gobierno estatal para mejorar el ambiente escolar y el desarrollo integral de los alumnos.<\/p>\n<p>Las obras que se realizan en la primaria \u201cBelisario Dom\u00ednguez\u201d, con m\u00e1s de 50 a\u00f1os de existencia, es la rehabilitaci\u00f3n de la plaza c\u00edvica y n\u00facleos sanitarios, instalaci\u00f3n el\u00e9ctrica, iluminaci\u00f3n exterior, cambio de ventanas, puertas y protecci\u00f3n de aulas, pintura y colocaci\u00f3n de impermeabilizante en el plantel, as\u00ed como el reequipamiento con mobiliario, en beneficio de casi 700 alumnos.<\/p>\n<p><em><a href=\"mailto:montanezaguilar@gmail.com\" target=\"_blank\">montanezaguilar@gmail.com<\/a><\/em><\/p>\n","protected":false},"excerpt":{"rendered":"<p><span style=\"color: #005497;\">Jos\u00e9 Luis Monta\u00f1ez Aguilar<\/span><br \/>\n<br \/>\nEl gobernador Eruviel \u00c1vila Villegas afirm\u00f3 que en el contexto internacional, M\u00e9xico no est\u00e1 solo y cuenta con aliados que lejos de crear barreras, tienden la mano para fomentar el desarrollo bilateral, como el caso del Reino Unido, cuyo embajador en M\u00e9xico, Duncan Taylor, sign\u00f3 un acuerdo enfocado a mejorar el combate de la corrupci\u00f3n policial en el pa\u00eds a propuesta de la organizaci\u00f3n ciudadana \u201cCausa en Com\u00fan\u201d. <\/p>\n","protected":false},"author":3,"featured_media":309950,"comment_status":"open","ping_status":"open","sticky":false,"template":"","format":"standard","meta":{"_monsterinsights_skip_tracking":false,"_monsterinsights_sitenote_active":false,"_monsterinsights_sitenote_note":"","_monsterinsights_sitenote_category":0,"footnotes":""},"categories":[5],"tags":[13284,43704,43674],"class_list":["post-309853","post","type-post","status-publish","format-standard","has-post-thumbnail","hentry","category-estado-de-mexico","tag-arco-norte","tag-jose-luis-montanez-aguilar","tag-opinion"],"_links":{"self":[{"href":"https:\/\/www.diarioimagen.net\/index.php?rest_route=\/wp\/v2\/posts\/309853","targetHints":{"allow":["GET"]}}],"collection":[{"href":"https:\/\/www.diarioimagen.net\/index.php?rest_route=\/wp\/v2\/posts"}],"about":[{"href":"https:\/\/www.diarioimagen.net\/index.php?rest_route=\/wp\/v2\/types\/post"}],"author":[{"embeddable":true,"href":"https:\/\/www.diarioimagen.net\/index.php?rest_route=\/wp\/v2\/users\/3"}],"replies":[{"embeddable":true,"href":"https:\/\/www.diarioimagen.net\/index.php?rest_route=%2Fwp%2Fv2%2Fcomments&post=309853"}],"version-history":[{"count":0,"href":"https:\/\/www.diarioimagen.net\/index.php?rest_route=\/wp\/v2\/posts\/309853\/revisions"}],"wp:featuredmedia":[{"embeddable":true,"href":"https:\/\/www.diarioimagen.net\/index.php?rest_route=\/wp\/v2\/media\/309950"}],"wp:attachment":[{"href":"https:\/\/www.diarioimagen.net\/index.php?rest_route=%2Fwp%2Fv2%2Fmedia&parent=309853"}],"wp:term":[{"taxonomy":"category","embeddable":true,"href":"https:\/\/www.diarioimagen.net\/index.php?rest_route=%2Fwp%2Fv2%2Fcategories&post=309853"},{"taxonomy":"post_tag","embeddable":true,"href":"https:\/\/www.diarioimagen.net\/index.php?rest_route=%2Fwp%2Fv2%2Ftags&post=309853"}],"curies":[{"name":"wp","href":"https:\/\/api.w.org\/{rel}","templated":true}]}}