{"id":309874,"date":"2017-01-31T00:05:46","date_gmt":"2017-01-31T06:05:46","guid":{"rendered":"http:\/\/www.diarioimagen.net\/?p=309874"},"modified":"2017-01-31T04:52:27","modified_gmt":"2017-01-31T10:52:27","slug":"inician-trabajos-de-rehabilitacion-en-la-comisaria-de-tultepec","status":"publish","type":"post","link":"https:\/\/www.diarioimagen.net\/?p=309874","title":{"rendered":"Inician trabajos de rehabilitaci\u00f3n en la Comisar\u00eda de Tultepec"},"content":{"rendered":"<p><a href=\"http:\/\/www.diarioimagen.net\/?attachment_id=309962\" rel=\"attachment wp-att-309962\"><img loading=\"lazy\" decoding=\"async\" class=\"aligncenter size-large wp-image-309962\" src=\"http:\/\/www.diarioimagen.net\/wp-content\/uploads\/2017\/01\/TULTEPEC-3047-460x259.jpg\" alt=\"\" width=\"460\" height=\"259\" srcset=\"https:\/\/www.diarioimagen.net\/wp-content\/uploads\/2017\/01\/TULTEPEC-3047-460x259.jpg 460w, https:\/\/www.diarioimagen.net\/wp-content\/uploads\/2017\/01\/TULTEPEC-3047-240x135.jpg 240w, https:\/\/www.diarioimagen.net\/wp-content\/uploads\/2017\/01\/TULTEPEC-3047-480x270.jpg 480w, https:\/\/www.diarioimagen.net\/wp-content\/uploads\/2017\/01\/TULTEPEC-3047-235x132.jpg 235w, https:\/\/www.diarioimagen.net\/wp-content\/uploads\/2017\/01\/TULTEPEC-3047-202x114.jpg 202w, https:\/\/www.diarioimagen.net\/wp-content\/uploads\/2017\/01\/TULTEPEC-3047-350x196.jpg 350w, https:\/\/www.diarioimagen.net\/wp-content\/uploads\/2017\/01\/TULTEPEC-3047-220x123.jpg 220w, https:\/\/www.diarioimagen.net\/wp-content\/uploads\/2017\/01\/TULTEPEC-3047-237x132.jpg 237w, https:\/\/www.diarioimagen.net\/wp-content\/uploads\/2017\/01\/TULTEPEC-3047.jpg 700w\" sizes=\"auto, (max-width: 460px) 100vw, 460px\" \/><\/a><\/p>\n<p>&nbsp;<\/p>\n<p><strong>Tultepec, Estado de M\u00e9xico.-<\/strong> Con una inversi\u00f3n de 2 millones de pesos gestionados por el alcalde Armando Portuguez Fuentes, se lleva a cabo el mantenimiento y rehabilitaci\u00f3n en general del edificio que alberga\u00a0 la Comisar\u00eda de Seguridad Ciudadana de lalocalidad, instalaciones con aproximadamente 12 a\u00f1os en funcionamiento.<\/p>\n<p>Para tal efecto, y en lo que constituye un acto de transparencia en la aplicaci\u00f3n de los recursos p\u00fablicos, Juan Armando \u00c1vila Luna, contralor municipal, tom\u00f3 protesta a los integrantes del Comit\u00e9 Ciudadano de Control y Vigilancia (COCICOVI).<\/p>\n","protected":false},"excerpt":{"rendered":"<p>Con una inversi\u00f3n de 2 millones de pesos gestionados por el alcalde Armando Portuguez Fuentes, se lleva a cabo el mantenimiento y rehabilitaci\u00f3n en general del edificio que alberga  la Comisar\u00eda de Seguridad Ciudadana de lalocalidad, instalaciones con aproximadamente 12 a\u00f1os en funcionamiento. <\/p>\n","protected":false},"author":3,"featured_media":309962,"comment_status":"open","ping_status":"open","sticky":false,"template":"","format":"standard","meta":{"_monsterinsights_skip_tracking":false,"_monsterinsights_sitenote_active":false,"_monsterinsights_sitenote_note":"","_monsterinsights_sitenote_category":0,"footnotes":""},"categories":[35155],"tags":[43675,8519,3802],"class_list":["post-309874","post","type-post","status-publish","format-standard","has-post-thumbnail","hentry","category-estado-de-mexico-estado-de-mexico","tag-estado-de-mexico","tag-rehabilitacion","tag-tultepec"],"_links":{"self":[{"href":"https:\/\/www.diarioimagen.net\/index.php?rest_route=\/wp\/v2\/posts\/309874","targetHints":{"allow":["GET"]}}],"collection":[{"href":"https:\/\/www.diarioimagen.net\/index.php?rest_route=\/wp\/v2\/posts"}],"about":[{"href":"https:\/\/www.diarioimagen.net\/index.php?rest_route=\/wp\/v2\/types\/post"}],"author":[{"embeddable":true,"href":"https:\/\/www.diarioimagen.net\/index.php?rest_route=\/wp\/v2\/users\/3"}],"replies":[{"embeddable":true,"href":"https:\/\/www.diarioimagen.net\/index.php?rest_route=%2Fwp%2Fv2%2Fcomments&post=309874"}],"version-history":[{"count":0,"href":"https:\/\/www.diarioimagen.net\/index.php?rest_route=\/wp\/v2\/posts\/309874\/revisions"}],"wp:featuredmedia":[{"embeddable":true,"href":"https:\/\/www.diarioimagen.net\/index.php?rest_route=\/wp\/v2\/media\/309962"}],"wp:attachment":[{"href":"https:\/\/www.diarioimagen.net\/index.php?rest_route=%2Fwp%2Fv2%2Fmedia&parent=309874"}],"wp:term":[{"taxonomy":"category","embeddable":true,"href":"https:\/\/www.diarioimagen.net\/index.php?rest_route=%2Fwp%2Fv2%2Fcategories&post=309874"},{"taxonomy":"post_tag","embeddable":true,"href":"https:\/\/www.diarioimagen.net\/index.php?rest_route=%2Fwp%2Fv2%2Ftags&post=309874"}],"curies":[{"name":"wp","href":"https:\/\/api.w.org\/{rel}","templated":true}]}}