{"id":309917,"date":"2017-01-31T00:11:45","date_gmt":"2017-01-31T06:11:45","guid":{"rendered":"http:\/\/www.diarioimagen.net\/?p=309917"},"modified":"2017-01-31T06:17:53","modified_gmt":"2017-01-31T12:17:53","slug":"el-relato","status":"publish","type":"post","link":"https:\/\/www.diarioimagen.net\/?p=309917","title":{"rendered":"El relato"},"content":{"rendered":"<h2>Tras la puerta del poder<\/h2>\n<h5>Roberto Vizca\u00edno<\/h5>\n<p>&nbsp;<\/p>\n<div id=\"attachment_310024\" style=\"width: 470px\" class=\"wp-caption aligncenter\"><a href=\"http:\/\/www.diarioimagen.net\/?attachment_id=310024\" rel=\"attachment wp-att-310024\"><img loading=\"lazy\" decoding=\"async\" aria-describedby=\"caption-attachment-310024\" class=\"size-large wp-image-310024\" src=\"http:\/\/www.diarioimagen.net\/wp-content\/uploads\/2017\/01\/gasolinzao-2-MARAL-3047-460x194.jpg\" alt=\"\" width=\"460\" height=\"194\" srcset=\"https:\/\/www.diarioimagen.net\/wp-content\/uploads\/2017\/01\/gasolinzao-2-MARAL-3047-460x194.jpg 460w, https:\/\/www.diarioimagen.net\/wp-content\/uploads\/2017\/01\/gasolinzao-2-MARAL-3047-240x101.jpg 240w, https:\/\/www.diarioimagen.net\/wp-content\/uploads\/2017\/01\/gasolinzao-2-MARAL-3047-768x324.jpg 768w, https:\/\/www.diarioimagen.net\/wp-content\/uploads\/2017\/01\/gasolinzao-2-MARAL-3047.jpg 1200w\" sizes=\"auto, (max-width: 460px) 100vw, 460px\" \/><\/a><p id=\"caption-attachment-310024\" class=\"wp-caption-text\">Gasolinazo II&#8230; | Maral<\/p><\/div>\n<p>&nbsp;<\/p>\n<p>Hacia fines de la semana pasada, cuando un Twit de Donald Trump provoc\u00f3 la casi ruptura de M\u00e9xico con EU, en las oficinas centrales de la Casa Blanca estaban sentados a la mesa, caf\u00e9 de por medio, los principales colaboradores del mandatario norteamericano con Luis Videgaray, Ildefonso Guajardo y Carlos Sada.<\/p>\n<p>De acuerdo a un relato hecho de viva voz por Videgaray en el programa de ayer de Carlos Loret de Mola en Televisa, el trato, los temas, y las perspectivas del encuentro eran inmejorables.<\/p>\n<p>Lo que ocurri\u00f3 en minutos, dej\u00f3 en claro, dice Videgaray, que existe una profunda falta de coordinaci\u00f3n e improvisaci\u00f3n entre el presidente Trump y su equipo de mayor nivel.<\/p>\n<p>Al cancelarse la visita del presidente Enrique Pe\u00f1a Nieto a Washington y darse la impresi\u00f3n de una ruptura los dos equipos, el de EU y el de M\u00e9xico, decidieron mantener cercan\u00eda y di\u00e1logo.<\/p>\n<p>\u00bfPor qu\u00e9 hacerlo? Lo explica as\u00ed Videgaray:<\/p>\n<p>\u201c\u2026 aqu\u00ed lo importante es que tenemos una relaci\u00f3n muy importante para M\u00e9xico, que es muy importante econ\u00f3micamente, socialmente; es nuestro vecino, queremos tener una relaci\u00f3n en el inter\u00e9s de los mexicanos pero respetando los principios y las cosas que nos interesan\u2026\u201d<\/p>\n<p>P.- \u00bfC\u00f3mo negociar con alguien tan impredecible como Donald Trump?<\/p>\n<p>\u201cNo tenemos nosotros la facultad de escoger la personalidad, las caracter\u00edsticas de quien gobierna a un pa\u00eds vecino, nuestro principal socio comercial\u2026 tenemos que sentarnos a la mesa, tenemos que hacerlo con convicci\u00f3n, con claridad, con estrategia y eso es algo que estamos haciendo, sin duda es un reto para nosotros, y para todo el mundo la interacci\u00f3n con el nuevo gobierno de los estados unidos\u2026 ahora, lo que qued\u00f3 sin duda claro es que M\u00e9xico tiene l\u00edmites y que M\u00e9xico est\u00e1 dispuesto a decir que no cuando el orgullo nacional, la dignidad nacional se ven amenazadas como claramente ocurri\u00f3 en estos d\u00edas\u2026<\/p>\n<p>\u201cNo se rompi\u00f3 el di\u00e1logo, hablaremos por v\u00eda telef\u00f3nica, pero no descarto que en los pr\u00f3ximos d\u00edas tengamos reuniones con los funcionarios de la administraci\u00f3n\u2026<\/p>\n<p>\u201cEs una relaci\u00f3n extraordinariamente importante, de la relaci\u00f3n con EU dependen millones de empleos en M\u00e9xico, dependen millones de d\u00f3lares que llegan a los mexicanos m\u00e1s pobres a trav\u00e9s de las remesas\u2026<\/p>\n<p>\u201cNo, no nos podemos dar el lujo, simplemente no nos podemos dar el lujo de levantarnos abruptamente de la mesa y romper conversaciones\u2026 marcamos nuestros l\u00edmites, fuimos firmes, claros,\u00a0 quiz\u00e1 para sorpresa de ellos, pero vamos a seguir en el di\u00e1logo porque eso es lo que le conviene a M\u00e9xico\u2026\u201d<\/p>\n<p>Ante la exigencia de ir a otros mercados, a China por ejemplo, para sustituir nuestra dependencia de EU, Videgaray explica:<\/p>\n<p>\u201cCon China tenemos una muy buena relaci\u00f3n, pero no se nos olvide que a China le exportamos al a\u00f1o poco menos de 5 mil millones de d\u00f3lares y a EU le exportamos eso en d\u00eda y medio\u2026<\/p>\n<p>\u201cNuestras exportaciones a EU son m\u00e1s de 300 mil millones de d\u00f3lares al a\u00f1o, y eso lo tenemos que poner en perspectiva cuando hacemos esas afirmaciones.<\/p>\n<p>Sin detrimento de que tenemos que tener una mejor relaci\u00f3n con China, hay que tener en cuenta una dosis de realidad, porque nuestro principal socio comercial, al que hoy le exportamos m\u00e1s del 80 por ciento es a EU\u201d.<\/p>\n<p>Por lo dem\u00e1s, Videgaray comenta que su primer encuentro con el primer c\u00edrculo de nuevos funcionarios de la Casa Blanca, fue de lo mejor.<\/p>\n<p>\u201cTuvimos interacci\u00f3n con los principales funcionarios de la Casa Blanca, el jefe de la oficina de la presidencia\u2026 con el asesor estrat\u00e9gico del presidente Trump, con su asesor principal, con el asesor de seguridad nacional, y con el equipo econ\u00f3mico de la Casa Blanca\u2026<\/p>\n<p>\u201cCreo que como todo gobierno que est\u00e1 empezando, estuvimos en el tercer y cuarto d\u00eda de la administraci\u00f3n, y ellos est\u00e1n apenas llegando y las oficinas todav\u00eda no tienen cuadros, no tienen fotos de las familias, est\u00e1n ellos apenas conociendo el espacio y est\u00e1n empezando a trabajar y lo importantes es que los estamos empezando a conocer y ellos nos est\u00e1n empezando a conocer\u2026\u201d<\/p>\n<p>P-\u2026 pero mientras tanto estaba Trump Twitteando lo que Twitteo\u2026(que o M\u00e9xico pagaba el muro o mejor que ni fuera Pe\u00f1a Nieto).<\/p>\n<p>\u201cEs que as\u00ed fue, yo lo dec\u00eda en la conferencia de prensa, fueron dos d\u00edas de profundas contradicciones\u2026 por un lado un trato notable, as\u00ed fue, y por el otro estas expresiones v\u00eda twitter del presidente de Estados Unidos que son absolutamente inaceptables para los mexicanos\u2026<\/p>\n<p>\u201cTe cuento una an\u00e9cdota (dijo Videgaray a Loret): est\u00e1bamos el jueves en la ma\u00f1ana con el equipo de la Casa Blanca planeando como podr\u00eda ser la visita del Presidente Enrique Pe\u00f1a Nieto, est\u00e1bamos viendo aspectos de protocolo, log\u00edstica, de temas cuando estando ah\u00ed, en esa reuni\u00f3n, nos dicen a ellos y a nosotros lo que se hab\u00eda publicado en Twitter esa ma\u00f1ana\u2026<\/p>\n<p>\u201cEso nos pone de manifiesto las contradicciones, las evidentes fallas de coordinaci\u00f3n que existen en ese equipo\u2026 est\u00e1bamos ah\u00ed en la Casa Blanca, habl\u00e9 con el Presidente de M\u00e9xico, me dio la instrucci\u00f3n clara de transmitir a la Casa Blanca (a Trump) que \u00e9l no asistir\u00eda a la reuni\u00f3n\u2026 si la condici\u00f3n era de que M\u00e9xico pagara el muro para asistir a la reuni\u00f3n, pues no ten\u00edamos mucho que decidir\u2026 era obvia la respuesta y la dimos de inmediato\u2026\u201d<\/p>\n<p>El secretario de Relaciones Exteriores coment\u00f3 que se qued\u00f3 un rato en la Casa Blanca,\u00a0 hablando de las pocas alternativas que les dejaba el Twit de Trump, y advierte:<\/p>\n<p>\u201cCon quienes estaba yo tengo la impresi\u00f3n, esa es mi lectura, claramente fueron tambi\u00e9n sorprendidos por el mensaje del presidente Trump\u2026\u201d<\/p>\n<p>P.- \u00bfOfrecieron una disculpa?<\/p>\n<p>\u201cA nivel personal, s\u00ed\u2026 a nivel de personas no de gobierno\u2026\u201d, responde Videgaray.<\/p>\n<p>A partir de todo lo ocurrido hasta hoy, Luis Videgaray reconoce que hay incertidumbre y temor entre los diversos grupos de la sociedad mexicana. En los empresarios no hay claridad sobre el futuro de sus empresas. Se han parado las inversiones. Los proyectos.<\/p>\n<p>Entre los mexicanos se teme por el desempleo. Entre los migrantes, por las deportaciones.<\/p>\n<p>Pero afirma que a nivel de gobierno no existen dudas: \u201chay que tener mucha claridad en nuestros principios, y lo tenemos; claridad respecto de nuestros objetivos, tambi\u00e9n los tenemos\u2026 y debemos tener l\u00edmites\u201d<\/p>\n<p>P.- \u00bfC\u00f3mo despu\u00e9s de este episodio se cocina una llamada\u00a0 entre los dos presidentes?, interroga Loret<\/p>\n<p>Videgaray explica que una vez decidida la suspensi\u00f3n de la visita de Pe\u00f1a Nieto, los equipos conversan sobre las opciones que tienen enfrente y acuerdan la llamada telef\u00f3nica que se da al d\u00eda siguiente entre Trump y el presidente de M\u00e9xico.<\/p>\n<p>\u201cEl presidente Trump repiti\u00f3 muchas de las cosas que dice cuando habla de la relaci\u00f3n con M\u00e9xico: del comercio, de la migraci\u00f3n\u2026 habl\u00f3 mucho del d\u00e9ficit comercial\u2026<\/p>\n<p>\u201cEl presidente Pe\u00f1a la dio una visi\u00f3n distinta. Una buena parte de la llamada fue intercambiar puntos de vista de lo que es la relaci\u00f3n, y acordaron que se puede llegar a un mucho mejor resultado a partir de una negociaci\u00f3n conjunta, que tomando medidas unilaterales\u2026 ese creo fue el acuerdo m\u00e1s importante\u2026\u201d<\/p>\n<p>Por lo pronto no hay fecha para un encuentro entre ambos presidentes.<\/p>\n<p><em><a href=\"mailto:rvizcainoa@gmail.com\" target=\"_blank\">rvizcainoa@gmail.com<\/a><\/em><br \/>\n<em><a href=\"http:\/\/www.endirecto.com.mx\/\" target=\"_blank\">www.endirecto.com.mx<\/a><\/em><br \/>\n<em><a href=\"https:\/\/twitter.com\/_rvizcaino\" target=\"_blank\">@_RVizcaino<\/a><\/em><br \/>\n<a href=\"https:\/\/www.facebook.com\/rvizcainoa\" target=\"_blank\">f<em>acebook.com\/rvizcainoa<\/em><\/a><\/p>\n","protected":false},"excerpt":{"rendered":"<p><span style=\"color: #005497;\"><strong>Roberto Vizca\u00edno<\/strong><\/span><br \/>\n<br \/>\nHacia fines de la semana pasada, cuando un Twit de Donald Trump provoc\u00f3 la casi ruptura de M\u00e9xico con EU, en las oficinas centrales de la Casa Blanca estaban sentados a la mesa, caf\u00e9 de por medio, los principales colaboradores del mandatario norteamericano con Luis Videgaray, Ildefonso Guajardo y Carlos Sada.<\/p>\n","protected":false},"author":3,"featured_media":310024,"comment_status":"open","ping_status":"open","sticky":false,"template":"","format":"standard","meta":{"_monsterinsights_skip_tracking":false,"_monsterinsights_sitenote_active":false,"_monsterinsights_sitenote_note":"","_monsterinsights_sitenote_category":0,"footnotes":""},"categories":[136],"tags":[43674,93,94],"class_list":["post-309917","post","type-post","status-publish","format-standard","has-post-thumbnail","hentry","category-roberto-vizcaino-opinion","tag-opinion","tag-roberto-vizcaino","tag-tras-la-puerta-del-poder"],"_links":{"self":[{"href":"https:\/\/www.diarioimagen.net\/index.php?rest_route=\/wp\/v2\/posts\/309917","targetHints":{"allow":["GET"]}}],"collection":[{"href":"https:\/\/www.diarioimagen.net\/index.php?rest_route=\/wp\/v2\/posts"}],"about":[{"href":"https:\/\/www.diarioimagen.net\/index.php?rest_route=\/wp\/v2\/types\/post"}],"author":[{"embeddable":true,"href":"https:\/\/www.diarioimagen.net\/index.php?rest_route=\/wp\/v2\/users\/3"}],"replies":[{"embeddable":true,"href":"https:\/\/www.diarioimagen.net\/index.php?rest_route=%2Fwp%2Fv2%2Fcomments&post=309917"}],"version-history":[{"count":0,"href":"https:\/\/www.diarioimagen.net\/index.php?rest_route=\/wp\/v2\/posts\/309917\/revisions"}],"wp:featuredmedia":[{"embeddable":true,"href":"https:\/\/www.diarioimagen.net\/index.php?rest_route=\/wp\/v2\/media\/310024"}],"wp:attachment":[{"href":"https:\/\/www.diarioimagen.net\/index.php?rest_route=%2Fwp%2Fv2%2Fmedia&parent=309917"}],"wp:term":[{"taxonomy":"category","embeddable":true,"href":"https:\/\/www.diarioimagen.net\/index.php?rest_route=%2Fwp%2Fv2%2Fcategories&post=309917"},{"taxonomy":"post_tag","embeddable":true,"href":"https:\/\/www.diarioimagen.net\/index.php?rest_route=%2Fwp%2Fv2%2Ftags&post=309917"}],"curies":[{"name":"wp","href":"https:\/\/api.w.org\/{rel}","templated":true}]}}