{"id":310076,"date":"2017-02-01T00:07:44","date_gmt":"2017-02-01T06:07:44","guid":{"rendered":"http:\/\/www.diarioimagen.net\/?p=310076"},"modified":"2017-02-01T02:06:27","modified_gmt":"2017-02-01T08:06:27","slug":"realiza-gem-primera-feria-del-empleo-en-zinacantepec","status":"publish","type":"post","link":"https:\/\/www.diarioimagen.net\/?p=310076","title":{"rendered":"Realiza GEM Primera Feria del Empleo en Zinacantepec"},"content":{"rendered":"<p><a href=\"http:\/\/www.diarioimagen.net\/?attachment_id=310147\" rel=\"attachment wp-att-310147\"><img loading=\"lazy\" decoding=\"async\" class=\"aligncenter size-large wp-image-310147\" src=\"http:\/\/www.diarioimagen.net\/wp-content\/uploads\/2017\/02\/GEM-3048-460x259.jpg\" alt=\"\" width=\"460\" height=\"259\" srcset=\"https:\/\/www.diarioimagen.net\/wp-content\/uploads\/2017\/02\/GEM-3048-460x259.jpg 460w, https:\/\/www.diarioimagen.net\/wp-content\/uploads\/2017\/02\/GEM-3048-240x135.jpg 240w, https:\/\/www.diarioimagen.net\/wp-content\/uploads\/2017\/02\/GEM-3048-235x132.jpg 235w, https:\/\/www.diarioimagen.net\/wp-content\/uploads\/2017\/02\/GEM-3048-202x114.jpg 202w, https:\/\/www.diarioimagen.net\/wp-content\/uploads\/2017\/02\/GEM-3048-350x196.jpg 350w, https:\/\/www.diarioimagen.net\/wp-content\/uploads\/2017\/02\/GEM-3048-220x123.jpg 220w, https:\/\/www.diarioimagen.net\/wp-content\/uploads\/2017\/02\/GEM-3048-237x132.jpg 237w, https:\/\/www.diarioimagen.net\/wp-content\/uploads\/2017\/02\/GEM-3048.jpg 480w\" sizes=\"auto, (max-width: 460px) 100vw, 460px\" \/><\/a><\/p>\n<p>&nbsp;<\/p>\n<p><strong>Zinacantepec, Estado de M\u00e9xico<\/strong>.- En el marco de la Primera Feria del Empleo 2017 en la que 52 empresas ofertaron 439 vacantes en este municipio, Carolina Alan\u00eds Moreno, directora general del DIF Estado de M\u00e9xico y presidenta del Gabinete Regional XVII, resalt\u00f3 que a nivel nacional la entidad mexiquense se ha colocado a la vanguardia en diversos rubros econ\u00f3micos y en materia de empleo.<\/p>\n","protected":false},"excerpt":{"rendered":"<p>En el marco de la Primera Feria del Empleo 2017 en la que 52 empresas ofertaron 439 vacantes en este municipio, Carolina Alan\u00eds Moreno, directora general del DIF Estado de M\u00e9xico y presidenta del Gabinete Regional XVII, resalt\u00f3 que a nivel nacional la entidad mexiquense se ha colocado a la vanguardia en diversos rubros econ\u00f3micos y en materia de empleo.<\/p>\n","protected":false},"author":3,"featured_media":310147,"comment_status":"open","ping_status":"open","sticky":false,"template":"","format":"standard","meta":{"_monsterinsights_skip_tracking":false,"_monsterinsights_sitenote_active":false,"_monsterinsights_sitenote_note":"","_monsterinsights_sitenote_category":0,"footnotes":""},"categories":[35155],"tags":[43675,1573,184],"class_list":["post-310076","post","type-post","status-publish","format-standard","has-post-thumbnail","hentry","category-estado-de-mexico-estado-de-mexico","tag-estado-de-mexico","tag-feria-del-empleo","tag-zinacantepec"],"_links":{"self":[{"href":"https:\/\/www.diarioimagen.net\/index.php?rest_route=\/wp\/v2\/posts\/310076","targetHints":{"allow":["GET"]}}],"collection":[{"href":"https:\/\/www.diarioimagen.net\/index.php?rest_route=\/wp\/v2\/posts"}],"about":[{"href":"https:\/\/www.diarioimagen.net\/index.php?rest_route=\/wp\/v2\/types\/post"}],"author":[{"embeddable":true,"href":"https:\/\/www.diarioimagen.net\/index.php?rest_route=\/wp\/v2\/users\/3"}],"replies":[{"embeddable":true,"href":"https:\/\/www.diarioimagen.net\/index.php?rest_route=%2Fwp%2Fv2%2Fcomments&post=310076"}],"version-history":[{"count":0,"href":"https:\/\/www.diarioimagen.net\/index.php?rest_route=\/wp\/v2\/posts\/310076\/revisions"}],"wp:featuredmedia":[{"embeddable":true,"href":"https:\/\/www.diarioimagen.net\/index.php?rest_route=\/wp\/v2\/media\/310147"}],"wp:attachment":[{"href":"https:\/\/www.diarioimagen.net\/index.php?rest_route=%2Fwp%2Fv2%2Fmedia&parent=310076"}],"wp:term":[{"taxonomy":"category","embeddable":true,"href":"https:\/\/www.diarioimagen.net\/index.php?rest_route=%2Fwp%2Fv2%2Fcategories&post=310076"},{"taxonomy":"post_tag","embeddable":true,"href":"https:\/\/www.diarioimagen.net\/index.php?rest_route=%2Fwp%2Fv2%2Ftags&post=310076"}],"curies":[{"name":"wp","href":"https:\/\/api.w.org\/{rel}","templated":true}]}}