{"id":310081,"date":"2017-02-01T00:07:37","date_gmt":"2017-02-01T06:07:37","guid":{"rendered":"http:\/\/www.diarioimagen.net\/?p=310081"},"modified":"2017-02-02T00:47:26","modified_gmt":"2017-02-02T06:47:26","slug":"proponen-mas-acciones-de-apoyo-para-los-paisanos","status":"publish","type":"post","link":"https:\/\/www.diarioimagen.net\/?p=310081","title":{"rendered":"Proponen m\u00e1s acciones de apoyo para los paisanos"},"content":{"rendered":"<h2>Arco Norte<\/h2>\n<h5>Jos\u00e9 Luis Monta\u00f1ez Aguilar<\/h5>\n<p>&nbsp;<\/p>\n<div id=\"attachment_310150\" style=\"width: 470px\" class=\"wp-caption aligncenter\"><a href=\"http:\/\/www.diarioimagen.net\/?attachment_id=310150\" rel=\"attachment wp-att-310150\"><img loading=\"lazy\" decoding=\"async\" aria-describedby=\"caption-attachment-310150\" class=\"size-large wp-image-310150\" src=\"http:\/\/www.diarioimagen.net\/wp-content\/uploads\/2017\/02\/arco-3048-460x259.jpg\" alt=\"\" width=\"460\" height=\"259\" srcset=\"https:\/\/www.diarioimagen.net\/wp-content\/uploads\/2017\/02\/arco-3048-460x259.jpg 460w, https:\/\/www.diarioimagen.net\/wp-content\/uploads\/2017\/02\/arco-3048-240x135.jpg 240w, https:\/\/www.diarioimagen.net\/wp-content\/uploads\/2017\/02\/arco-3048-768x432.jpg 768w, https:\/\/www.diarioimagen.net\/wp-content\/uploads\/2017\/02\/arco-3048-480x270.jpg 480w, https:\/\/www.diarioimagen.net\/wp-content\/uploads\/2017\/02\/arco-3048-235x132.jpg 235w, https:\/\/www.diarioimagen.net\/wp-content\/uploads\/2017\/02\/arco-3048-202x114.jpg 202w, https:\/\/www.diarioimagen.net\/wp-content\/uploads\/2017\/02\/arco-3048-350x196.jpg 350w, https:\/\/www.diarioimagen.net\/wp-content\/uploads\/2017\/02\/arco-3048-220x123.jpg 220w, https:\/\/www.diarioimagen.net\/wp-content\/uploads\/2017\/02\/arco-3048-237x132.jpg 237w, https:\/\/www.diarioimagen.net\/wp-content\/uploads\/2017\/02\/arco-3048.jpg 1200w\" sizes=\"auto, (max-width: 460px) 100vw, 460px\" \/><\/a><p id=\"caption-attachment-310150\" class=\"wp-caption-text\">Eruviel \u00c1vila Villegas, dio a conocer cuatro acciones en apoyo a los connacionales que radican en Estados Unidos.<\/p><\/div>\n<p>&nbsp;<\/p>\n<p>Ante el presidente Enrique Pe\u00f1a Nieto, integrantes del gabinete federal y gobernadores de la Rep\u00fablica, el mandatario del Estado de M\u00e9xico, Eruviel \u00c1vila Villegas, dio a conocer cuatro acciones en apoyo a los connacionales que radican en Estados Unidos, que involucran el trabajo de las entidades federativas de la mano de la red consular del gobierno mexicano.<\/p>\n<p>\u201cSi bien la pol\u00edtica exterior la dicta el Poder Ejecutivo federal por mandato constitucional, las entidades federativas tambi\u00e9n podemos hacer mucho, as\u00ed es que la propuesta ser\u00eda tender puentes con los gobiernos locales de los Estados Unidos; pr\u00e1cticamente todos hemos hecho giras de trabajo, nos hemos hermanando con diferentes entidades o estados de la Uni\u00f3n Americana, y hag\u00e1mosles ver que en estas propuestas que ha hecho el presidente Trump, quienes salen tambi\u00e9n perjudicados son el gobierno y el pueblo de Estados Unidos\u201d, expres\u00f3.<\/p>\n<p>As\u00ed, en su car\u00e1cter de coordinador de la Comisi\u00f3n de Asuntos Internacionales de la Conferencia Nacional de Gobernadores (Conago), el mandatario mexiquense estableci\u00f3 cuatro propuestas:<\/p>\n<p><strong>1.<\/strong> Tender puentes con gobiernos locales de los Estados Unidos, en especial con aquellos hermanados con las entidades federativas de nuestro pa\u00eds, para hacerles notar los efectos negativos que la postura en temas de migraci\u00f3n y comercio tambi\u00e9n les afecta.<\/p>\n<p><strong>2.<\/strong> Llevar a cabo una reuni\u00f3n entre la Conferencia Nacional de\u00a0 Gobernadores, encabezada por el mandatario de Morelos, Graco Ram\u00edrez Garrido Abreu, y la Asociaci\u00f3n Nacional de Gobernadores de Estados Unidos.<\/p>\n<p><strong>3.<\/strong> Que las 25 casas o representaciones que los gobiernos estatales tienen en la Uni\u00f3n Americana apoyen con asesor\u00edas jur\u00eddicas a los connacionales, as\u00ed como para el pago de sus derechos para que obtengan la ciudadan\u00eda estadounidense o para continuar con el programa DACA que les permita seguir con sus estudios.<\/p>\n<p><strong>4.<\/strong> Que todas esas casas o representaciones, de la mano de la red consular, brinden apoyo a todos los connacionales sin importar la entidad de origen. En Los Pinos, Eruviel \u00c1vila reiter\u00f3 que es necesario externar a las autoridades locales de Estados Unidos de Norteam\u00e9rica, que tambi\u00e9n salen perjudicados con la postura que ha asumido el gobierno de ese pa\u00eds en el tema migratorio y comercial.<\/p>\n<p><em><a href=\"mailto:montanezaguilar@gmail.com\" target=\"_blank\">montanezaguilar@gmail.com<\/a><\/em><\/p>\n","protected":false},"excerpt":{"rendered":"<p><span style=\"color: #005497;\">Jos\u00e9 Luis Monta\u00f1ez Aguilar<\/span><br \/>\n<br \/>\nAnte el presidente Enrique Pe\u00f1a Nieto, integrantes del gabinete federal y gobernadores de la Rep\u00fablica, el mandatario del Estado de M\u00e9xico, Eruviel \u00c1vila Villegas, dio a conocer cuatro acciones en apoyo a los connacionales que radican en Estados Unidos, que involucran el trabajo de las entidades federativas de la mano de la red consular del gobierno mexicano.<\/p>\n","protected":false},"author":3,"featured_media":310150,"comment_status":"open","ping_status":"open","sticky":false,"template":"","format":"standard","meta":{"_monsterinsights_skip_tracking":false,"_monsterinsights_sitenote_active":false,"_monsterinsights_sitenote_note":"","_monsterinsights_sitenote_category":0,"footnotes":""},"categories":[5],"tags":[13284,43704,43674],"class_list":["post-310081","post","type-post","status-publish","format-standard","has-post-thumbnail","hentry","category-estado-de-mexico","tag-arco-norte","tag-jose-luis-montanez-aguilar","tag-opinion"],"_links":{"self":[{"href":"https:\/\/www.diarioimagen.net\/index.php?rest_route=\/wp\/v2\/posts\/310081","targetHints":{"allow":["GET"]}}],"collection":[{"href":"https:\/\/www.diarioimagen.net\/index.php?rest_route=\/wp\/v2\/posts"}],"about":[{"href":"https:\/\/www.diarioimagen.net\/index.php?rest_route=\/wp\/v2\/types\/post"}],"author":[{"embeddable":true,"href":"https:\/\/www.diarioimagen.net\/index.php?rest_route=\/wp\/v2\/users\/3"}],"replies":[{"embeddable":true,"href":"https:\/\/www.diarioimagen.net\/index.php?rest_route=%2Fwp%2Fv2%2Fcomments&post=310081"}],"version-history":[{"count":0,"href":"https:\/\/www.diarioimagen.net\/index.php?rest_route=\/wp\/v2\/posts\/310081\/revisions"}],"wp:featuredmedia":[{"embeddable":true,"href":"https:\/\/www.diarioimagen.net\/index.php?rest_route=\/wp\/v2\/media\/310150"}],"wp:attachment":[{"href":"https:\/\/www.diarioimagen.net\/index.php?rest_route=%2Fwp%2Fv2%2Fmedia&parent=310081"}],"wp:term":[{"taxonomy":"category","embeddable":true,"href":"https:\/\/www.diarioimagen.net\/index.php?rest_route=%2Fwp%2Fv2%2Fcategories&post=310081"},{"taxonomy":"post_tag","embeddable":true,"href":"https:\/\/www.diarioimagen.net\/index.php?rest_route=%2Fwp%2Fv2%2Ftags&post=310081"}],"curies":[{"name":"wp","href":"https:\/\/api.w.org\/{rel}","templated":true}]}}