{"id":310099,"date":"2017-02-01T00:05:26","date_gmt":"2017-02-01T06:05:26","guid":{"rendered":"http:\/\/www.diarioimagen.net\/?p=310099"},"modified":"2017-02-01T03:24:33","modified_gmt":"2017-02-01T09:24:33","slug":"ayuda-a-jovenes-que-logran-en-grande-en-nicolas-romero","status":"publish","type":"post","link":"https:\/\/www.diarioimagen.net\/?p=310099","title":{"rendered":"Ayuda a \u201cJ\u00f3venes que logran en grande\u201d en Nicol\u00e1s Romero"},"content":{"rendered":"<p><a href=\"http:\/\/www.diarioimagen.net\/?attachment_id=310168\" rel=\"attachment wp-att-310168\"><img loading=\"lazy\" decoding=\"async\" class=\"aligncenter size-large wp-image-310168\" src=\"http:\/\/www.diarioimagen.net\/wp-content\/uploads\/2017\/02\/NICOLAS-3048-460x259.jpg\" alt=\"\" width=\"460\" height=\"259\" srcset=\"https:\/\/www.diarioimagen.net\/wp-content\/uploads\/2017\/02\/NICOLAS-3048-460x259.jpg 460w, https:\/\/www.diarioimagen.net\/wp-content\/uploads\/2017\/02\/NICOLAS-3048-240x135.jpg 240w, https:\/\/www.diarioimagen.net\/wp-content\/uploads\/2017\/02\/NICOLAS-3048-235x132.jpg 235w, https:\/\/www.diarioimagen.net\/wp-content\/uploads\/2017\/02\/NICOLAS-3048-202x114.jpg 202w, https:\/\/www.diarioimagen.net\/wp-content\/uploads\/2017\/02\/NICOLAS-3048-350x196.jpg 350w, https:\/\/www.diarioimagen.net\/wp-content\/uploads\/2017\/02\/NICOLAS-3048-220x123.jpg 220w, https:\/\/www.diarioimagen.net\/wp-content\/uploads\/2017\/02\/NICOLAS-3048-237x132.jpg 237w, https:\/\/www.diarioimagen.net\/wp-content\/uploads\/2017\/02\/NICOLAS-3048.jpg 480w\" sizes=\"auto, (max-width: 460px) 100vw, 460px\" \/><\/a><\/p>\n<p>&nbsp;<\/p>\n<p><strong>Nicol\u00e1s Romero, Estado de M\u00e9xico.-<\/strong> Con la presencia de Isis \u00c1vila, presidenta del DIFEM, la alcaldesa de esta demarcaci\u00f3n, Angelina Carre\u00f1o Mijares, llev\u00f3 a cabo la entrega de apoyos del programa \u201cJ\u00f3venes que logran en grande\u201d, en beneficio de la juventud nicolasromerense.<\/p>\n<p>En el evento, se reconoci\u00f3 el trabajo y resultados, que la administraci\u00f3n del Estado de M\u00e9xico y gobierno municipal realizan al invertir en educaci\u00f3n, salud y alimentaci\u00f3n en beneficio de la poblaci\u00f3n local.<\/p>\n<p>&nbsp;<\/p>\n","protected":false},"excerpt":{"rendered":"<p>Con la presencia de Isis \u00c1vila, presidenta del DIFEM, la alcaldesa de esta demarcaci\u00f3n, Angelina Carre\u00f1o Mijares, llev\u00f3 a cabo la entrega de apoyos del programa \u201cJ\u00f3venes que logran en grande\u201d, en beneficio de la juventud nicolasromerense.<\/p>\n","protected":false},"author":3,"featured_media":310168,"comment_status":"open","ping_status":"open","sticky":false,"template":"","format":"standard","meta":{"_monsterinsights_skip_tracking":false,"_monsterinsights_sitenote_active":false,"_monsterinsights_sitenote_note":"","_monsterinsights_sitenote_category":0,"footnotes":""},"categories":[35155],"tags":[394,43675,752],"class_list":["post-310099","post","type-post","status-publish","format-standard","has-post-thumbnail","hentry","category-estado-de-mexico-estado-de-mexico","tag-difem","tag-estado-de-mexico","tag-nicolas-romero"],"_links":{"self":[{"href":"https:\/\/www.diarioimagen.net\/index.php?rest_route=\/wp\/v2\/posts\/310099","targetHints":{"allow":["GET"]}}],"collection":[{"href":"https:\/\/www.diarioimagen.net\/index.php?rest_route=\/wp\/v2\/posts"}],"about":[{"href":"https:\/\/www.diarioimagen.net\/index.php?rest_route=\/wp\/v2\/types\/post"}],"author":[{"embeddable":true,"href":"https:\/\/www.diarioimagen.net\/index.php?rest_route=\/wp\/v2\/users\/3"}],"replies":[{"embeddable":true,"href":"https:\/\/www.diarioimagen.net\/index.php?rest_route=%2Fwp%2Fv2%2Fcomments&post=310099"}],"version-history":[{"count":0,"href":"https:\/\/www.diarioimagen.net\/index.php?rest_route=\/wp\/v2\/posts\/310099\/revisions"}],"wp:featuredmedia":[{"embeddable":true,"href":"https:\/\/www.diarioimagen.net\/index.php?rest_route=\/wp\/v2\/media\/310168"}],"wp:attachment":[{"href":"https:\/\/www.diarioimagen.net\/index.php?rest_route=%2Fwp%2Fv2%2Fmedia&parent=310099"}],"wp:term":[{"taxonomy":"category","embeddable":true,"href":"https:\/\/www.diarioimagen.net\/index.php?rest_route=%2Fwp%2Fv2%2Fcategories&post=310099"},{"taxonomy":"post_tag","embeddable":true,"href":"https:\/\/www.diarioimagen.net\/index.php?rest_route=%2Fwp%2Fv2%2Ftags&post=310099"}],"curies":[{"name":"wp","href":"https:\/\/api.w.org\/{rel}","templated":true}]}}