{"id":310101,"date":"2017-02-01T00:04:30","date_gmt":"2017-02-01T06:04:30","guid":{"rendered":"http:\/\/www.diarioimagen.net\/?p=310101"},"modified":"2017-02-01T03:26:22","modified_gmt":"2017-02-01T09:26:22","slug":"convoca-denisse-ugalde-a-la-unidad-de-tlalnepantlenses","status":"publish","type":"post","link":"https:\/\/www.diarioimagen.net\/?p=310101","title":{"rendered":"Convoca Denisse Ugalde a la unidad de tlalnepantlenses"},"content":{"rendered":"<ul>\n<li><strong><em>Siguiendo el ejemplo de Gustavo Baz<\/em><\/strong><\/li>\n<\/ul>\n<p>&nbsp;<\/p>\n<div id=\"attachment_310172\" style=\"width: 470px\" class=\"wp-caption aligncenter\"><a href=\"http:\/\/www.diarioimagen.net\/?attachment_id=310172\" rel=\"attachment wp-att-310172\"><img loading=\"lazy\" decoding=\"async\" aria-describedby=\"caption-attachment-310172\" class=\"size-large wp-image-310172\" src=\"http:\/\/www.diarioimagen.net\/wp-content\/uploads\/2017\/02\/TLALNEPANTLA-3048-460x259.jpg\" alt=\"\" width=\"460\" height=\"259\" srcset=\"https:\/\/www.diarioimagen.net\/wp-content\/uploads\/2017\/02\/TLALNEPANTLA-3048-460x259.jpg 460w, https:\/\/www.diarioimagen.net\/wp-content\/uploads\/2017\/02\/TLALNEPANTLA-3048-240x135.jpg 240w, https:\/\/www.diarioimagen.net\/wp-content\/uploads\/2017\/02\/TLALNEPANTLA-3048-235x132.jpg 235w, https:\/\/www.diarioimagen.net\/wp-content\/uploads\/2017\/02\/TLALNEPANTLA-3048-202x114.jpg 202w, https:\/\/www.diarioimagen.net\/wp-content\/uploads\/2017\/02\/TLALNEPANTLA-3048-350x196.jpg 350w, https:\/\/www.diarioimagen.net\/wp-content\/uploads\/2017\/02\/TLALNEPANTLA-3048-220x123.jpg 220w, https:\/\/www.diarioimagen.net\/wp-content\/uploads\/2017\/02\/TLALNEPANTLA-3048-237x132.jpg 237w, https:\/\/www.diarioimagen.net\/wp-content\/uploads\/2017\/02\/TLALNEPANTLA-3048.jpg 480w\" sizes=\"auto, (max-width: 460px) 100vw, 460px\" \/><\/a><p id=\"caption-attachment-310172\" class=\"wp-caption-text\">Denisse Ugalde Alegr\u00eda hizo un llamado a los tlalnepantlenses para mantenerse unidos y trabajar con orgullo, gallard\u00eda y dignidad en torno a los problemas.<\/p><\/div>\n<p>&nbsp;<\/p>\n<p><strong>Tlalnepantla, Estado de M\u00e9xico.<\/strong>&#8211; Al conmemorar el 123 Aniversario del Natalicio de Gustavo Baz Prada, la presidenta municipal, Denisse Ugalde Alegr\u00eda, hizo un llamado a los tlalnepantlenses para mantenerse unidos y trabajar con orgullo, gallard\u00eda y dignidad en torno a los problemas que M\u00e9xico enfrenta.<\/p>\n<p>\u201cHoy nuestro pa\u00eds est\u00e1 ante una coyuntura de crisis internacional y esto nos hace recordar aquellas etapas de la historia en que han surgido los mejores hombres y mujeres para enfrentar los retos que se nos presentan en la b\u00fasqueda de\u00a0 nuestro destino, y sin lugar a dudas, el valor con el que hemos contado es la unidad\u201d, afirm\u00f3 la alcaldesa.<\/p>\n<p>Ante el secretario de Medio Ambiente, Ra\u00fal Vargas Herrera, quien asisti\u00f3 en representaci\u00f3n del gobernador Eruviel \u00c1vila Villegas, la presidenta municipal destac\u00f3 la importancia de no doblegarse ante las exigencias de quien acusa a este pa\u00eds y a los mexicanos de aprovecharse de la econom\u00eda norteamericana.<\/p>\n<p>Puntualiz\u00f3 que todos debemos tener claro el rumbo que se quiere para este pa\u00eds y desde cada una de nuestras trincheras, junto con el presidente de la Rep\u00fablica, Enrique Pe\u00f1a Nieto, defender a M\u00e9xico.<\/p>\n<p>Denisse Ugalde resalt\u00f3 que a 123 a\u00f1os de su nacimiento, Gustavo Baz Prada sigue siendo ejemplo e inspiraci\u00f3n que ayuda a revalorar el compromiso de sortear la dif\u00edcil complejidad que hoy representa el ejercicio de gobierno.<\/p>\n<p>Por su parte, Ra\u00fal Vargas Herrera record\u00f3 al pol\u00edtico tlalnepantlense como impulsor \u00a0de unidad, visionario, promotor del desarrollo y constructor de modernidad en una \u00e9poca de conflictos.<\/p>\n<p>\u201cRememorar nuestra historia es la mejorar forma de convocar a la unidad de los mexicanos, pues el legado de hombres como Baz Prada nos permite vivir unidos, con paz social y en un entorno de desarrollo y prosperidad\u201d, concluy\u00f3.<\/p>\n","protected":false},"excerpt":{"rendered":"<p>Al conmemorar el 123 Aniversario del Natalicio de Gustavo Baz Prada, la presidenta municipal, Denisse Ugalde Alegr\u00eda, hizo un llamado a los tlalnepantlenses para mantenerse unidos y trabajar con orgullo, gallard\u00eda y dignidad en torno a los problemas que M\u00e9xico enfrenta.<\/p>\n","protected":false},"author":3,"featured_media":310172,"comment_status":"open","ping_status":"open","sticky":false,"template":"","format":"standard","meta":{"_monsterinsights_skip_tracking":false,"_monsterinsights_sitenote_active":false,"_monsterinsights_sitenote_note":"","_monsterinsights_sitenote_category":0,"footnotes":""},"categories":[35155],"tags":[45490,43675,169,2996],"class_list":["post-310101","post","type-post","status-publish","format-standard","has-post-thumbnail","hentry","category-estado-de-mexico-estado-de-mexico","tag-denisse-ugalde-alegria","tag-estado-de-mexico","tag-tlalnepantla","tag-unidad"],"_links":{"self":[{"href":"https:\/\/www.diarioimagen.net\/index.php?rest_route=\/wp\/v2\/posts\/310101","targetHints":{"allow":["GET"]}}],"collection":[{"href":"https:\/\/www.diarioimagen.net\/index.php?rest_route=\/wp\/v2\/posts"}],"about":[{"href":"https:\/\/www.diarioimagen.net\/index.php?rest_route=\/wp\/v2\/types\/post"}],"author":[{"embeddable":true,"href":"https:\/\/www.diarioimagen.net\/index.php?rest_route=\/wp\/v2\/users\/3"}],"replies":[{"embeddable":true,"href":"https:\/\/www.diarioimagen.net\/index.php?rest_route=%2Fwp%2Fv2%2Fcomments&post=310101"}],"version-history":[{"count":0,"href":"https:\/\/www.diarioimagen.net\/index.php?rest_route=\/wp\/v2\/posts\/310101\/revisions"}],"wp:featuredmedia":[{"embeddable":true,"href":"https:\/\/www.diarioimagen.net\/index.php?rest_route=\/wp\/v2\/media\/310172"}],"wp:attachment":[{"href":"https:\/\/www.diarioimagen.net\/index.php?rest_route=%2Fwp%2Fv2%2Fmedia&parent=310101"}],"wp:term":[{"taxonomy":"category","embeddable":true,"href":"https:\/\/www.diarioimagen.net\/index.php?rest_route=%2Fwp%2Fv2%2Fcategories&post=310101"},{"taxonomy":"post_tag","embeddable":true,"href":"https:\/\/www.diarioimagen.net\/index.php?rest_route=%2Fwp%2Fv2%2Ftags&post=310101"}],"curies":[{"name":"wp","href":"https:\/\/api.w.org\/{rel}","templated":true}]}}