{"id":310109,"date":"2017-02-01T00:02:52","date_gmt":"2017-02-01T06:02:52","guid":{"rendered":"http:\/\/www.diarioimagen.net\/?p=310109"},"modified":"2017-02-01T03:29:01","modified_gmt":"2017-02-01T09:29:01","slug":"registra-atizapan-aumento-de-15-de-contribuyentes-en-predial","status":"publish","type":"post","link":"https:\/\/www.diarioimagen.net\/?p=310109","title":{"rendered":"Registra Atizap\u00e1n aumento de 15% de contribuyentes en predial"},"content":{"rendered":"<ul>\n<li><strong><em>Optimizar\u00e1n recursos al m\u00e1ximo en \u00e1reas administrativas<\/em><\/strong><\/li>\n<\/ul>\n<p>&nbsp;<\/p>\n<div id=\"attachment_310184\" style=\"width: 470px\" class=\"wp-caption aligncenter\"><a href=\"http:\/\/www.diarioimagen.net\/?attachment_id=310184\" rel=\"attachment wp-att-310184\"><img loading=\"lazy\" decoding=\"async\" aria-describedby=\"caption-attachment-310184\" class=\"size-large wp-image-310184\" src=\"http:\/\/www.diarioimagen.net\/wp-content\/uploads\/2017\/02\/ATIZAPAN-3048-460x259.jpg\" alt=\"\" width=\"460\" height=\"259\" srcset=\"https:\/\/www.diarioimagen.net\/wp-content\/uploads\/2017\/02\/ATIZAPAN-3048-460x259.jpg 460w, https:\/\/www.diarioimagen.net\/wp-content\/uploads\/2017\/02\/ATIZAPAN-3048-240x135.jpg 240w, https:\/\/www.diarioimagen.net\/wp-content\/uploads\/2017\/02\/ATIZAPAN-3048-235x132.jpg 235w, https:\/\/www.diarioimagen.net\/wp-content\/uploads\/2017\/02\/ATIZAPAN-3048-202x114.jpg 202w, https:\/\/www.diarioimagen.net\/wp-content\/uploads\/2017\/02\/ATIZAPAN-3048-350x196.jpg 350w, https:\/\/www.diarioimagen.net\/wp-content\/uploads\/2017\/02\/ATIZAPAN-3048-220x123.jpg 220w, https:\/\/www.diarioimagen.net\/wp-content\/uploads\/2017\/02\/ATIZAPAN-3048-237x132.jpg 237w, https:\/\/www.diarioimagen.net\/wp-content\/uploads\/2017\/02\/ATIZAPAN-3048.jpg 480w\" sizes=\"auto, (max-width: 460px) 100vw, 460px\" \/><\/a><p id=\"caption-attachment-310184\" class=\"wp-caption-text\">La Secretar\u00eda de Finanzas reconoce a Atizap\u00e1n como uno de los municipios con las mejores recaudaciones en el Estado de M\u00e9xico.<\/p><\/div>\n<p>&nbsp;<\/p>\n<p><strong>Atizap\u00e1n, Estado de M\u00e9xico<\/strong>.- Luego de que el Ayuntamiento sufriera un recorte presupuestal del 6% destinado para este a\u00f1o, \u00a0la alcaldesa Ana Mar\u00eda Balderas Trejo, inform\u00f3 que pese a ello su gobierno no bajar\u00e1 la guardia y optimizar\u00e1 los recursos al m\u00e1ximo en las \u00e1reas administrativas,\u00a0sin que se vean afectadas las operativas, como son protecci\u00f3n civil, seguridad p\u00fablica, obras y servicios p\u00fablicos.<\/p>\n<p>La mun\u00edcipe inform\u00f3 que para este a\u00f1o 2017\u00a0se proyecta un presupuesto de 2 mil 195 millones de pesos, mientras que al a\u00f1o pasado fue de 2 mil 366 millones de pesos,\u00a0lo que representa una disminuci\u00f3n del 6 por ciento. Sin embargo, Balderas Trejo destac\u00f3 que este a\u00f1o Atizap\u00e1n ha comenzado con el pie derecho al haber registrado en el mes de enero un incremento de 15 por ciento en la recaudaci\u00f3n del impuesto predial con respecto al mismo per\u00edodo del a\u00f1o anterior.<\/p>\n<p>Por su parte, Manuel de la Vega Su\u00e1rez, tesorero del Ayuntamiento, destac\u00f3 que el municipio tiene un panorama alentador, pues en este primer mes del a\u00f1o se han sumado m\u00e1s de 900 nuevos contribuyentes al padr\u00f3n municipal del pago predial,\u00a0adem\u00e1s de\u00a0que hace algunos meses la agencia internacional de calificaci\u00f3n crediticia\u00a0\u00a0Fitch Ratings ajust\u00f3 la calificaci\u00f3n del municipio \u00a0de \u00a0negativa a\u00a0 estable.<\/p>\n<p>\u201cActualmente la Secretar\u00eda de Finanzas reconoce a Atizap\u00e1n de Zaragoza como uno de los municipios con las mejores recaudaciones en el Estado de M\u00e9xico, argumento que sumado a los 3 millones de pesos que paga el Ayuntamiento de manera mensual para sanar su deuda bancaria que haciende a 244 millones de pesos y al no contar con nuevas deudas crediticias, le han valido para que la calificadora Fitch Ratings\u00a0 haya ajustado su condici\u00f3n crediticia de mala a estable\u201d, precis\u00f3 el funcionario p\u00fablico.<\/p>\n<p>&nbsp;<\/p>\n","protected":false},"excerpt":{"rendered":"<p>Luego de que el Ayuntamiento sufriera un recorte presupuestal del 6% destinado para este a\u00f1o,  la alcaldesa Ana Mar\u00eda Balderas Trejo, inform\u00f3 que pese a ello su gobierno no bajar\u00e1 la guardia y optimizar\u00e1 los recursos al m\u00e1ximo en las \u00e1reas administrativas, sin que se vean afectadas las operativas, como son protecci\u00f3n civil, seguridad p\u00fablica, obras y servicios p\u00fablicos.<\/p>\n","protected":false},"author":3,"featured_media":310184,"comment_status":"open","ping_status":"open","sticky":false,"template":"","format":"standard","meta":{"_monsterinsights_skip_tracking":false,"_monsterinsights_sitenote_active":false,"_monsterinsights_sitenote_note":"","_monsterinsights_sitenote_category":0,"footnotes":""},"categories":[35155],"tags":[969,10490,43675,21487],"class_list":["post-310109","post","type-post","status-publish","format-standard","has-post-thumbnail","hentry","category-estado-de-mexico-estado-de-mexico","tag-atizapan","tag-contribuyentes","tag-estado-de-mexico","tag-predial"],"_links":{"self":[{"href":"https:\/\/www.diarioimagen.net\/index.php?rest_route=\/wp\/v2\/posts\/310109","targetHints":{"allow":["GET"]}}],"collection":[{"href":"https:\/\/www.diarioimagen.net\/index.php?rest_route=\/wp\/v2\/posts"}],"about":[{"href":"https:\/\/www.diarioimagen.net\/index.php?rest_route=\/wp\/v2\/types\/post"}],"author":[{"embeddable":true,"href":"https:\/\/www.diarioimagen.net\/index.php?rest_route=\/wp\/v2\/users\/3"}],"replies":[{"embeddable":true,"href":"https:\/\/www.diarioimagen.net\/index.php?rest_route=%2Fwp%2Fv2%2Fcomments&post=310109"}],"version-history":[{"count":0,"href":"https:\/\/www.diarioimagen.net\/index.php?rest_route=\/wp\/v2\/posts\/310109\/revisions"}],"wp:featuredmedia":[{"embeddable":true,"href":"https:\/\/www.diarioimagen.net\/index.php?rest_route=\/wp\/v2\/media\/310184"}],"wp:attachment":[{"href":"https:\/\/www.diarioimagen.net\/index.php?rest_route=%2Fwp%2Fv2%2Fmedia&parent=310109"}],"wp:term":[{"taxonomy":"category","embeddable":true,"href":"https:\/\/www.diarioimagen.net\/index.php?rest_route=%2Fwp%2Fv2%2Fcategories&post=310109"},{"taxonomy":"post_tag","embeddable":true,"href":"https:\/\/www.diarioimagen.net\/index.php?rest_route=%2Fwp%2Fv2%2Ftags&post=310109"}],"curies":[{"name":"wp","href":"https:\/\/api.w.org\/{rel}","templated":true}]}}