{"id":310116,"date":"2017-02-01T00:01:58","date_gmt":"2017-02-01T06:01:58","guid":{"rendered":"http:\/\/www.diarioimagen.net\/?p=310116"},"modified":"2017-02-01T03:45:00","modified_gmt":"2017-02-01T09:45:00","slug":"destacan-decremento-en-el-indice-delictivo-en-metepec","status":"publish","type":"post","link":"https:\/\/www.diarioimagen.net\/?p=310116","title":{"rendered":"Destacan decremento en el \u00edndice delictivo en Metepec"},"content":{"rendered":"<ul>\n<li><strong><em>Consejo Interinstitucional de Seguridad<\/em><\/strong><\/li>\n<\/ul>\n<p>&nbsp;<\/p>\n<div id=\"attachment_310194\" style=\"width: 470px\" class=\"wp-caption aligncenter\"><a href=\"http:\/\/www.diarioimagen.net\/?attachment_id=310194\" rel=\"attachment wp-att-310194\"><img loading=\"lazy\" decoding=\"async\" aria-describedby=\"caption-attachment-310194\" class=\"size-large wp-image-310194\" src=\"http:\/\/www.diarioimagen.net\/wp-content\/uploads\/2017\/02\/METEPEC-3048-460x259.jpg\" alt=\"\" width=\"460\" height=\"259\" srcset=\"https:\/\/www.diarioimagen.net\/wp-content\/uploads\/2017\/02\/METEPEC-3048-460x259.jpg 460w, https:\/\/www.diarioimagen.net\/wp-content\/uploads\/2017\/02\/METEPEC-3048-240x135.jpg 240w, https:\/\/www.diarioimagen.net\/wp-content\/uploads\/2017\/02\/METEPEC-3048-235x132.jpg 235w, https:\/\/www.diarioimagen.net\/wp-content\/uploads\/2017\/02\/METEPEC-3048-202x114.jpg 202w, https:\/\/www.diarioimagen.net\/wp-content\/uploads\/2017\/02\/METEPEC-3048-350x196.jpg 350w, https:\/\/www.diarioimagen.net\/wp-content\/uploads\/2017\/02\/METEPEC-3048-220x123.jpg 220w, https:\/\/www.diarioimagen.net\/wp-content\/uploads\/2017\/02\/METEPEC-3048-237x132.jpg 237w, https:\/\/www.diarioimagen.net\/wp-content\/uploads\/2017\/02\/METEPEC-3048.jpg 480w\" sizes=\"auto, (max-width: 460px) 100vw, 460px\" \/><\/a><p id=\"caption-attachment-310194\" class=\"wp-caption-text\">En Metepec, ahora bajo el gobierno de David L\u00f3pez C\u00e1rdenas, se redujo casi un 50 por ciento el delito de robo, en comparaci\u00f3n a 2013.<\/p><\/div>\n<p>&nbsp;<\/p>\n<p><strong>Metepec, Estado de M\u00e9xico<\/strong>.- Durante la sesi\u00f3n ordinaria del Consejo Intermunicipal de Seguridad P\u00fablica regi\u00f3n X, integrado por 9 municipios del centro de la entidad, se revel\u00f3 la reducci\u00f3n del \u00edndice delictivo en dichas demarcaciones, en comparaci\u00f3n con el primer a\u00f1o de gesti\u00f3n de las anteriores administraciones.<\/p>\n<p>En la reuni\u00f3n celebrada en Metepec, que estuvo presidida por el secretario ejecutivo del Sistema Estatal de Seguridad P\u00fablica, Mart\u00edn V\u00e1zquez P\u00e9rez, trascendi\u00f3 el comportamiento delictivo en el municipio sede y en los de Almoloya del R\u00edo, Calimaya, Chapultepec, Mexicaltzingo, Ray\u00f3n, San Antonio la Isla, Tenango del Valle y Texcalyacac, en los que se tuvo una disminuci\u00f3n en general de actos delictivos en diferentes porcentajes.<\/p>\n<p>Por lo que respecta a Metepec, representado por el alcalde David L\u00f3pez C\u00e1rdenas, se dio a conocer, entre otros datos, la deducci\u00f3n, comparativamente al a\u00f1o 2013, de casi el 50 por ciento en el delito de robo, al pasar de 2 mil 36 casos a mil 36 cometidos s\u00f3lo el a\u00f1o anterior.<\/p>\n<p>De igual forma, se registr\u00f3 una disminuci\u00f3n del 37.9 por ciento en delitos patrimoniales, con una estad\u00edstica de 559 a 347 casos, cifras similares por lo que respecta a lesiones, extorsi\u00f3n y secuestro.<\/p>\n<p>Cabe se\u00f1alar que los ayuntamientos alistan ya la revalidaci\u00f3n de los ex\u00e1menes de los elementos de la polic\u00eda en el Centro de Control de Confianza, as\u00ed como la gesti\u00f3n de recursos ante la federaci\u00f3n para el fortalecimiento de las corporaciones municipales.<\/p>\n<p>Para el gobierno de Metepec, la seguridad p\u00fablica representa una de las prioridades por lo que, destac\u00f3 el edil, David L\u00f3pez, habr\u00e1n de seguir invirtiendo en equipamiento y sobre todo en programas de prevenci\u00f3n y capacitaci\u00f3n permanente de sus elementos.<\/p>\n<p>&nbsp;<\/p>\n","protected":false},"excerpt":{"rendered":"<p>Durante la sesi\u00f3n ordinaria del Consejo Intermunicipal de Seguridad P\u00fablica regi\u00f3n X, integrado por 9 municipios del centro de la entidad, se revel\u00f3 la reducci\u00f3n del \u00edndice delictivo en dichas demarcaciones, en comparaci\u00f3n con el primer a\u00f1o de gesti\u00f3n de las anteriores administraciones.<\/p>\n","protected":false},"author":3,"featured_media":310194,"comment_status":"open","ping_status":"open","sticky":false,"template":"","format":"standard","meta":{"_monsterinsights_skip_tracking":false,"_monsterinsights_sitenote_active":false,"_monsterinsights_sitenote_note":"","_monsterinsights_sitenote_category":0,"footnotes":""},"categories":[35155],"tags":[57291,43675,34587,876],"class_list":["post-310116","post","type-post","status-publish","format-standard","has-post-thumbnail","hentry","category-estado-de-mexico-estado-de-mexico","tag-consejo-intermunicipal-de-seguridad-publica","tag-estado-de-mexico","tag-indice-delictivo","tag-metepec"],"_links":{"self":[{"href":"https:\/\/www.diarioimagen.net\/index.php?rest_route=\/wp\/v2\/posts\/310116","targetHints":{"allow":["GET"]}}],"collection":[{"href":"https:\/\/www.diarioimagen.net\/index.php?rest_route=\/wp\/v2\/posts"}],"about":[{"href":"https:\/\/www.diarioimagen.net\/index.php?rest_route=\/wp\/v2\/types\/post"}],"author":[{"embeddable":true,"href":"https:\/\/www.diarioimagen.net\/index.php?rest_route=\/wp\/v2\/users\/3"}],"replies":[{"embeddable":true,"href":"https:\/\/www.diarioimagen.net\/index.php?rest_route=%2Fwp%2Fv2%2Fcomments&post=310116"}],"version-history":[{"count":0,"href":"https:\/\/www.diarioimagen.net\/index.php?rest_route=\/wp\/v2\/posts\/310116\/revisions"}],"wp:featuredmedia":[{"embeddable":true,"href":"https:\/\/www.diarioimagen.net\/index.php?rest_route=\/wp\/v2\/media\/310194"}],"wp:attachment":[{"href":"https:\/\/www.diarioimagen.net\/index.php?rest_route=%2Fwp%2Fv2%2Fmedia&parent=310116"}],"wp:term":[{"taxonomy":"category","embeddable":true,"href":"https:\/\/www.diarioimagen.net\/index.php?rest_route=%2Fwp%2Fv2%2Fcategories&post=310116"},{"taxonomy":"post_tag","embeddable":true,"href":"https:\/\/www.diarioimagen.net\/index.php?rest_route=%2Fwp%2Fv2%2Ftags&post=310116"}],"curies":[{"name":"wp","href":"https:\/\/api.w.org\/{rel}","templated":true}]}}